{"id":4288,"date":"2025-05-19T05:58:00","date_gmt":"2025-05-19T08:58:00","guid":{"rendered":"https:\/\/www.enorsai.com\/noticias\/?p=4288"},"modified":"2025-05-19T05:58:00","modified_gmt":"2025-05-19T08:58:00","slug":"el-peronismo-tendra-el-bloque-mas-numeroso-de-la-legislatura-portena","status":"publish","type":"post","link":"https:\/\/www.enorsai.com\/noticias\/politica\/el-peronismo-tendra-el-bloque-mas-numeroso-de-la-legislatura-portena\/","title":{"rendered":"El peronismo tendr\u00e1 el bloque m\u00e1s numeroso de la Legislatura porte\u00f1a"},"content":{"rendered":"\n<p><strong>El peronismo consolida su peso en la Legislatura porte\u00f1a y retiene la primera minor\u00eda<\/strong>. Te contamos como quedar\u00e1 constituida la asamblea. <\/p>\n\n\n\n<p>Aunque Uni\u00f3n por la Patria no se alz\u00f3 con la victoria en la Ciudad Aut\u00f3noma de Buenos Aires, el resultado electoral dej\u00f3 una se\u00f1al clara: el peronismo mantiene capacidad de acumulaci\u00f3n institucional en territorio adverso. Pese al segundo puesto en la contienda, el espacio conservar\u00e1 la primera minor\u00eda en la Legislatura porte\u00f1a y, lejos de retroceder, incrementar\u00e1 su representaci\u00f3n parlamentaria. Actualmente con 18 bancas, a partir de diciembre sumar\u00e1 dos m\u00e1s y alcanzar\u00e1 las 20, lo que equivale al control de un tercio de la C\u00e1mara. Esta posici\u00f3n le otorga una capacidad de negociaci\u00f3n clave frente a una oposici\u00f3n fragmentada y sin mayor\u00eda propia.<\/p>\n\n\n\n<p>Por el lado de La Libertad Avanza, el fen\u00f3meno Milei tambi\u00e9n tuvo su correlato legislativo. Si bien arriesgaba 6 de sus 8 bancas, logr\u00f3 sumar 5 nuevos esca\u00f1os gracias al 30% de los votos obtenidos en estos comicios, quedando con un bloque de 13 legisladores. Se trata de un crecimiento significativo, pero que a\u00fan no le alcanza para disputar el control del recinto ni imponer agenda sin alianzas.<\/p>\n\n\n\n<p>En tanto, el bloque Vamos por M\u00e1s, integrado por referentes del PRO y aliados del oficialismo saliente, atraviesa una situaci\u00f3n de reconfiguraci\u00f3n interna tras la fractura pol\u00edtica entre Horacio Rodr\u00edguez Larreta y el ala dura del macrismo. Actualmente cuenta con 12 legisladores y pon\u00eda en juego 6 bancas. Los resultados preliminares indican que el PRO podr\u00eda retener 10 de esas bancas, mientras que el sector alineado al ex jefe de Gobierno conformar\u00eda un nuevo subbloque con 5 integrantes. Esta fragmentaci\u00f3n no s\u00f3lo debilita su capacidad de influencia, sino que tambi\u00e9n refleja el ocaso de un modelo de gesti\u00f3n que durante m\u00e1s de 15 a\u00f1os gobern\u00f3 la Ciudad con comodidad.<\/p>\n\n\n\n<p>La Uni\u00f3n C\u00edvica Radical, por su parte, sufrir\u00e1 una merma considerable: pasar\u00e1 de 8 a 5 bancas, evidenciando su p\u00e9rdida de gravitaci\u00f3n tanto dentro de Juntos por el Cambio como en el electorado porte\u00f1o. La izquierda, hist\u00f3ricamente sostenida en la defensa de causas populares y con presencia en las calles, tambi\u00e9n retrocede: de sus actuales 3 bancas conservar\u00e1 apenas 2.<\/p>\n\n\n\n<p>Este nuevo mapa legislativo deja un escenario m\u00e1s fragmentado, donde ninguna fuerza cuenta con mayor\u00eda absoluta y los consensos ser\u00e1n m\u00e1s necesarios que nunca. Uni\u00f3n por la Patria, desde su posici\u00f3n de primera minor\u00eda, se encuentra en una situaci\u00f3n estrat\u00e9gica para incidir en la agenda parlamentaria y condicionar las iniciativas del oficialismo. La clave estar\u00e1 en c\u00f3mo articula alianzas y capitaliza pol\u00edticamente su lugar para disputar sentido y poder en la Ciudad.<\/p>\n","protected":false},"excerpt":{"rendered":"<p>El peronismo consolida su peso en la Legislatura porte\u00f1a y retiene la primera minor\u00eda. Te contamos como quedar\u00e1 constituida la asamblea. Aunque Uni\u00f3n por la Patria no se alz\u00f3 con la victoria en la Ciudad Aut\u00f3noma de Buenos Aires, el resultado electoral dej\u00f3 una se\u00f1al clara: el peronismo mantiene capacidad de acumulaci\u00f3n institucional en territorio&#8230;<\/p>\n","protected":false},"author":1,"featured_media":4289,"comment_status":"open","ping_status":"open","sticky":false,"template":"","format":"standard","meta":{"_monsterinsights_skip_tracking":false,"_monsterinsights_sitenote_active":false,"_monsterinsights_sitenote_note":"","_monsterinsights_sitenote_category":0,"footnotes":"","jetpack_publicize_message":"","jetpack_publicize_feature_enabled":true,"jetpack_social_post_already_shared":true,"jetpack_social_options":{"image_generator_settings":{"template":"highway","default_image_id":0,"font":"","enabled":false},"version":2}},"categories":[2],"tags":[585,1411,363,802],"class_list":["post-4288","post","type-post","status-publish","format-standard","has-post-thumbnail","hentry","category-politica","tag-caba","tag-elecciones-2025","tag-peronismo","tag-santoro"],"jetpack_publicize_connections":[],"_links":{"self":[{"href":"https:\/\/www.enorsai.com\/noticias\/wp-json\/wp\/v2\/posts\/4288","targetHints":{"allow":["GET"]}}],"collection":[{"href":"https:\/\/www.enorsai.com\/noticias\/wp-json\/wp\/v2\/posts"}],"about":[{"href":"https:\/\/www.enorsai.com\/noticias\/wp-json\/wp\/v2\/types\/post"}],"author":[{"embeddable":true,"href":"https:\/\/www.enorsai.com\/noticias\/wp-json\/wp\/v2\/users\/1"}],"replies":[{"embeddable":true,"href":"https:\/\/www.enorsai.com\/noticias\/wp-json\/wp\/v2\/comments?post=4288"}],"version-history":[{"count":1,"href":"https:\/\/www.enorsai.com\/noticias\/wp-json\/wp\/v2\/posts\/4288\/revisions"}],"predecessor-version":[{"id":4290,"href":"https:\/\/www.enorsai.com\/noticias\/wp-json\/wp\/v2\/posts\/4288\/revisions\/4290"}],"wp:featuredmedia":[{"embeddable":true,"href":"https:\/\/www.enorsai.com\/noticias\/wp-json\/wp\/v2\/media\/4289"}],"wp:attachment":[{"href":"https:\/\/www.enorsai.com\/noticias\/wp-json\/wp\/v2\/media?parent=4288"}],"wp:term":[{"taxonomy":"category","embeddable":true,"href":"https:\/\/www.enorsai.com\/noticias\/wp-json\/wp\/v2\/categories?post=4288"},{"taxonomy":"post_tag","embeddable":true,"href":"https:\/\/www.enorsai.com\/noticias\/wp-json\/wp\/v2\/tags?post=4288"}],"curies":[{"name":"wp","href":"https:\/\/api.w.org\/{rel}","templated":true}]}}