{"id":4280,"date":"2025-05-18T21:38:32","date_gmt":"2025-05-19T00:38:32","guid":{"rendered":"https:\/\/www.enorsai.com\/noticias\/?p=4280"},"modified":"2025-05-18T21:38:32","modified_gmt":"2025-05-19T00:38:32","slug":"buenos-aires-voto-el-pro-tuvo-su-peor-resultado-en-dos-decadas-y-quedo-al-borde-de-su-disolucion","status":"publish","type":"post","link":"https:\/\/www.enorsai.com\/noticias\/politica\/buenos-aires-voto-el-pro-tuvo-su-peor-resultado-en-dos-decadas-y-quedo-al-borde-de-su-disolucion\/","title":{"rendered":"Buenos Aires vot\u00f3: El PRO tuvo su peor resultado en dos d\u00e9cadas y qued\u00f3 al borde de su disoluci\u00f3n"},"content":{"rendered":"\n<p><strong><em>Manuel Adorni, vocero presidencial y candidato de La Libertad Avanza, se impuso en las elecciones legislativas de la Ciudad de Buenos Aires con el 30,14% de los votos, relegando al PRO al tercer lugar en su peor resultado en dos d\u00e9cadas.<\/em><\/strong><\/p>\n\n\n\n<p>La elecci\u00f3n legislativa porte\u00f1a de 2025 marc\u00f3 un hito pol\u00edtico: el PRO, tras 18 a\u00f1os de hegemon\u00eda, fue desplazado por La Libertad Avanza, consolidando el avance del proyecto libertario de Javier Milei en la capital del pa\u00eds.<\/p>\n\n\n\n<p>El domingo 18 de mayo de 2025, la Ciudad Aut\u00f3noma de Buenos Aires fue escenario de una elecci\u00f3n legislativa que redefini\u00f3 el mapa pol\u00edtico porte\u00f1o. Con el 98,66% de las mesas escrutadas, Manuel Adorni, candidato de La Libertad Avanza (LLA) y vocero presidencial, obtuvo el 30,14% de los votos, superando a Leandro Santoro de Ahora Buenos Aires, quien alcanz\u00f3 el 27,34%. Silvia Lospennato, representante del PRO, qued\u00f3 en un distante tercer lugar con el 15,93%, marcando el peor desempe\u00f1o del partido en las \u00faltimas dos d\u00e9cadas. <\/p>\n\n\n\n<p>La jornada electoral estuvo marcada por una baja participaci\u00f3n ciudadana, con solo el 53,27% del padr\u00f3n emitiendo su voto, una ca\u00edda de m\u00e1s de 20 puntos respecto a las elecciones generales de 2023. Este descenso en la participaci\u00f3n refleja un creciente desencanto y apat\u00eda pol\u00edtica entre los porte\u00f1os, quienes parecen buscar nuevas alternativas frente a las propuestas tradicionales.<\/p>\n\n\n\n<p>El triunfo de Adorni no solo representa una victoria para La Libertad Avanza, sino tambi\u00e9n un respaldo al gobierno nacional de Javier Milei, quien ha promovido una agenda econ\u00f3mica de ajuste y liberalizaci\u00f3n. El presidente celebr\u00f3 el resultado como una se\u00f1al de apoyo a sus pol\u00edticas, afirmando que \u00abse pint\u00f3 de violeta el basti\u00f3n amarillo\u00bb, en referencia al hist\u00f3rico dominio del PRO en la ciudad. <\/p>\n\n\n\n<p>Leandro Santoro, por su parte, interpret\u00f3 el resultado como el fin de un ciclo pol\u00edtico en la ciudad, se\u00f1alando que \u00abse ha cerrado un ciclo del abandono\u00bb y que el PRO \u00abdej\u00f3 de representar a los porte\u00f1os\u00bb. Su desempe\u00f1o, aunque no suficiente para ganar, consolid\u00f3 a Ahora Buenos Aires como una fuerza relevante en el escenario porte\u00f1o.<\/p>\n\n\n\n<p>El PRO, fundado por Mauricio Macri y gobernante de la ciudad desde 2007, enfrenta ahora una crisis de identidad y liderazgo. La derrota de Lospennato, sumada a la baja performance de Horacio Rodr\u00edguez Larreta con su lista \u00abVolvamos Buenos Aires\u00bb (8,08%), evidencia una fragmentaci\u00f3n interna y una p\u00e9rdida de conexi\u00f3n con el electorado capitalino.<\/p>\n\n\n\n<p>La campa\u00f1a electoral no estuvo exenta de controversias. En los d\u00edas previos a la elecci\u00f3n, se viraliz\u00f3 un video falso que mostraba a Mauricio Macri retirando su apoyo a Lospennato y respaldando a Adorni. La pieza, generada con inteligencia artificial, fue difundida por cuentas asociadas a La Libertad Avanza y gener\u00f3 denuncias por parte del PRO ante la justicia electoral. Aunque las autoridades actuaron para remover el contenido, el incidente tens\u00f3 a\u00fan m\u00e1s las relaciones entre los espacios pol\u00edticos. (<a href=\"https:\/\/www.mdzol.com\/politica\/2025\/5\/18\/elecciones-en-caba-adorni-gano-santoro-segundo-el-pro-tercero-en-su-peor-derrota-en-20-anos-1210284-amp.html?utm_source=chatgpt.com\">MdzOnline<\/a>)<\/p>\n\n\n\n<p>Este episodio refleja una campa\u00f1a marcada por la desinformaci\u00f3n y las operaciones digitales, donde las redes sociales jugaron un papel central en la construcci\u00f3n de narrativas y la influencia sobre el electorado. La utilizaci\u00f3n de herramientas tecnol\u00f3gicas para manipular la opini\u00f3n p\u00fablica plantea desaf\u00edos \u00e9ticos y legales que deber\u00e1n ser abordados en futuras contiendas electorales.<\/p>\n\n\n\n<p>El ascenso de La Libertad Avanza en la ciudad de Buenos Aires plantea interrogantes sobre el futuro pol\u00edtico del pa\u00eds. \u00bfEstamos ante una reconfiguraci\u00f3n del espectro ideol\u00f3gico, donde las propuestas libertarias ganan terreno frente a las tradicionales? \u00bfO se trata de un voto castigo hacia las fuerzas establecidas, en busca de alternativas que respondan a las demandas sociales y econ\u00f3micas actuales?<\/p>\n\n\n\n<p>Lo cierto es que el resultado en la capital no puede analizarse de manera aislada. Es un reflejo de un clima de \u00e9poca, donde el desencanto con la pol\u00edtica tradicional, la crisis econ\u00f3mica y la b\u00fasqueda de nuevas respuestas configuran un escenario vol\u00e1til y en constante transformaci\u00f3n.<\/p>\n\n\n\n<p>En este contexto, el gobierno de Javier Milei capitaliza el descontento y presenta su proyecto como una ruptura con el pasado. Sin embargo, las pol\u00edticas de ajuste y liberalizaci\u00f3n econ\u00f3mica tambi\u00e9n generan tensiones y resistencias, especialmente entre los sectores m\u00e1s vulnerables. La consolidaci\u00f3n de su poder depender\u00e1 de su capacidad para equilibrar las demandas sociales con su agenda reformista.<\/p>\n\n\n\n<p>Por su parte, las fuerzas tradicionales como el PRO y el peronismo deber\u00e1n repensar sus estrategias y propuestas para reconectar con un electorado que demanda cambios concretos y soluciones efectivas a los problemas cotidianos. La renovaci\u00f3n de liderazgos y la apertura a nuevas ideas ser\u00e1n claves para su supervivencia pol\u00edtica.<\/p>\n\n\n\n<p>El corrimiento silencioso \u2014pero sistem\u00e1tico\u2014 de los cuadros pol\u00edticos m\u00e1s relevantes del PRO hacia las filas de La Libertad Avanza no es solo una jugada t\u00e1ctica coyuntural: es la confirmaci\u00f3n de un viraje ideol\u00f3gico que desdibuja los l\u00edmites entre el neoliberalismo cl\u00e1sico y su versi\u00f3n m\u00e1s extrema y autoritaria. Militantes y dirigentes macristas empiezan a coquetear con un proyecto que desprecia la mediaci\u00f3n institucional, demoniza lo p\u00fablico y apunta a una concentraci\u00f3n brutal del poder econ\u00f3mico. Esta fusi\u00f3n no solo pulveriza cualquier ilusi\u00f3n de \u201ccentro liberal\u201d en la pol\u00edtica porte\u00f1a, sino que deja al electorado atrapado entre la demagogia libertaria y una oposici\u00f3n fragmentada, carente de estructura y narrativa potente. El PRO no se est\u00e1 desarmando: se est\u00e1 diluyendo en la l\u00f3gica darwinista del mile\u00edsmo, entregando su capital pol\u00edtico al altar del ajuste y la obediencia tecnocr\u00e1tica.<\/p>\n\n\n\n<p>En conclusi\u00f3n, las elecciones legislativas de 2025 en la Ciudad de Buenos Aires marcaron un punto de inflexi\u00f3n en la pol\u00edtica argentina. La ca\u00edda del PRO en su basti\u00f3n hist\u00f3rico, el ascenso de La Libertad Avanza y la consolidaci\u00f3n de nuevas fuerzas reflejan un cambio de paradigma que redefine el mapa pol\u00edtico y plantea desaf\u00edos para todos los actores involucrados.<\/p>\n\n\n\n<p>Fuente:<\/p>\n\n\n\n<ul class=\"wp-block-list\">\n<li><a href=\"https:\/\/noticiasargentinas.com\/politica\/--elecciones-caba-2025-en-vivo--gano-manuel-adorni--leandro-santoro-segundo-y-silvia-lospennato-tercera_a6829ad741de27b7fd4ee27f9\">https:\/\/noticiasargentinas.com\/politica\/&#8211;elecciones-caba-2025-en-vivo&#8211;gano-manuel-adorni&#8211;leandro-santoro-segundo-y-silvia-lospennato-tercera_a6829ad741de27b7fd4ee27f9<\/a><\/li>\n\n\n\n<li><a href=\"https:\/\/www.pagina12.com.ar\/826496-elecciones-2025-en-caba-hoy-los-candidatos-las-declaraciones\">https:\/\/www.pagina12.com.ar\/826496-elecciones-2025-en-caba-hoy-los-candidatos-las-declaraciones<\/a><\/li>\n<\/ul>\n","protected":false},"excerpt":{"rendered":"<p>Las elecciones legislativas de 2025 en Buenos Aires marcaron el fin de la hegemon\u00eda del PRO, con La Libertad Avanza liderando los comicios. La baja participaci\u00f3n y el uso de desinformaci\u00f3n digital reflejan un electorado desencantado y un escenario pol\u00edtico en transformaci\u00f3n.<\/p>\n","protected":false},"author":1,"featured_media":4281,"comment_status":"open","ping_status":"open","sticky":false,"template":"","format":"standard","meta":{"_monsterinsights_skip_tracking":false,"_monsterinsights_sitenote_active":false,"_monsterinsights_sitenote_note":"","_monsterinsights_sitenote_category":0,"footnotes":"","jetpack_publicize_message":"\ud83d\uddf3\ufe0f \u00a1Hist\u00f3rico! La Ciudad de Buenos Aires cambia de color pol\u00edtico: La Libertad Avanza desplaza al PRO tras 18 a\u00f1os. \u00bfQu\u00e9 significa este giro para el futuro del pa\u00eds? Desc\u00fabrelo en nuestro an\u00e1lisis completo. ","jetpack_publicize_feature_enabled":true,"jetpack_social_post_already_shared":false,"jetpack_social_options":{"image_generator_settings":{"template":"highway","enabled":false},"version":2}},"categories":[2],"tags":[880,133,999,190,1464,1417,45,1465,616,802],"class_list":["post-4280","post","type-post","status-publish","format-standard","has-post-thumbnail","hentry","category-politica","tag-adorni","tag-buenosaires","tag-desinformacion","tag-elecciones","tag-lalibertadavanza","tag-legislativas","tag-milei","tag-participacion","tag-pro","tag-santoro"],"jetpack_publicize_connections":[],"_links":{"self":[{"href":"https:\/\/www.enorsai.com\/noticias\/wp-json\/wp\/v2\/posts\/4280","targetHints":{"allow":["GET"]}}],"collection":[{"href":"https:\/\/www.enorsai.com\/noticias\/wp-json\/wp\/v2\/posts"}],"about":[{"href":"https:\/\/www.enorsai.com\/noticias\/wp-json\/wp\/v2\/types\/post"}],"author":[{"embeddable":true,"href":"https:\/\/www.enorsai.com\/noticias\/wp-json\/wp\/v2\/users\/1"}],"replies":[{"embeddable":true,"href":"https:\/\/www.enorsai.com\/noticias\/wp-json\/wp\/v2\/comments?post=4280"}],"version-history":[{"count":1,"href":"https:\/\/www.enorsai.com\/noticias\/wp-json\/wp\/v2\/posts\/4280\/revisions"}],"predecessor-version":[{"id":4282,"href":"https:\/\/www.enorsai.com\/noticias\/wp-json\/wp\/v2\/posts\/4280\/revisions\/4282"}],"wp:featuredmedia":[{"embeddable":true,"href":"https:\/\/www.enorsai.com\/noticias\/wp-json\/wp\/v2\/media\/4281"}],"wp:attachment":[{"href":"https:\/\/www.enorsai.com\/noticias\/wp-json\/wp\/v2\/media?parent=4280"}],"wp:term":[{"taxonomy":"category","embeddable":true,"href":"https:\/\/www.enorsai.com\/noticias\/wp-json\/wp\/v2\/categories?post=4280"},{"taxonomy":"post_tag","embeddable":true,"href":"https:\/\/www.enorsai.com\/noticias\/wp-json\/wp\/v2\/tags?post=4280"}],"curies":[{"name":"wp","href":"https:\/\/api.w.org\/{rel}","templated":true}]}}