{"id":428,"date":"2025-01-31T17:22:42","date_gmt":"2025-01-31T17:22:42","guid":{"rendered":"https:\/\/www.enorsai.com\/noticias\/?p=428"},"modified":"2025-01-31T17:22:42","modified_gmt":"2025-01-31T17:22:42","slug":"de-la-democracia-a-la-tirania-como-el-gobierno-de-milei-desmantela-derechos-y-profundiza-la-pobreza-en-argentina","status":"publish","type":"post","link":"https:\/\/www.enorsai.com\/noticias\/sociedad\/de-la-democracia-a-la-tirania-como-el-gobierno-de-milei-desmantela-derechos-y-profundiza-la-pobreza-en-argentina\/","title":{"rendered":"De la democracia a la tiran\u00eda: c\u00f3mo el gobierno de Milei desmantela derechos y profundiza la pobreza en Argentina"},"content":{"rendered":"\n<p><\/p>\n\n\n\n<h3 class=\"wp-block-heading\"><br><em><strong>Rodolfo Aguiar, secretario general de ATE, advierte sobre el giro autoritario del gobierno y el desmantelamiento de pol\u00edticas p\u00fablicas clave. \u00abEstamos frente a una tiran\u00eda\u00bb, asegura.<\/strong><\/em><\/h3>\n\n\n\n<p><br>En una entrevista radial en\u00a0<em>Delta &#8211; El Disparador<\/em>, Rodolfo Aguiar, l\u00edder de ATE, critic\u00f3 duramente al gobierno de Javier Milei por su giro autoritario, el desmantelamiento de pol\u00edticas p\u00fablicas y el aumento de la pobreza. \u00abEl gobierno fue elegido por el voto popular, pero se est\u00e1 transformando en una tiran\u00eda\u00bb, sentenci\u00f3.<\/p>\n\n\n\n<p><br>El gobierno de Javier Milei, electo en diciembre de 2023, est\u00e1 lejos de cumplir con las promesas de prosperidad y libertad que esgrimi\u00f3 durante su campa\u00f1a. Por el contrario, seg\u00fan denuncia Rodolfo Aguiar, secretario general de la Asociaci\u00f3n de Trabajadores del Estado (ATE), el mandatario est\u00e1 llevando al pa\u00eds hacia un escenario de tiran\u00eda y desmantelamiento sistem\u00e1tico de las pol\u00edticas p\u00fablicas. \u00abEstamos frente a un gobierno que fue elegido por el voto popular, pero se est\u00e1 transformando en una tiran\u00eda. Todos estamos en peligro en este momento\u00bb, afirm\u00f3 Aguiar en una entrevista radial en\u00a0<em>Delta &#8211; El Disparador<\/em>.<\/p>\n\n\n\n<p>Aguiar no solo critic\u00f3 el giro autoritario del gobierno, sino tambi\u00e9n su falta de empat\u00eda con las problem\u00e1ticas sociales. \u00abTenemos que repudiar los dichos violentos del presidente Javier Milei, expresiones que no se corresponden con un primer mandatario. Demostraron falta de conocimiento, prejuicios, perspectivas anti derechos y discriminatorias que tiene el gobierno\u00bb, se\u00f1al\u00f3. Adem\u00e1s, destac\u00f3 que en lo que va del a\u00f1o se registraron 269 muertes violentas, de las cuales 255 fueron femicidios. \u00ab168 ni\u00f1os, ni\u00f1as y adolescentes se quedaron sin madre. Las mujeres siguen ganando un 27% menos que los hombres en sus trabajos. Son n\u00fameros que preocupan y que el gobierno oculta o decide desconocer\u00bb, agreg\u00f3.<\/p>\n\n\n\n<p>El l\u00edder sindical tambi\u00e9n cuestion\u00f3 el desmantelamiento de las pol\u00edticas p\u00fablicas implementadas en gobiernos anteriores. \u00abNo fueron un fracaso, todas las pol\u00edticas p\u00fablicas est\u00e1n orientadas al bienestar general, cosa que no est\u00e1 ocurriendo ahora. Cada puesto de empleo que se destruye en el Estado es una pol\u00edtica p\u00fablica que se desmantela y un derecho que pierde la sociedad\u00bb, afirm\u00f3. Aguiar record\u00f3 que, durante el gobierno de Mauricio Macri, se despidieron 40 mil estatales gracias a la precarizaci\u00f3n laboral heredada del gobierno anterior. \u00abAhora, este gobierno despide trabajadores del Estado y lo puede hacer porque Alberto Fern\u00e1ndez se fue dejando 70 mil trabajadores precarizados\u00bb, sostuvo.<\/p>\n\n\n\n<p>En cuanto a la situaci\u00f3n econ\u00f3mica, Aguiar fue contundente: \u00abHay un relato oficial que no tiene nada que ver con la vida real de la gente. \u00bfEn serio van a creer que est\u00e1 bajando la pobreza o que crece la econom\u00eda? Es mentira\u00bb. El secretario general de ATE destac\u00f3 que, seg\u00fan datos de la UCA y la CELAC, el 73% de la poblaci\u00f3n argentina est\u00e1 sumida en la pobreza. \u00abAl 55% que mide la UCA, hay que sumar la novedad de la CELAC diciendo que 55% son pobres que no garantizan 1 mill\u00f3n por mes en un hogar familia tipo. Pero \u00bfqu\u00e9 ocurre con los que perciben 1 mill\u00f3n 30 mil? \u00bfNo es pobre?\u00bb, cuestion\u00f3.<\/p>\n\n\n\n<p>Aguiar tambi\u00e9n critic\u00f3 la concentraci\u00f3n de riqueza en sectores espec\u00edficos. \u00abEst\u00e1 claro qui\u00e9nes ganan y qui\u00e9nes pierden con Milei. Ganaron solo hidrocarburos, petr\u00f3leo, gas, telecomunicaciones, laboratorios y alimenticias. La sociedad est\u00e1 advirtiendo el enga\u00f1o, hay una clase media que est\u00e1 desapareciendo y est\u00e1 en la caravana a su propio entierro\u00bb, afirm\u00f3.<\/p>\n\n\n\n<p>Frente a este escenario, Aguiar llam\u00f3 a la unidad y a la resistencia. \u00abHay que conformar un gran frente y una coalici\u00f3n con todos aquellos que entiendan que hay que ponerle l\u00edmites a este gobierno. Si no le ponemos un freno a Milei, va a ser demasiado tarde\u00bb, advirti\u00f3. Adem\u00e1s, reivindic\u00f3 el rol aut\u00f3nomo de los sindicatos: \u00abNo me ponga a m\u00ed dentro del sindicalismo que su funci\u00f3n se reduce en apoyar candidaturas pol\u00edticas. A m\u00ed me va a encontrar siempre planteando autonom\u00eda. El sindicato es una estructura que no se subordina a ning\u00fan partido\u00bb.<\/p>\n\n\n\n<p>En conclusi\u00f3n, Aguiar no solo denunci\u00f3 el giro autoritario del gobierno de Milei, sino tambi\u00e9n su impacto devastador en la econom\u00eda, el empleo y los derechos sociales. \u00abCuando esta crisis profunda se haya superado y este gobierno se haya ido, nos va a quedar un Estado m\u00ednimo y un tejido social y productivo totalmente resquebrajado\u00bb, sentenci\u00f3.<\/p>\n\n\n\n<hr class=\"wp-block-separator has-alpha-channel-opacity\"\/>\n","protected":false},"excerpt":{"rendered":"<p>Rodolfo Aguiar, secretario general de ATE, advierte sobre el giro autoritario del gobierno y el desmantelamiento de pol\u00edticas p\u00fablicas clave. \u00abEstamos frente a una tiran\u00eda\u00bb, asegura. En una entrevista radial en\u00a0Delta &#8211; El Disparador, Rodolfo Aguiar, l\u00edder de ATE, critic\u00f3 duramente al gobierno de Javier Milei por su giro autoritario, el desmantelamiento de pol\u00edticas p\u00fablicas&#8230;<\/p>\n","protected":false},"author":4,"featured_media":429,"comment_status":"open","ping_status":"open","sticky":false,"template":"","format":"standard","meta":{"_monsterinsights_skip_tracking":false,"_monsterinsights_sitenote_active":false,"_monsterinsights_sitenote_note":"","_monsterinsights_sitenote_category":0,"footnotes":"","jetpack_publicize_message":"","jetpack_publicize_feature_enabled":true,"jetpack_social_post_already_shared":true,"jetpack_social_options":{"image_generator_settings":{"template":"highway","default_image_id":0,"font":"","enabled":false},"version":2}},"categories":[4],"tags":[93,107,108,106,109,105],"class_list":["post-428","post","type-post","status-publish","format-standard","has-post-thumbnail","hentry","category-sociedad","tag-argentina","tag-ate-y-sindicalismo","tag-desmantelamiento-del-estado","tag-javier-milei","tag-marcha-federal-y-protestas","tag-pobreza-en-argentina"],"jetpack_publicize_connections":[],"_links":{"self":[{"href":"https:\/\/www.enorsai.com\/noticias\/wp-json\/wp\/v2\/posts\/428","targetHints":{"allow":["GET"]}}],"collection":[{"href":"https:\/\/www.enorsai.com\/noticias\/wp-json\/wp\/v2\/posts"}],"about":[{"href":"https:\/\/www.enorsai.com\/noticias\/wp-json\/wp\/v2\/types\/post"}],"author":[{"embeddable":true,"href":"https:\/\/www.enorsai.com\/noticias\/wp-json\/wp\/v2\/users\/4"}],"replies":[{"embeddable":true,"href":"https:\/\/www.enorsai.com\/noticias\/wp-json\/wp\/v2\/comments?post=428"}],"version-history":[{"count":1,"href":"https:\/\/www.enorsai.com\/noticias\/wp-json\/wp\/v2\/posts\/428\/revisions"}],"predecessor-version":[{"id":430,"href":"https:\/\/www.enorsai.com\/noticias\/wp-json\/wp\/v2\/posts\/428\/revisions\/430"}],"wp:featuredmedia":[{"embeddable":true,"href":"https:\/\/www.enorsai.com\/noticias\/wp-json\/wp\/v2\/media\/429"}],"wp:attachment":[{"href":"https:\/\/www.enorsai.com\/noticias\/wp-json\/wp\/v2\/media?parent=428"}],"wp:term":[{"taxonomy":"category","embeddable":true,"href":"https:\/\/www.enorsai.com\/noticias\/wp-json\/wp\/v2\/categories?post=428"},{"taxonomy":"post_tag","embeddable":true,"href":"https:\/\/www.enorsai.com\/noticias\/wp-json\/wp\/v2\/tags?post=428"}],"curies":[{"name":"wp","href":"https:\/\/api.w.org\/{rel}","templated":true}]}}