{"id":4259,"date":"2025-05-18T07:51:12","date_gmt":"2025-05-18T10:51:12","guid":{"rendered":"http:\/\/www.enorsai.com\/noticias\/?p=4259"},"modified":"2025-05-18T07:51:12","modified_gmt":"2025-05-18T10:51:12","slug":"portenos-truchos-los-candidatos-del-pro-que-no-pueden-votar-donde-se-candidatean","status":"publish","type":"post","link":"https:\/\/www.enorsai.com\/noticias\/politica\/portenos-truchos-los-candidatos-del-pro-que-no-pueden-votar-donde-se-candidatean\/","title":{"rendered":"Porte\u00f1os Truchos: Los candidatos del PRO que no pueden votar donde se candidatean"},"content":{"rendered":"\n<p><strong><em>Silvia Lospennato y Hern\u00e1n Lombardi, cabezas de lista del PRO en la Ciudad de Buenos Aires, no podr\u00e1n votar en las elecciones legislativas: siguen figurando en el padr\u00f3n de la provincia de Buenos Aires. \u00bfSon porte\u00f1os de ocasi\u00f3n o simplemente oportunistas seriales?<\/em><\/strong><\/p>\n\n\n\n<p>(Por Walter Onorato) En una muestra de torpeza pol\u00edtica, desprolijidad administrativa o simplemente oportunismo puro, los dos principales candidatos del PRO en la Ciudad de Buenos Aires <strong>no podr\u00e1n votar en la elecci\u00f3n porte\u00f1a<\/strong>. Silvia Lospennato y Hern\u00e1n Lombardi, que encabezan la lista de legisladores de Juntos por el Cambio, <strong>no tienen domicilio registrado en CABA<\/strong>. Ambos figuran a\u00fan en la provincia de Buenos Aires, donde ejercen sus bancas actuales.<\/p>\n\n\n\n<p>El hecho, m\u00e1s que anecd\u00f3tico, <strong>deja al desnudo una l\u00f3gica de reciclaje pol\u00edtico que roza el cinismo<\/strong>. Cambian de distrito como quien cambia de remera. Se presentan como vecinos de Villa Urquiza o Caballito, pero no figuran en los padrones. Hablan de representar a los porte\u00f1os, pero no tienen ni el derecho de meter su sobre en la urna.<\/p>\n\n\n\n<p><\/p>\n\n\n\n<h3 class=\"wp-block-heading\">Porte\u00f1os de cart\u00f3n<\/h3>\n\n\n\n<p>Lospennato, que se autopresenta como \u201cvecina de Villa Urquiza\u201d, es en realidad diputada nacional por la provincia de Buenos Aires. Su nombre, durante a\u00f1os, estuvo asociado al armado bonaerense del PRO. Para presentarse en la Ciudad, <strong>tuvo que renunciar a su cargo en la mesa ejecutiva del PRO bonaerense<\/strong>. En su declaraci\u00f3n jurada, aclara que tiene propiedades en CABA \u2014dos departamentos y una casa\u2014, pero eso no basta: lo que cuenta es el domicilio electoral, y ah\u00ed perdi\u00f3.<\/p>\n\n\n\n<p>Lombardi tampoco zaf\u00f3. Es diputado nacional por la provincia desde 2021, en la lista de Diego Santilli. Intent\u00f3 cambiar su domicilio, al igual que Lospennato, pero no lleg\u00f3 con los tiempos legales. La C\u00e1mara Nacional Electoral fue clara: <strong>el cierre del padr\u00f3n fue en abril, y nadie puede colarse despu\u00e9s por m\u00e1s recursos que presente<\/strong>.<\/p>\n\n\n\n<p>El resultado de esta desprolijidad pol\u00edtica es grotesco: <strong>los dos principales candidatos no podr\u00e1n tener la cl\u00e1sica foto en el cuarto oscuro<\/strong>, ese momento de alto simbolismo democr\u00e1tico. No habr\u00e1 imagen de Lospennato votando por s\u00ed misma ni de Lombardi saludando con su sobre en la mano. En cambio, eligieron convocar a la prensa a las 8.15 de la ma\u00f1ana en el Caf\u00e9 Tortoni. Puro marketing. Mucho s\u00edmbolo, cero sustancia.<\/p>\n\n\n\n<p><\/p>\n\n\n\n<h3 class=\"wp-block-heading\">\u00bfNo sab\u00edan o no les import\u00f3?  Lo que est\u00e1 en juego<\/h3>\n\n\n\n<p>La pregunta que sobrevuela es simple: <strong>\u00bfno sab\u00edan que hab\u00eda que cambiar el domicilio a tiempo, o simplemente no les import\u00f3?<\/strong> La primera opci\u00f3n revela incompetencia; la segunda, desprecio por las reglas. En ambos casos, <strong>el mensaje que dan es el de una casta que se cree por encima de la ley<\/strong>, que se acomoda a conveniencia y que espera que nadie les cuestione nada.<\/p>\n\n\n\n<p>En medio de una campa\u00f1a signada por el uso de inteligencia artificial para hacer videos falsos \u2014como el escandaloso deepfake donde Macri supuestamente ped\u00eda votar por Adorni\u2014, este nuevo episodio profundiza la idea de una <strong>pol\u00edtica desarraigada, virtual, sin compromiso real con el territorio ni con la ciudadan\u00eda<\/strong>. Es el PRO versi\u00f3n Milei: candidatos importados, campa\u00f1as truchas, manipulaci\u00f3n digital y desprecio por lo m\u00ednimo que exige una rep\u00fablica seria.<\/p>\n\n\n\n<p>Silvia Lospennato y Hern\u00e1n Lombardi no podr\u00e1n votar porque no viven, al menos formalmente, en el distrito que dicen representar. <strong>\u00bfY si eso es exactamente lo que son: representantes de una clase pol\u00edtica errante, que se acomoda seg\u00fan el viento, sin ra\u00edces, sin coherencia, sin verg\u00fcenza?<\/strong> Si la democracia se vac\u00eda de contenido, no ser\u00e1 por culpa de la apat\u00eda ciudadana, sino por la frivolidad de quienes se presentan como su \u00e9lite dirigente.<\/p>\n\n\n\n<p>Fuente:<\/p>\n\n\n\n<ul class=\"wp-block-list\">\n<li><a href=\"https:\/\/www.pagina12.com.ar\/826522-los-que-no-se-pueden-votar\">https:\/\/www.pagina12.com.ar\/826522-los-que-no-se-pueden-votar<\/a><\/li>\n<\/ul>\n","protected":false},"excerpt":{"rendered":"<p>Silvia Lospennato y Hern\u00e1n Lombardi, cabezas de lista del PRO en la Ciudad, no podr\u00e1n votar en las elecciones porte\u00f1as porque no hicieron a tiempo el cambio de domicilio. Aunque se presentan como vecinos porte\u00f1os, siguen empadronados en provincia. Una postal perfecta del desarraigo pol\u00edtico y la improvisaci\u00f3n electoral.<\/p>\n","protected":false},"author":2,"featured_media":4260,"comment_status":"open","ping_status":"open","sticky":false,"template":"","format":"standard","meta":{"_monsterinsights_skip_tracking":false,"_monsterinsights_sitenote_active":false,"_monsterinsights_sitenote_note":"","_monsterinsights_sitenote_category":0,"footnotes":"","jetpack_publicize_message":"\ud83d\udce2 \u00a1Ins\u00f3lito pero real! Los dos principales candidatos del PRO en la Ciudad no pueden votar en su propia elecci\u00f3n.\nSilvia Lospennato y Hern\u00e1n Lombardi siguen empadronados en provincia.\n\u00bfError, desinter\u00e9s o total impunidad?\n\ud83d\udca5 En Orsai te contamos todo \ud83d\udc49","jetpack_publicize_feature_enabled":true,"jetpack_social_post_already_shared":false,"jetpack_social_options":{"image_generator_settings":{"template":"highway","enabled":false},"version":2}},"categories":[2],"tags":[585,1458,1459,1457,190,1456,1206,1455,72,616],"class_list":["post-4259","post","type-post","status-publish","format-standard","has-post-thumbnail","hentry","category-politica","tag-caba","tag-candidatos","tag-desarraigo","tag-domicilio","tag-elecciones","tag-lombardi","tag-lospennato","tag-padron","tag-politica","tag-pro"],"jetpack_publicize_connections":[],"_links":{"self":[{"href":"https:\/\/www.enorsai.com\/noticias\/wp-json\/wp\/v2\/posts\/4259","targetHints":{"allow":["GET"]}}],"collection":[{"href":"https:\/\/www.enorsai.com\/noticias\/wp-json\/wp\/v2\/posts"}],"about":[{"href":"https:\/\/www.enorsai.com\/noticias\/wp-json\/wp\/v2\/types\/post"}],"author":[{"embeddable":true,"href":"https:\/\/www.enorsai.com\/noticias\/wp-json\/wp\/v2\/users\/2"}],"replies":[{"embeddable":true,"href":"https:\/\/www.enorsai.com\/noticias\/wp-json\/wp\/v2\/comments?post=4259"}],"version-history":[{"count":1,"href":"https:\/\/www.enorsai.com\/noticias\/wp-json\/wp\/v2\/posts\/4259\/revisions"}],"predecessor-version":[{"id":4261,"href":"https:\/\/www.enorsai.com\/noticias\/wp-json\/wp\/v2\/posts\/4259\/revisions\/4261"}],"wp:featuredmedia":[{"embeddable":true,"href":"https:\/\/www.enorsai.com\/noticias\/wp-json\/wp\/v2\/media\/4260"}],"wp:attachment":[{"href":"https:\/\/www.enorsai.com\/noticias\/wp-json\/wp\/v2\/media?parent=4259"}],"wp:term":[{"taxonomy":"category","embeddable":true,"href":"https:\/\/www.enorsai.com\/noticias\/wp-json\/wp\/v2\/categories?post=4259"},{"taxonomy":"post_tag","embeddable":true,"href":"https:\/\/www.enorsai.com\/noticias\/wp-json\/wp\/v2\/tags?post=4259"}],"curies":[{"name":"wp","href":"https:\/\/api.w.org\/{rel}","templated":true}]}}