{"id":4251,"date":"2025-05-17T20:27:22","date_gmt":"2025-05-17T23:27:22","guid":{"rendered":"https:\/\/www.enorsai.com\/noticias\/?p=4251"},"modified":"2025-06-03T16:42:39","modified_gmt":"2025-06-03T19:42:39","slug":"pupitres-vacios-memoria-juventud-y-resistencia-en-escena","status":"publish","type":"post","link":"https:\/\/www.enorsai.com\/noticias\/cultura\/pupitres-vacios-memoria-juventud-y-resistencia-en-escena\/","title":{"rendered":"\u201cPupitres vac\u00edos\u201d: memoria, juventud y resistencia en escena"},"content":{"rendered":"\n<p>Con dramaturgia y direcci\u00f3n general de Thomas Guzm\u00e1n, \u00abPupitres vac\u00edos\u00bb irrumpe en la cartelera porte\u00f1a como una propuesta teatral de fuerte carga emotiva y pol\u00edtica. Estrenada el jueves 1\u00b0 de mayo en el Teatro Multiescena, esta obra de realismo \u00e9pico hist\u00f3rico nos invita a sumergirnos en la desgarradora experiencia de Guille, un joven detenido-desaparecido durante la \u00faltima dictadura militar argentina.<\/p>\n\n\n\n<figure class=\"wp-block-image size-large\"><img loading=\"lazy\" decoding=\"async\" width=\"1024\" height=\"1024\" src=\"https:\/\/www.enorsai.com\/noticias\/wp-content\/uploads\/2025\/05\/1000658461-1024x1024.jpg\" alt=\"\" class=\"wp-image-4252\" srcset=\"https:\/\/www.enorsai.com\/noticias\/wp-content\/uploads\/2025\/05\/1000658461-1024x1024.jpg 1024w, https:\/\/www.enorsai.com\/noticias\/wp-content\/uploads\/2025\/05\/1000658461-300x300.jpg 300w, https:\/\/www.enorsai.com\/noticias\/wp-content\/uploads\/2025\/05\/1000658461-150x150.jpg 150w, https:\/\/www.enorsai.com\/noticias\/wp-content\/uploads\/2025\/05\/1000658461-768x768.jpg 768w, https:\/\/www.enorsai.com\/noticias\/wp-content\/uploads\/2025\/05\/1000658461.jpg 1280w\" sizes=\"auto, (max-width: 1024px) 100vw, 1024px\" \/><\/figure>\n\n\n\n<p>La pieza de una hora de duraci\u00f3n construye un espacio on\u00edrico y l\u00fagubre, donde el protagonista, interpretado con solidez por Jorge Pestille, transita los tormentos de la desaparici\u00f3n forzada, acompa\u00f1ado por los ecos de otros j\u00f3venes \u2014compa\u00f1eros, fantasmas, recuerdos\u2014 que tambi\u00e9n fueron arrancados de sus pupitres. La figura de \u201cEl General\u201d, recreada desde el imaginario de Guille, aporta una dimensi\u00f3n simb\u00f3lica que permite indagar no solo en los horrores del aparato represivo, sino tambi\u00e9n en los l\u00edmites de lo humano y lo monstruoso.<\/p>\n\n\n\n<figure class=\"wp-block-image size-large\"><img loading=\"lazy\" decoding=\"async\" width=\"1024\" height=\"682\" src=\"https:\/\/www.enorsai.com\/noticias\/wp-content\/uploads\/2025\/05\/1000658463-1024x682.jpg\" alt=\"\" class=\"wp-image-4253\" srcset=\"https:\/\/www.enorsai.com\/noticias\/wp-content\/uploads\/2025\/05\/1000658463-1024x682.jpg 1024w, https:\/\/www.enorsai.com\/noticias\/wp-content\/uploads\/2025\/05\/1000658463-300x200.jpg 300w, https:\/\/www.enorsai.com\/noticias\/wp-content\/uploads\/2025\/05\/1000658463-768x511.jpg 768w, https:\/\/www.enorsai.com\/noticias\/wp-content\/uploads\/2025\/05\/1000658463-1536x1022.jpg 1536w, https:\/\/www.enorsai.com\/noticias\/wp-content\/uploads\/2025\/05\/1000658463-2048x1363.jpg 2048w\" sizes=\"auto, (max-width: 1024px) 100vw, 1024px\" \/><\/figure>\n\n\n\n<p>La puesta, sencilla pero efectiva, apoya su potencia en las actuaciones, con momentos de gran intensidad emocional y corporalidad contenida. Lourdes Prenafeta, Giuliano Amadio y Joaqu\u00edn Prato completan un elenco comprometido, que trabaja con sensibilidad la memoria colectiva sin caer en solemnidades ni didactismos.<\/p>\n\n\n\n<figure class=\"wp-block-image size-large\"><img loading=\"lazy\" decoding=\"async\" width=\"1024\" height=\"683\" src=\"https:\/\/www.enorsai.com\/noticias\/wp-content\/uploads\/2025\/05\/1000658464-1024x683.jpg\" alt=\"\" class=\"wp-image-4254\" srcset=\"https:\/\/www.enorsai.com\/noticias\/wp-content\/uploads\/2025\/05\/1000658464-1024x683.jpg 1024w, https:\/\/www.enorsai.com\/noticias\/wp-content\/uploads\/2025\/05\/1000658464-300x200.jpg 300w, https:\/\/www.enorsai.com\/noticias\/wp-content\/uploads\/2025\/05\/1000658464-768x512.jpg 768w, https:\/\/www.enorsai.com\/noticias\/wp-content\/uploads\/2025\/05\/1000658464-1536x1024.jpg 1536w, https:\/\/www.enorsai.com\/noticias\/wp-content\/uploads\/2025\/05\/1000658464-2048x1365.jpg 2048w\" sizes=\"auto, (max-width: 1024px) 100vw, 1024px\" \/><\/figure>\n\n\n\n<p>\u00abPupitres vac\u00edos\u00bb se inscribe en una l\u00ednea de teatro pol\u00edtico que apuesta por la reflexi\u00f3n a trav\u00e9s del arte, pero con una est\u00e9tica contempor\u00e1nea y una mirada joven. La direcci\u00f3n de Guzm\u00e1n, quien tambi\u00e9n firma la dramaturgia, denota una clara intenci\u00f3n de construir un lenguaje propio. A sus 25 a\u00f1os, este creador independiente \u2014formado en la Academia de Pablo Flores Torres y en Andamio 90\u2014 reafirma su compromiso con una escena autogestiva y profundamente ligada a los procesos sociales.<\/p>\n\n\n\n<figure class=\"wp-block-image size-large\"><img loading=\"lazy\" decoding=\"async\" width=\"1024\" height=\"1024\" src=\"https:\/\/www.enorsai.com\/noticias\/wp-content\/uploads\/2025\/05\/1000658462-1024x1024.png\" alt=\"\" class=\"wp-image-4255\" srcset=\"https:\/\/www.enorsai.com\/noticias\/wp-content\/uploads\/2025\/05\/1000658462-1024x1024.png 1024w, https:\/\/www.enorsai.com\/noticias\/wp-content\/uploads\/2025\/05\/1000658462-300x300.png 300w, https:\/\/www.enorsai.com\/noticias\/wp-content\/uploads\/2025\/05\/1000658462-150x150.png 150w, https:\/\/www.enorsai.com\/noticias\/wp-content\/uploads\/2025\/05\/1000658462-768x768.png 768w, https:\/\/www.enorsai.com\/noticias\/wp-content\/uploads\/2025\/05\/1000658462-1536x1536.png 1536w, https:\/\/www.enorsai.com\/noticias\/wp-content\/uploads\/2025\/05\/1000658462.png 2048w\" sizes=\"auto, (max-width: 1024px) 100vw, 1024px\" \/><\/figure>\n\n\n\n<p>La obra se presenta todos los jueves de mayo a las 21 h en el Teatro Multiescena (Av. Corrientes 1764, CABA), con entradas a $15.000. Una propuesta que, desde el dolor, honra la vida y la memoria de una generaci\u00f3n silenciada.<\/p>\n","protected":false},"excerpt":{"rendered":"<p>Con dramaturgia y direcci\u00f3n general de Thomas Guzm\u00e1n, \u00abPupitres vac\u00edos\u00bb irrumpe en la cartelera porte\u00f1a como una propuesta teatral de fuerte carga emotiva y pol\u00edtica. Estrenada el jueves 1\u00b0 de mayo en el Teatro Multiescena, esta obra de realismo \u00e9pico hist\u00f3rico nos invita a sumergirnos en la desgarradora experiencia de Guille, un joven detenido-desaparecido durante&#8230;<\/p>\n","protected":false},"author":15,"featured_media":4629,"comment_status":"open","ping_status":"open","sticky":false,"template":"","format":"standard","meta":{"_monsterinsights_skip_tracking":false,"_monsterinsights_sitenote_active":false,"_monsterinsights_sitenote_note":"","_monsterinsights_sitenote_category":0,"footnotes":"","jetpack_publicize_message":"","jetpack_publicize_feature_enabled":true,"jetpack_social_post_already_shared":true,"jetpack_social_options":{"image_generator_settings":{"template":"highway","default_image_id":0,"font":"","enabled":false},"version":2}},"categories":[5,1585],"tags":[663],"class_list":["post-4251","post","type-post","status-publish","format-standard","has-post-thumbnail","hentry","category-cultura","category-cultura-teatro","tag-cultura"],"jetpack_publicize_connections":[],"_links":{"self":[{"href":"https:\/\/www.enorsai.com\/noticias\/wp-json\/wp\/v2\/posts\/4251","targetHints":{"allow":["GET"]}}],"collection":[{"href":"https:\/\/www.enorsai.com\/noticias\/wp-json\/wp\/v2\/posts"}],"about":[{"href":"https:\/\/www.enorsai.com\/noticias\/wp-json\/wp\/v2\/types\/post"}],"author":[{"embeddable":true,"href":"https:\/\/www.enorsai.com\/noticias\/wp-json\/wp\/v2\/users\/15"}],"replies":[{"embeddable":true,"href":"https:\/\/www.enorsai.com\/noticias\/wp-json\/wp\/v2\/comments?post=4251"}],"version-history":[{"count":2,"href":"https:\/\/www.enorsai.com\/noticias\/wp-json\/wp\/v2\/posts\/4251\/revisions"}],"predecessor-version":[{"id":4257,"href":"https:\/\/www.enorsai.com\/noticias\/wp-json\/wp\/v2\/posts\/4251\/revisions\/4257"}],"wp:featuredmedia":[{"embeddable":true,"href":"https:\/\/www.enorsai.com\/noticias\/wp-json\/wp\/v2\/media\/4629"}],"wp:attachment":[{"href":"https:\/\/www.enorsai.com\/noticias\/wp-json\/wp\/v2\/media?parent=4251"}],"wp:term":[{"taxonomy":"category","embeddable":true,"href":"https:\/\/www.enorsai.com\/noticias\/wp-json\/wp\/v2\/categories?post=4251"},{"taxonomy":"post_tag","embeddable":true,"href":"https:\/\/www.enorsai.com\/noticias\/wp-json\/wp\/v2\/tags?post=4251"}],"curies":[{"name":"wp","href":"https:\/\/api.w.org\/{rel}","templated":true}]}}