{"id":4244,"date":"2025-05-17T15:13:41","date_gmt":"2025-05-17T18:13:41","guid":{"rendered":"http:\/\/www.enorsai.com\/noticias\/?p=4244"},"modified":"2025-05-17T15:13:41","modified_gmt":"2025-05-17T18:13:41","slug":"tras-horas-de-inaccion-el-gobierno-nacional-desplego-un-operativo-en-zarate-para-enfrentar-las-inundaciones","status":"publish","type":"post","link":"https:\/\/www.enorsai.com\/noticias\/politica\/tras-horas-de-inaccion-el-gobierno-nacional-desplego-un-operativo-en-zarate-para-enfrentar-las-inundaciones\/","title":{"rendered":"Tras horas de inacci\u00f3n, el Gobierno nacional despleg\u00f3 un operativo en Z\u00e1rate para enfrentar las inundaciones"},"content":{"rendered":"\n<p><strong><em>El temporal que azot\u00f3 el norte bonaerense dej\u00f3 a Z\u00e1rate pr\u00e1cticamente sitiada. La llegada de Patricia Bullrich y Luis Petri al lugar no logr\u00f3 ocultar las consecuencias de a\u00f1os de desidia estatal y decisiones pol\u00edticas que priorizaron el ajuste sobre la prevenci\u00f3n.<\/em><\/strong><\/p>\n\n\n\n<p>Z\u00e1rate amaneci\u00f3 este s\u00e1bado convertida en una isla. Las lluvias torrenciales que comenzaron el viernes sumergieron barrios enteros, anegaron rutas y dejaron a miles de vecinos atrapados en sus casas. El Servicio Meteorol\u00f3gico Nacional emiti\u00f3 una alerta roja por acumulados que superaron los 250 mil\u00edmetros en menos de 24 horas, una cifra que duplic\u00f3 el promedio mensual de precipitaciones.<\/p>\n\n\n\n<p>En medio de este caos, el Gobierno nacional decidi\u00f3 actuar. La ministra de Seguridad, Patricia Bullrich, y su par de Defensa, Luis Petri, arribaron a Z\u00e1rate pasadas las 13 horas para supervisar un operativo de asistencia que, para muchos, lleg\u00f3 demasiado tarde. \u00abEstamos en Z\u00e1rate junto al intendente, la AFE y las Fuerzas Federales supervisando el operativo por las inundaciones\u00bb, public\u00f3 Bullrich en su cuenta de X, intentando mostrar presencia en el territorio.<\/p>\n\n\n\n<p>Sin embargo, las im\u00e1genes que circulan en redes sociales y medios locales muestran una realidad desoladora: vecinos evacuados en botes improvisados, calles convertidas en r\u00edos y testimonios desgarradores. \u00abEl agua de mi casa me llega al pecho\u00bb, relat\u00f3 Cristian, un residente del barrio San Javier, uno de los m\u00e1s afectados por el temporal. \u00abEs la cuarta vez que pasa esto\u00bb, agreg\u00f3, evidenciando la repetici\u00f3n de una tragedia que podr\u00eda haberse evitado.<\/p>\n\n\n\n<p>La falta de inversi\u00f3n en infraestructura y los recortes presupuestarios en \u00e1reas clave como Ambiente y Obras P\u00fablicas han dejado al pa\u00eds sin herramientas para enfrentar este tipo de emergencias. Seg\u00fan un informe de la Fundaci\u00f3n Ambiente y Recursos Naturales (FARN), la Subsecretar\u00eda de Recursos H\u00eddricos sufri\u00f3 un recorte del 79,4% en t\u00e9rminos reales durante 2024, operando con menos de una cuarta parte de los fondos utilizados en 2023. Este ajuste, impulsado por el presidente Javier Milei, se traduce en la ausencia de obras de prevenci\u00f3n y mantenimiento de canales y desag\u00fces.<\/p>\n\n\n\n<p>La situaci\u00f3n en Z\u00e1rate tambi\u00e9n pone en evidencia la falta de coordinaci\u00f3n entre los distintos niveles de gobierno. El intendente Marcelo Matzkin ha sido criticado por la falta de planificaci\u00f3n urbana y la ausencia de medidas preventivas. \u00abNo hay mantenimiento alguno\u00bb, denuncian los vecinos, quienes aseguran que las autoridades locales no han tomado las medidas necesarias para evitar que el agua vuelva a inundar sus hogares.<\/p>\n\n\n\n<p>El operativo desplegado por el Gobierno nacional, aunque necesario, parece m\u00e1s una respuesta desesperada ante la presi\u00f3n medi\u00e1tica que una acci\u00f3n planificada. La presencia de Bullrich y Petri en el lugar no logra ocultar las consecuencias de una pol\u00edtica que ha priorizado el ajuste fiscal sobre la protecci\u00f3n de los ciudadanos.<\/p>\n\n\n\n<p>Mientras tanto, las familias afectadas por las inundaciones esperan respuestas concretas y soluciones a largo plazo. La reconstrucci\u00f3n de Z\u00e1rate y otras localidades afectadas requerir\u00e1 no solo de recursos econ\u00f3micos, sino tambi\u00e9n de un cambio de enfoque en las pol\u00edticas p\u00fablicas. Es necesario que el Estado recupere su rol activo en la planificaci\u00f3n y ejecuci\u00f3n de obras que garanticen la seguridad y el bienestar de la poblaci\u00f3n.<\/p>\n\n\n\n<p>Las inundaciones en Z\u00e1rate son una muestra m\u00e1s de las consecuencias de un Estado ausente y de pol\u00edticas que han desmantelado las capacidades de respuesta ante emergencias. Es hora de que el Gobierno nacional asuma su responsabilidad y deje de lado las excusas para enfrentar de manera efectiva las crisis que afectan a miles de argentinos.<\/p>\n\n\n\n<p>Fuentes:<\/p>\n\n\n\n<ul class=\"wp-block-list\">\n<li><a href=\"https:\/\/www.eldestapeweb.com\/sociedad\/temporal\/ajuste-mortal-antes-de-las-inundaciones-tragicas-milei-recorto-un-80-el-presupuesto-en-ambiente-y-vacio-el-principal-proyecto-para-la-prevencion--202548204541?utm_source=chatgpt.com\">https:\/\/www.eldestapeweb.com\/sociedad\/temporal\/ajuste-mortal-antes-de-las-inundaciones-tragicas-milei-recorto-un-80-el-presupuesto-en-ambiente-y-vacio-el-principal-proyecto-para-la-prevencion&#8211;202548204541<\/a><\/li>\n\n\n\n<li><a href=\"https:\/\/www.mdzol.com\/politica\/2025\/5\/17\/el-gobierno-nacional-despliega-su-operativo-de-emergencia-en-zarate-campana-1210101.html?utm_source=chatgpt.com\">https:\/\/www.mdzol.com\/politica\/2025\/5\/17\/el-gobierno-nacional-despliega-su-operativo-de-emergencia-en-zarate-campana-1210101.html<\/a><\/li>\n\n\n\n<li><a href=\"https:\/\/www.reuters.com\/latam\/negocio\/G5APYOCNSJIO7GSMITJ4K7UUQI-2025-05-17\/?utm_source=chatgpt.com\">https:\/\/www.reuters.com\/latam\/negocio\/G5APYOCNSJIO7GSMITJ4K7UUQI-2025-05-17\/<\/a><\/li>\n\n\n\n<li><a href=\"https:\/\/www.elobservador.com.uy\/argentina\/sociedad\/inundaciones-la-provincia-buenos-aires-un-muerto-berazategui-y-evacuados-zarate-n5987886?utm_source=chatgpt.com\">https:\/\/www.elobservador.com.uy\/argentina\/sociedad\/inundaciones-la-provincia-buenos-aires-un-muerto-berazategui-y-evacuados-zarate-n5987886<\/a><\/li>\n<\/ul>\n","protected":false},"excerpt":{"rendered":"<p>El temporal que azot\u00f3 el norte bonaerense dej\u00f3 a Z\u00e1rate pr\u00e1cticamente sitiada. La llegada de Patricia Bullrich y Luis Petri al lugar no logr\u00f3 ocultar las consecuencias de a\u00f1os de desidia estatal y decisiones pol\u00edticas que priorizaron el ajuste sobre la prevenci\u00f3n. Z\u00e1rate amaneci\u00f3 este s\u00e1bado convertida en una isla. Las lluvias torrenciales que comenzaron&#8230;<\/p>\n","protected":false},"author":1,"featured_media":4245,"comment_status":"open","ping_status":"open","sticky":false,"template":"","format":"standard","meta":{"_monsterinsights_skip_tracking":false,"_monsterinsights_sitenote_active":false,"_monsterinsights_sitenote_note":"","_monsterinsights_sitenote_category":0,"footnotes":"","jetpack_publicize_message":"","jetpack_publicize_feature_enabled":true,"jetpack_social_post_already_shared":true,"jetpack_social_options":{"image_generator_settings":{"template":"highway","default_image_id":0,"font":"","enabled":false},"version":2}},"categories":[2,4],"tags":[43,838,45,285],"class_list":["post-4244","post","type-post","status-publish","format-standard","has-post-thumbnail","hentry","category-politica","category-sociedad","tag-crisis","tag-inundaciones","tag-milei","tag-provincia-de-buenos-aires"],"jetpack_publicize_connections":[],"_links":{"self":[{"href":"https:\/\/www.enorsai.com\/noticias\/wp-json\/wp\/v2\/posts\/4244","targetHints":{"allow":["GET"]}}],"collection":[{"href":"https:\/\/www.enorsai.com\/noticias\/wp-json\/wp\/v2\/posts"}],"about":[{"href":"https:\/\/www.enorsai.com\/noticias\/wp-json\/wp\/v2\/types\/post"}],"author":[{"embeddable":true,"href":"https:\/\/www.enorsai.com\/noticias\/wp-json\/wp\/v2\/users\/1"}],"replies":[{"embeddable":true,"href":"https:\/\/www.enorsai.com\/noticias\/wp-json\/wp\/v2\/comments?post=4244"}],"version-history":[{"count":1,"href":"https:\/\/www.enorsai.com\/noticias\/wp-json\/wp\/v2\/posts\/4244\/revisions"}],"predecessor-version":[{"id":4246,"href":"https:\/\/www.enorsai.com\/noticias\/wp-json\/wp\/v2\/posts\/4244\/revisions\/4246"}],"wp:featuredmedia":[{"embeddable":true,"href":"https:\/\/www.enorsai.com\/noticias\/wp-json\/wp\/v2\/media\/4245"}],"wp:attachment":[{"href":"https:\/\/www.enorsai.com\/noticias\/wp-json\/wp\/v2\/media?parent=4244"}],"wp:term":[{"taxonomy":"category","embeddable":true,"href":"https:\/\/www.enorsai.com\/noticias\/wp-json\/wp\/v2\/categories?post=4244"},{"taxonomy":"post_tag","embeddable":true,"href":"https:\/\/www.enorsai.com\/noticias\/wp-json\/wp\/v2\/tags?post=4244"}],"curies":[{"name":"wp","href":"https:\/\/api.w.org\/{rel}","templated":true}]}}