{"id":4233,"date":"2025-05-17T10:53:50","date_gmt":"2025-05-17T13:53:50","guid":{"rendered":"https:\/\/www.enorsai.com\/noticias\/?p=4233"},"modified":"2025-05-17T10:53:50","modified_gmt":"2025-05-17T13:53:50","slug":"dos-micros-con-mas-de-80-pasajeros-varados-por-la-tormenta-en-ruta-9","status":"publish","type":"post","link":"https:\/\/www.enorsai.com\/noticias\/sociedad\/dos-micros-con-mas-de-80-pasajeros-varados-por-la-tormenta-en-ruta-9\/","title":{"rendered":"Dos micros con m\u00e1s de 80 pasajeros varados por la tormenta en Ruta 9"},"content":{"rendered":"\n<p><em><strong>La intensa lluvia en Buenos Aires dej\u00f3 atrapados a dos colectivos sobre la Ruta 9. Uno de ellos transporta a 37 ni\u00f1os de entre 9 y 10 a\u00f1os que volv\u00edan de Rosario. Padres y choferes denuncian la falta total de asistencia.<\/strong><\/em><\/p>\n\n\n\n<p>En medio del temporal que azota gran parte de la provincia de Buenos Aires desde ayer, dos micros quedaron varados en la Ruta 9 a la altura de Campana, sin recibir asistencia de ninguna autoridad. Uno de los colectivos transportaba a 37 chicos de entre 9 y 10 a\u00f1os, cuatro docentes, dos choferes y un coordinador de la empresa Colprim. El otro veh\u00edculo qued\u00f3 detenido con 44 pasajeros adultos a bordo, tras ser sorprendido por la crecida de agua en la calzada.<\/p>\n\n\n\n<p>Los menores regresaban de un viaje escolar a Rosario y ten\u00edan previsto llegar a Buenos Aires el viernes a las 18. Sin embargo, cerca de las 21 quedaron atrapados entre las rutas 193 y 41, en plena Ruta 9. \u201cLos chicos est\u00e1n bien, descansaron, pero no hay nadie que organice nada. No hay Prefectura, ni Bomberos, ni Defensa Civil\u201d, denunci\u00f3 Diego, padre de uno de los alumnos.<\/p>\n\n\n\n<p>En tanto, el otro micro hab\u00eda partido desde Rosario a las 20:30 con destino a Buenos Aires. Seg\u00fan Daniel, el chofer, no fueron advertidos sobre las condiciones del camino en el peaje, donde incluso pagaron sin recibir alertas. \u201cA los pocos kil\u00f3metros el agua comenz\u00f3 a subir de manera abrupta. El colectivo tiene 10 cent\u00edmetros de agua adentro. No podemos avanzar sin arriesgar vidas\u201d, relat\u00f3 en una comunicaci\u00f3n con TN.<\/p>\n\n\n\n<figure class=\"wp-block-embed is-type-rich is-provider-twitter wp-block-embed-twitter\"><div class=\"wp-block-embed__wrapper\">\n<blockquote class=\"twitter-tweet\" data-width=\"550\" data-dnt=\"true\"><p lang=\"es\" dir=\"ltr\"><a href=\"https:\/\/twitter.com\/hashtag\/Transito?src=hash&amp;ref_src=twsrc%5Etfw\">#Transito<\/a> | Por las lluvias, dos micros varados desde anoche en la ruta 9 a la altura de Campana. En uno viajan casi 40 chicos de 9 y 10 a\u00f1os qued\u00f3 varado a las 21 horas de ayer. La otra unidad de &quot;Empresa Argentina&quot; transporta 44 pasajeros \u201cEstamos a la deriva desde medianoche\u201d. <a href=\"https:\/\/t.co\/ERFFK5Ntae\">pic.twitter.com\/ERFFK5Ntae<\/a><\/p>&mdash; 221 NOTICIAS \u25cf La ciudad en vivo. (@221NOTICIAS) <a href=\"https:\/\/twitter.com\/221NOTICIAS\/status\/1923723738891051303?ref_src=twsrc%5Etfw\">May 17, 2025<\/a><\/blockquote><script async src=\"https:\/\/platform.twitter.com\/widgets.js\" charset=\"utf-8\"><\/script>\n<\/div><\/figure>\n\n\n\n<p>Ambos testimonios coinciden en la falta de asistencia oficial. \u201cLlam\u00e9 dos veces al 911, a Bomberos, a Defensa Civil de Baradero y Pergamino, al peaje\u2026 nadie respondi\u00f3. No avisan que hay cortes ni mandan ayuda. Es una verg\u00fcenza\u201d, afirm\u00f3 el conductor. Desde la medianoche, los pasajeros contin\u00faan varados en condiciones cr\u00edticas.<\/p>\n\n\n\n<p>La \u00fanica informaci\u00f3n que reciben los padres de los menores es a trav\u00e9s de la empresa de viajes, que confirm\u00f3 que los ni\u00f1os cuentan con provisiones b\u00e1sicas como agua, galletitas y alfajores, pero no tienen acceso a celulares por su edad. \u201cLo que m\u00e1s necesitamos ahora es que los saquen de ah\u00ed, que llegue asistencia. Pasaron toda la noche atrapados\u201d, agreg\u00f3 Diego.<\/p>\n\n\n\n<p>Mientras la tormenta contin\u00faa y las rutas permanecen anegadas, crecen las cr\u00edticas por la falta de operativos preventivos y respuestas r\u00e1pidas ante una emergencia que pudo haberse evitado.<\/p>\n\n\n\n<p>Fuente:<\/p>\n\n\n\n<ul class=\"wp-block-list\">\n<li><a href=\"https:\/\/impactolocal.com.ar\/2025\/05\/17\/dos-micros-con-mas-de-80-pasajeros-quedaron-varados-por-la-tormenta-en-ruta-9\/\">https:\/\/impactolocal.com.ar\/2025\/05\/17\/dos-micros-con-mas-de-80-pasajeros-quedaron-varados-por-la-tormenta-en-ruta-9\/<\/a><\/li>\n<\/ul>\n","protected":false},"excerpt":{"rendered":"<p>La intensa lluvia en Buenos Aires dej\u00f3 atrapados a dos colectivos sobre la Ruta 9. Uno de ellos transporta a 37 ni\u00f1os de entre 9 y 10 a\u00f1os que volv\u00edan de Rosario. Padres y choferes denuncian la falta total de asistencia. En medio del temporal que azota gran parte de la provincia de Buenos Aires&#8230;<\/p>\n","protected":false},"author":1,"featured_media":4234,"comment_status":"open","ping_status":"open","sticky":false,"template":"","format":"standard","meta":{"_monsterinsights_skip_tracking":false,"_monsterinsights_sitenote_active":false,"_monsterinsights_sitenote_note":"","_monsterinsights_sitenote_category":0,"footnotes":"","jetpack_publicize_message":"","jetpack_publicize_feature_enabled":true,"jetpack_social_post_already_shared":true,"jetpack_social_options":{"image_generator_settings":{"template":"highway","default_image_id":0,"font":"","enabled":false},"version":2}},"categories":[4],"tags":[],"class_list":["post-4233","post","type-post","status-publish","format-standard","has-post-thumbnail","hentry","category-sociedad"],"jetpack_publicize_connections":[],"_links":{"self":[{"href":"https:\/\/www.enorsai.com\/noticias\/wp-json\/wp\/v2\/posts\/4233","targetHints":{"allow":["GET"]}}],"collection":[{"href":"https:\/\/www.enorsai.com\/noticias\/wp-json\/wp\/v2\/posts"}],"about":[{"href":"https:\/\/www.enorsai.com\/noticias\/wp-json\/wp\/v2\/types\/post"}],"author":[{"embeddable":true,"href":"https:\/\/www.enorsai.com\/noticias\/wp-json\/wp\/v2\/users\/1"}],"replies":[{"embeddable":true,"href":"https:\/\/www.enorsai.com\/noticias\/wp-json\/wp\/v2\/comments?post=4233"}],"version-history":[{"count":1,"href":"https:\/\/www.enorsai.com\/noticias\/wp-json\/wp\/v2\/posts\/4233\/revisions"}],"predecessor-version":[{"id":4235,"href":"https:\/\/www.enorsai.com\/noticias\/wp-json\/wp\/v2\/posts\/4233\/revisions\/4235"}],"wp:featuredmedia":[{"embeddable":true,"href":"https:\/\/www.enorsai.com\/noticias\/wp-json\/wp\/v2\/media\/4234"}],"wp:attachment":[{"href":"https:\/\/www.enorsai.com\/noticias\/wp-json\/wp\/v2\/media?parent=4233"}],"wp:term":[{"taxonomy":"category","embeddable":true,"href":"https:\/\/www.enorsai.com\/noticias\/wp-json\/wp\/v2\/categories?post=4233"},{"taxonomy":"post_tag","embeddable":true,"href":"https:\/\/www.enorsai.com\/noticias\/wp-json\/wp\/v2\/tags?post=4233"}],"curies":[{"name":"wp","href":"https:\/\/api.w.org\/{rel}","templated":true}]}}