{"id":4202,"date":"2025-05-16T12:02:10","date_gmt":"2025-05-16T15:02:10","guid":{"rendered":"https:\/\/www.enorsai.com\/noticias\/?p=4202"},"modified":"2025-05-16T12:02:10","modified_gmt":"2025-05-16T15:02:10","slug":"la-justicia-confirmo-el-procesamiento-de-once-represores-por-delitos-de-lesa-humanidad-en-chaco","status":"publish","type":"post","link":"https:\/\/www.enorsai.com\/noticias\/uncategorized\/la-justicia-confirmo-el-procesamiento-de-once-represores-por-delitos-de-lesa-humanidad-en-chaco\/","title":{"rendered":"La Justicia confirm\u00f3 el procesamiento de once represores por delitos de lesa humanidad en Chaco"},"content":{"rendered":"\n<h3 class=\"wp-block-heading\"><em>La C\u00e1mara Federal de Resistencia ratific\u00f3 el procesamiento de exmilitares y expolic\u00edas por secuestros, tormentos y violaciones de domicilio durante la \u00faltima dictadura. Una resoluci\u00f3n judicial que rescata la voz de las v\u00edctimas, en un contexto pol\u00edtico donde desde el Estado nacional se alienta una peligrosa desmemoria.<\/em><\/h3>\n\n\n\n<p>(Por Sofia Arregui)  En una Argentina convulsionada por el ajuste brutal, la represi\u00f3n selectiva y la sistem\u00e1tica demolici\u00f3n del Estado de derecho en nombre de una supuesta libertad, una noticia judicial trae al presente lo que el poder de turno preferir\u00eda enterrar: la memoria viva de los cr\u00edmenes de la dictadura. La C\u00e1mara Federal de Resistencia acaba de confirmar el procesamiento de once exmilitares y expolic\u00edas implicados en secuestros, torturas y violaciones de domicilio contra 23 v\u00edctimas, incluyendo a un beb\u00e9 de apenas ocho meses. La causa, conocida como \u201cCaballero IV\u201d, vuelve a poner el foco sobre el aparato represivo estatal que oper\u00f3 en la provincia del Chaco entre 1974 y 1979. Pero tambi\u00e9n interpela al presente, donde las se\u00f1ales de la impunidad se multiplican desde la c\u00faspide del poder.<\/p>\n\n\n\n<p>Los hechos juzgados no dejan margen a la ambig\u00fcedad. Seg\u00fan la resoluci\u00f3n, las v\u00edctimas fueron detenidas ilegalmente por su militancia social, pol\u00edtica o religiosa, en operativos conjuntos entre el Ej\u00e9rcito y la Polic\u00eda del Chaco. Estudiantes secundarios y universitarios, docentes, profesionales y miembros de organizaciones como la Juventud Peronista, el PRT, el peronismo de base y las Ligas Agrarias, fueron blanco de un sistema meticuloso de persecuci\u00f3n y aniquilamiento. El circuito del horror comenzaba con el secuestro, pasaba por el infierno de la Brigada de Investigaciones \u2014centro clandestino de detenci\u00f3n\u2014 y segu\u00eda con el confinamiento en la Alcaid\u00eda Policial o la c\u00e1rcel federal U7. All\u00ed, el Estado torturaba, humillaba y destru\u00eda cuerpos y subjetividades bajo un mismo mandato: el de exterminar al \u201cenemigo interno\u201d.<\/p>\n\n\n\n<p>Los nombres que emergen del expediente judicial son piezas de ese engranaje siniestro. Exmilitares como <strong>Aldo Mart\u00ednez Seg\u00f3n, Tadeo Betolli y Alberto Patteta<\/strong>, junto a polic\u00edas de distintas jerarqu\u00edas \u2014<strong>Jos\u00e9 Francisco Rodr\u00edguez Valiente, Gabino Manader, Jorge \u00c1ngel Ibarra, Jos\u00e9 Mar\u00edn, Emilio Z\u00e1rate, Ignacio L\u00f3pez<\/strong>\u2014 y agentes penitenciarios como <strong>Pablo C\u00e9sar Casco<\/strong>, est\u00e1n procesados por delitos de lesa humanidad. Algunos cumplen prisi\u00f3n preventiva en la c\u00e1rcel federal U7, otros fueron beneficiados con arresto domiciliario. La Justicia, aunque tard\u00eda, avanza. Pero no sin tensiones.<\/p>\n\n\n\n<p>Porque el mismo pa\u00eds que produce este avance judicial es el que padece hoy un gobierno que reivindica p\u00fablicamente a los genocidas. Un presidente que celebra a represores como Antonio Bussi o Ram\u00f3n Camps en su discurso, que pone en funciones a una vicepresidenta que niega la dictadura y exige \u201creconciliaci\u00f3n\u201d, que recorta presupuestos destinados a los organismos de derechos humanos, que persigue a quienes ense\u00f1an memoria en las aulas, y que acusa de \u201cadoctrinamiento\u201d a las universidades p\u00fablicas que a\u00fan resisten. \u00bfC\u00f3mo no leer este fallo en clave pol\u00edtica?<\/p>\n\n\n\n<p>El dictamen de las juezas Roc\u00edo Alcal\u00e1 y Patricia Garc\u00eda no deja lugar a dudas. Los testimonios de las v\u00edctimas fueron considerados \u201ccontundentes y veros\u00edmiles\u201d, y se validaron con otros elementos probatorios y documentales. Se identificaron los lugares, los m\u00e9todos de tortura, el perfil de los responsables, y se comprob\u00f3 la existencia de un plan sistem\u00e1tico de represi\u00f3n dirigido a la poblaci\u00f3n civil. Nada fue casual. Todo fue organizado. Planificado. Ejecutado desde el Estado con absoluta frialdad.<\/p>\n\n\n\n<p>El caso de \u201cCaballero IV\u201d es apenas una parte de un entramado mayor. Una grieta profunda que atraviesa la historia reciente de nuestro pa\u00eds. Pero hoy, ese pasado regresa no como historia archivada, sino como advertencia. Cuando un gobierno se niega a pronunciar las palabras \u201cterrorismo de Estado\u201d; cuando se relativiza el n\u00famero de desaparecidos; cuando se recibe con sonrisas a Victoria Villarruel en actos oficiales; cuando se le quita apoyo a los juicios de lesa humanidad; lo que se busca no es solo reescribir el pasado. Es abrirle la puerta a su repetici\u00f3n.<\/p>\n\n\n\n<p>Hay que decirlo con todas las letras: los cr\u00edmenes de lesa humanidad no prescriben. Pero el negacionismo es un veneno que lentamente erosiona la conciencia social. Por eso, cada resoluci\u00f3n judicial que pone en su lugar a los responsables del horror es una piedra en el zapato del poder actual. Un recordatorio inc\u00f3modo de que el pueblo argentino no olvida. De que sigue habiendo jueces, fiscales, querellas \u2014como las de las Secretar\u00edas de Derechos Humanos de la Naci\u00f3n y la Provincia\u2014 que no bajan los brazos.<\/p>\n\n\n\n<p>Resulta simb\u00f3lico, adem\u00e1s, que este fallo llegue mientras el gobierno de Javier Milei busca cercenar el financiamiento del Poder Judicial, desmantelar programas de memoria, verdad y justicia, y criminalizar la protesta social. Como si la justicia para las v\u00edctimas de la dictadura fuese un lujo innecesario. Como si mantener viva la memoria fuera un estorbo para el modelo libertario.<\/p>\n\n\n\n<p>Pero la historia tiene sus propios mecanismos de defensa. Y en esa historia, los nombres de los torturadores no se olvidan. En esa historia, el beb\u00e9 de ocho meses detenido con su madre no es una an\u00e9cdota: es un emblema de lo que nunca m\u00e1s debe ocurrir. La causa Caballero IV pone en primer plano lo que el oficialismo actual quiere enviar al fondo de la agenda: que en Argentina hubo terrorismo de Estado, que fue sistem\u00e1tico, que cont\u00f3 con la complicidad de sectores civiles, eclesi\u00e1sticos y empresariales, y que sus autores deben rendir cuentas.<\/p>\n\n\n\n<p>En tiempos donde desde la cima del poder se banaliza el dolor, donde se invita a \u201cmirar para adelante\u201d sin saldar el pasado, donde se gobierna con desprecio por los derechos humanos conquistados con d\u00e9cadas de lucha, este fallo es una bandera. Una que flamea con fuerza desde el Chaco para recordarnos que la justicia tarda, pero llega. Que la verdad duele, pero libera. Y que la memoria, por m\u00e1s que intenten silenciarla, siempre encuentra la forma de hacerse o\u00edr.<\/p>\n\n\n\n<p>Fuente:<\/p>\n\n\n\n<ul class=\"wp-block-list\">\n<li><a href=\"https:\/\/www.fiscales.gob.ar\/lesa-humanidad\/resistencia-confirmaron-el-procesamiento-a-once-exmilitares-y-expolicias-por-privacion-ilegal-de-la-libertad-y-tormentos-contra-23-victimas-en-el-marco-de-la-causa-caballero-iv\/\">https:\/\/www.fiscales.gob.ar\/lesa-humanidad\/resistencia-confirmaron-el-procesamiento-a-once-exmilitares-y-expolicias-por-privacion-ilegal-de-la-libertad-y-tormentos-contra-23-victimas-en-el-marco-de-la-causa-caballero-iv\/<\/a><\/li>\n<\/ul>\n","protected":false},"excerpt":{"rendered":"<p>La Justicia confirm\u00f3 el procesamiento de once represores por delitos de lesa humanidad en Chaco. La causa \u201cCaballero IV\u201d revive los horrores del terrorismo de Estado, mientras el gobierno de Javier Milei habilita discursos negacionistas y desfinancia pol\u00edticas de memoria. Un fallo que incomoda al poder y reivindica a las v\u00edctimas.<\/p>\n","protected":false},"author":12,"featured_media":4203,"comment_status":"open","ping_status":"open","sticky":false,"template":"","format":"standard","meta":{"_monsterinsights_skip_tracking":false,"_monsterinsights_sitenote_active":false,"_monsterinsights_sitenote_note":"","_monsterinsights_sitenote_category":0,"footnotes":"","jetpack_publicize_message":"\ud83d\udca5 Mientras el gobierno de Milei habilita el negacionismo, la Justicia resiste y llama las cosas por su nombre. En Chaco, once represores procesados por secuestrar, torturar y desaparecer a militantes. Porque sin memoria no hay futuro. \u270a","jetpack_publicize_feature_enabled":true,"jetpack_social_post_already_shared":false,"jetpack_social_options":{"image_generator_settings":{"template":"highway","enabled":false},"version":2}},"categories":[1],"tags":[1361,69,207,1441,98,70,1440,97,45,365],"class_list":["post-4202","post","type-post","status-publish","format-standard","has-post-thumbnail","hentry","category-uncategorized","tag-chaco","tag-derechos","tag-dictadura","tag-ejercito","tag-impunidad","tag-justicia","tag-lesahumanidad","tag-memoria","tag-milei","tag-represion"],"jetpack_publicize_connections":[],"_links":{"self":[{"href":"https:\/\/www.enorsai.com\/noticias\/wp-json\/wp\/v2\/posts\/4202","targetHints":{"allow":["GET"]}}],"collection":[{"href":"https:\/\/www.enorsai.com\/noticias\/wp-json\/wp\/v2\/posts"}],"about":[{"href":"https:\/\/www.enorsai.com\/noticias\/wp-json\/wp\/v2\/types\/post"}],"author":[{"embeddable":true,"href":"https:\/\/www.enorsai.com\/noticias\/wp-json\/wp\/v2\/users\/12"}],"replies":[{"embeddable":true,"href":"https:\/\/www.enorsai.com\/noticias\/wp-json\/wp\/v2\/comments?post=4202"}],"version-history":[{"count":1,"href":"https:\/\/www.enorsai.com\/noticias\/wp-json\/wp\/v2\/posts\/4202\/revisions"}],"predecessor-version":[{"id":4204,"href":"https:\/\/www.enorsai.com\/noticias\/wp-json\/wp\/v2\/posts\/4202\/revisions\/4204"}],"wp:featuredmedia":[{"embeddable":true,"href":"https:\/\/www.enorsai.com\/noticias\/wp-json\/wp\/v2\/media\/4203"}],"wp:attachment":[{"href":"https:\/\/www.enorsai.com\/noticias\/wp-json\/wp\/v2\/media?parent=4202"}],"wp:term":[{"taxonomy":"category","embeddable":true,"href":"https:\/\/www.enorsai.com\/noticias\/wp-json\/wp\/v2\/categories?post=4202"},{"taxonomy":"post_tag","embeddable":true,"href":"https:\/\/www.enorsai.com\/noticias\/wp-json\/wp\/v2\/tags?post=4202"}],"curies":[{"name":"wp","href":"https:\/\/api.w.org\/{rel}","templated":true}]}}