{"id":4182,"date":"2025-05-16T07:36:22","date_gmt":"2025-05-16T10:36:22","guid":{"rendered":"https:\/\/www.enorsai.com\/noticias\/?p=4182"},"modified":"2025-05-16T07:36:22","modified_gmt":"2025-05-16T10:36:22","slug":"paro-total-tierra-del-fuego-se-levanta-contra-el-salvaje-ajuste-de-milei","status":"publish","type":"post","link":"https:\/\/www.enorsai.com\/noticias\/politica\/paro-total-tierra-del-fuego-se-levanta-contra-el-salvaje-ajuste-de-milei\/","title":{"rendered":"\u00a1Paro Total! Tierra del Fuego se levanta contra el salvaje ajuste de Milei"},"content":{"rendered":"\n<p><strong>El Gobierno de Javier Milei avanza con una poda arancelaria que amenaza con devastar la industria electr\u00f3nica fueguina. Sindicatos, organizaciones sociales y trabajadores anuncian un paro total en defensa de la soberan\u00eda, el trabajo y la dignidad de miles de familias.<\/strong><\/p>\n\n\n\n<p>(Por Osvaldo Peralta) El 21 de mayo, Tierra del Fuego ser\u00e1 epicentro de una protesta masiva contra la eliminaci\u00f3n de aranceles que impulsa el Gobierno nacional. El ajuste, impulsado como concesi\u00f3n al FMI, pone en jaque el entramado industrial de la provincia y amenaza con dejar a miles de trabajadores en la calle.<\/p>\n\n\n\n<p>En Tierra del Fuego no hay indiferencia. Hay bronca. Hay angustia. Y hay, sobre todo, una determinaci\u00f3n f\u00e9rrea de resistir. La reciente decisi\u00f3n del gobierno de Javier Milei de reducir, y eventualmente eliminar, los aranceles e impuestos internos para productos electr\u00f3nicos, fue recibida en la provincia m\u00e1s austral del pa\u00eds como un verdadero acto de agresi\u00f3n. No se trata solo de una medida econ\u00f3mica. Es, a ojos de quienes la padecen, una sentencia de muerte a la industria fueguina, al trabajo, y a un modelo productivo que, aunque golpeado, todav\u00eda subsist\u00eda como basti\u00f3n de soberan\u00eda nacional.<\/p>\n\n\n\n<p>La respuesta fue r\u00e1pida y contundente. La CGT, la CTA y los gremios fueguinos de todos los sectores anunciaron un paro total provincial para el pr\u00f3ximo 21 de mayo. No es una huelga m\u00e1s. Es una advertencia, una alarma roja encendida ante lo que describen como un nuevo embate de un \u00abgobierno entreguista\u00bb, que no vacila en dinamitar estructuras productivas enteras a cambio de un gui\u00f1o del Fondo Monetario Internacional.<\/p>\n\n\n\n<p>Porque esa es, en el fondo, la esencia del conflicto: la decisi\u00f3n de Milei de avanzar con la desprotecci\u00f3n de la industria nacional forma parte de una larga lista de gestos serviles hacia los intereses financieros internacionales. El plan econ\u00f3mico \u2014si as\u00ed puede llamarse a esta sucesi\u00f3n de podas, ventas de activos y aperturas sin estrategia\u2014 no tiene en cuenta ni el empleo, ni el tejido social, ni mucho menos la historia de lucha de los trabajadores fueguinos.<\/p>\n\n\n\n<p>\u201cEl nuevo ataque del Gobierno Nacional al trabajo y la producci\u00f3n de Tierra del Fuego, Ant\u00e1rtida e Islas del Atl\u00e1ntico Sur y al pueblo fueguino en general\u201d, as\u00ed lo caracterizan los gremios en un comunicado que destila indignaci\u00f3n y dignidad. Denuncian que la baja de aranceles y la reducci\u00f3n de impuestos internos a televisores, aires acondicionados y otros productos electr\u00f3nicos significa el fin para buena parte de las industrias que, desde hace d\u00e9cadas, han sostenido la econom\u00eda provincial.<\/p>\n\n\n\n<figure class=\"wp-block-embed is-type-rich is-provider-twitter wp-block-embed-twitter\"><div class=\"wp-block-embed__wrapper\">\n<blockquote class=\"twitter-tweet\" data-width=\"550\" data-dnt=\"true\"><p lang=\"es\" dir=\"ltr\">Paro total en las f\u00e1bricas de BGH y Mirgor en Tierra del Fuego. Le bajaron los impuestos a los productos importados y no se los bajaron a la industria local, 7000 personas se quedan sin trabajo <a href=\"https:\/\/t.co\/cDbFasvk2v\">pic.twitter.com\/cDbFasvk2v<\/a><\/p>&mdash; Arrepentidos de Milei (@ArrepentidosLLA) <a href=\"https:\/\/twitter.com\/ArrepentidosLLA\/status\/1922997154211143991?ref_src=twsrc%5Etfw\">May 15, 2025<\/a><\/blockquote><script async src=\"https:\/\/platform.twitter.com\/widgets.js\" charset=\"utf-8\"><\/script>\n<\/div><\/figure>\n\n\n\n<p>No es exageraci\u00f3n. La baja del 16% al 8% del arancel a los celulares, prevista en una primera etapa, y su posterior eliminaci\u00f3n total en enero de 2026, no puede leerse en abstracto. Significa que productos fabricados en Asia o ensamblados en Brasil inundar\u00e1n el mercado argentino sin pagar tributos, mientras las plantas fueguinas quedar\u00e1n asfixiadas por la competencia desigual. Las empresas cerrar\u00e1n. Los trabajadores ser\u00e1n despedidos. Las familias quedar\u00e1n a la deriva. Y todo esto, en nombre de una supuesta \u00ablibre competencia\u00bb que no es m\u00e1s que un eufemismo para justificar el desmantelamiento de la industria nacional.<\/p>\n\n\n\n<p>El mensaje de los trabajadores fueguinos no deja lugar a dudas: \u201cLe decimos basta a un plan que solo apunta a la especulaci\u00f3n financiera y a la depredaci\u00f3n de nuestras riquezas naturales en favor de intereses extranjeros\u201d. Es un grito que no solo interpela al Gobierno, sino tambi\u00e9n al resto del pa\u00eds. Porque lo que est\u00e1 en juego no es solo el destino de una provincia. Es el modelo de pa\u00eds.<\/p>\n\n\n\n<figure class=\"wp-block-embed is-type-rich is-provider-twitter wp-block-embed-twitter\"><div class=\"wp-block-embed__wrapper\">\n<blockquote class=\"twitter-tweet\" data-width=\"550\" data-dnt=\"true\"><p lang=\"es\" dir=\"ltr\">La idea de establecer exenciones impositivas a Tierra del fuego, es para favorecer el establecimiento de argentinos en esa region, asi evitar que sea invadido por Chilenos. Este gobierno pretende abandonar a esa provincia con la excusa de ser &quot;inviable&quot; (Sigue) <a href=\"https:\/\/t.co\/5GfYMbwlzj\">pic.twitter.com\/5GfYMbwlzj<\/a><\/p>&mdash; Vengador Recargado (@El_vengaK) <a href=\"https:\/\/twitter.com\/El_vengaK\/status\/1922992049592135733?ref_src=twsrc%5Etfw\">May 15, 2025<\/a><\/blockquote><script async src=\"https:\/\/platform.twitter.com\/widgets.js\" charset=\"utf-8\"><\/script>\n<\/div><\/figure>\n\n\n\n<p>Durante a\u00f1os, la industria fueguina ha sido objeto de debate y controversia. Sus detractores la tildan de cara, subsidiada, artificial. Pero sus defensores \u2014y entre ellos, con raz\u00f3n, se cuentan los sindicatos\u2014 recuerdan que fue parte de un proyecto estrat\u00e9gico para poblar el sur, generar empleo de calidad y sostener la presencia argentina en territorios geopol\u00edticamente sensibles. Tierra del Fuego no es solo un punto en el mapa: es una frontera. Y desindustrializarla, en tiempos en que se discute la soberan\u00eda sobre el Atl\u00e1ntico Sur, no es solo un error econ\u00f3mico. Es un acto de claudicaci\u00f3n pol\u00edtica.<\/p>\n\n\n\n<p>Lo m\u00e1s grave es que esta medida no llega sola. Forma parte de una secuencia m\u00e1s amplia de pol\u00edticas de desguace. Desde su llegada a la Casa Rosada, Javier Milei ha hecho de la motosierra un s\u00edmbolo. Pero detr\u00e1s del marketing libertario, lo que queda es un pa\u00eds cada vez m\u00e1s desigual, m\u00e1s endeudado, m\u00e1s ajeno a los intereses de su pueblo. Y en ese camino, los trabajadores siempre terminan pagando la cuenta.<\/p>\n\n\n\n<p>El paro anunciado para el 21 de mayo ser\u00e1 un hito. No solo por su dimensi\u00f3n provincial, sino por lo que representa simb\u00f3licamente. Es la respuesta de una comunidad que no se resigna. Que se organiza. Que alza la voz. En tiempos donde el Gobierno nacional avanza con blindaje medi\u00e1tico y represi\u00f3n simb\u00f3lica sobre todo tipo de protesta social, el pueblo fueguino planta bandera.<\/p>\n\n\n\n<p>Los gremios fueron claros: \u201cLa fuerza del trabajo fueguino en su conjunto nos ponemos en pie de lucha ante este nuevo embate\u201d. Lo hacen con la legitimidad de quienes defienden el pan sobre la mesa, pero tambi\u00e9n con la convicci\u00f3n de que la patria no se entrega. No es solo una consigna: es una necesidad vital. En cada f\u00e1brica que se cierra, en cada despido que se produce, en cada arancel que se elimina, se juega una parte del futuro nacional.<\/p>\n\n\n\n<p>Javier Milei, en su af\u00e1n por exhibirse como el adalid del libre mercado, no titubea en ceder soberan\u00eda, destruir empleo y priorizar balances financieros sobre las vidas concretas de miles de familias. Su plan \u2014si se lo puede llamar as\u00ed\u2014 no tiene otro sustento que la especulaci\u00f3n, la dolarizaci\u00f3n impl\u00edcita y la apuesta ciega a una fantas\u00eda de crecimiento que nunca llega. La evidencia est\u00e1 a la vista: lo \u00fanico que crece es el desempleo, la pobreza y la desesperanza.<\/p>\n\n\n\n<p>El 21 de mayo, entonces, no ser\u00e1 solo un d\u00eda de paro. Ser\u00e1 una jornada de memoria, de dignidad y de lucha. Tierra del Fuego hablar\u00e1 en nombre propio, pero tambi\u00e9n lo har\u00e1 por todos aquellos rincones del pa\u00eds que sienten que el ajuste ya no aprieta, sino que ahoga.<\/p>\n\n\n\n<p>No se trata de romanticismo. Se trata de realidad. Y la realidad, por m\u00e1s que el Gobierno intente taparla con discursos delirantes sobre la libertad, es que detr\u00e1s de cada medida de desregulaci\u00f3n hay un rostro. Un trabajador que pierde su empleo. Una familia que no llega a fin de mes. Una comunidad que se desintegra.<\/p>\n\n\n\n<p>Y mientras Milei sigue prometiendo un pa\u00eds de unicornios financieros, Tierra del Fuego se planta. Porque hay momentos en que callar es ser c\u00f3mplice. Y este, sin dudas, no es uno de ellos.<\/p>\n\n\n\n<p>Fuente:<\/p>\n\n\n\n<ul class=\"wp-block-list\">\n<li><a href=\"https:\/\/noticiasargentinas.com\/economia\/paro-total-en-tierra-del-fuego-por-la-baja-de-aranceles-que-determino-el-gobierno_a682658a0ee954a1d689e7dc9\">https:\/\/noticiasargentinas.com\/economia\/paro-total-en-tierra-del-fuego-por-la-baja-de-aranceles-que-determino-el-gobierno_a682658a0ee954a1d689e7dc9<\/a><\/li>\n<\/ul>\n","protected":false},"excerpt":{"rendered":"<p>La eliminaci\u00f3n de aranceles a productos electr\u00f3nicos pone en jaque a la industria fueguina y desata un paro provincial. Sindicatos denuncian un ataque directo a la soberan\u00eda y el empleo, mientras Milei prioriza el ajuste dictado por el FMI. Tierra del Fuego, en pie de lucha contra la desindustrializaci\u00f3n planificada.<\/p>\n","protected":false},"author":1,"featured_media":4183,"comment_status":"open","ping_status":"open","sticky":false,"template":"","format":"standard","meta":{"_monsterinsights_skip_tracking":false,"_monsterinsights_sitenote_active":false,"_monsterinsights_sitenote_note":"","_monsterinsights_sitenote_category":0,"footnotes":"","jetpack_publicize_message":"\ud83d\udce3 \u00a1La Patagonia se planta! Tierra del Fuego va al paro total este 21 de mayo. El ajuste de Milei arrasa con la industria y deja miles de familias al borde del abismo. \ud83c\udfed\ud83d\udca5\n\ud83d\udcaa La lucha es por soberan\u00eda y trabajo.","jetpack_publicize_feature_enabled":true,"jetpack_social_post_already_shared":false,"jetpack_social_options":{"image_generator_settings":{"template":"highway","enabled":false},"version":2}},"categories":[2],"tags":[58,202,43,57,90,29,45,904,30,167],"class_list":["post-4182","post","type-post","status-publish","format-standard","has-post-thumbnail","hentry","category-politica","tag-ajuste","tag-aranceles","tag-crisis","tag-desempleo","tag-fmi","tag-industria","tag-milei","tag-sindicatos","tag-soberania","tag-tecnologia"],"jetpack_publicize_connections":[],"_links":{"self":[{"href":"https:\/\/www.enorsai.com\/noticias\/wp-json\/wp\/v2\/posts\/4182","targetHints":{"allow":["GET"]}}],"collection":[{"href":"https:\/\/www.enorsai.com\/noticias\/wp-json\/wp\/v2\/posts"}],"about":[{"href":"https:\/\/www.enorsai.com\/noticias\/wp-json\/wp\/v2\/types\/post"}],"author":[{"embeddable":true,"href":"https:\/\/www.enorsai.com\/noticias\/wp-json\/wp\/v2\/users\/1"}],"replies":[{"embeddable":true,"href":"https:\/\/www.enorsai.com\/noticias\/wp-json\/wp\/v2\/comments?post=4182"}],"version-history":[{"count":1,"href":"https:\/\/www.enorsai.com\/noticias\/wp-json\/wp\/v2\/posts\/4182\/revisions"}],"predecessor-version":[{"id":4184,"href":"https:\/\/www.enorsai.com\/noticias\/wp-json\/wp\/v2\/posts\/4182\/revisions\/4184"}],"wp:featuredmedia":[{"embeddable":true,"href":"https:\/\/www.enorsai.com\/noticias\/wp-json\/wp\/v2\/media\/4183"}],"wp:attachment":[{"href":"https:\/\/www.enorsai.com\/noticias\/wp-json\/wp\/v2\/media?parent=4182"}],"wp:term":[{"taxonomy":"category","embeddable":true,"href":"https:\/\/www.enorsai.com\/noticias\/wp-json\/wp\/v2\/categories?post=4182"},{"taxonomy":"post_tag","embeddable":true,"href":"https:\/\/www.enorsai.com\/noticias\/wp-json\/wp\/v2\/tags?post=4182"}],"curies":[{"name":"wp","href":"https:\/\/api.w.org\/{rel}","templated":true}]}}