{"id":4179,"date":"2025-05-16T07:01:24","date_gmt":"2025-05-16T10:01:24","guid":{"rendered":"https:\/\/www.enorsai.com\/noticias\/?p=4179"},"modified":"2025-05-16T07:01:24","modified_gmt":"2025-05-16T10:01:24","slug":"leandro-santoro-cerro-su-campana-con-una-defensa-encendida-de-la-educacion-publica-los-valores-humanistas-y-la-justicia-social","status":"publish","type":"post","link":"https:\/\/www.enorsai.com\/noticias\/politica\/leandro-santoro-cerro-su-campana-con-una-defensa-encendida-de-la-educacion-publica-los-valores-humanistas-y-la-justicia-social\/","title":{"rendered":"Leandro Santoro cerr\u00f3 su campa\u00f1a con una defensa encendida de la educaci\u00f3n p\u00fablica, los valores humanistas y la justicia social"},"content":{"rendered":"\n<p><strong><em>El \u00faltimo basti\u00f3n en disputa: la Ciudad como campo de batalla entre el ajuste libertario y la resistencia democr\u00e1tica, en contraste la derecha desmembrada, atrapada en su propia guerra de egos, traiciones y discursos de odio.<\/em><\/strong><\/p>\n\n\n\n<p>Mientras Milei suspende un viaje al Vaticano para no perderse la foto y el PRO intenta blindarse con figuras gastadas, la campa\u00f1a porte\u00f1a desenmascara la crueldad de un modelo que convierte al Estado en enemigo y a la pol\u00edtica en una farsa. El acto de Santoro en la Facultad de Medicina marc\u00f3 un cierre con contenido, \u00e9tica y coraje frente a una derecha que se devora a s\u00ed misma.<\/p>\n\n\n\n<p>En una ciudad desgastada por a\u00f1os de gesti\u00f3n amarilla, atravesada ahora por el hurac\u00e1n libertario, Leandro Santoro eligi\u00f3 un escenario con peso simb\u00f3lico: el Aula Magna de la Facultad de Medicina de la UBA. No fue casual. La universidad p\u00fablica, basti\u00f3n de pensamiento cr\u00edtico y movilidad social, fue el tel\u00f3n de fondo para un cierre de campa\u00f1a que no evit\u00f3 confrontar, denunciar y proponer. Con tono firme y contenido emocional, Santoro clav\u00f3 el eje del debate donde debe estar: en la \u00e9tica, en la justicia social, en el respeto por los m\u00e1s vulnerables. En un tiempo donde parece estar de moda re\u00edrse de los pobres, hablar de comunidad suena casi revolucionario.<\/p>\n\n\n\n<p>Desde ese espacio cargado de historia, acompa\u00f1ado por Claudia Negri \u2014vicedecana de la facultad y tambi\u00e9n candidata\u2014, Santoro no solo cerr\u00f3 una campa\u00f1a, sino que encendi\u00f3 una alarma. Una advertencia ante el avance de un modelo pol\u00edtico que promueve el ajuste como dogma y la crueldad como m\u00e9todo. \u201cVamos a ponerles un freno al abandono y a la crueldad\u201d, dijo, y lo dijo con la convicci\u00f3n de quien no est\u00e1 actuando para la c\u00e1mara, sino plantando una bandera.<\/p>\n\n\n\n<p>Mientras tanto, el resto de los actores pol\u00edticos porte\u00f1os montaban puestas en escena dignas de un drama de baja calidad. El PRO, con sus figuras recicladas \u2014los primos Macri, Vidal, Quir\u00f3s\u2014, pretend\u00eda transmitir unidad desde el Club 17 de Agosto. Pero lo que se vio fue otra cosa: fastidio, nerviosismo, calor pol\u00edtico real. Las facturas cruzadas no se hicieron esperar. Larreta pidi\u00f3 disculpas p\u00fablicas por haber tra\u00eddo a Jorge Macri a la ciudad. Jorge Macri, por su parte, ningune\u00f3 a los candidatos que ya se anotan para 2027. Lospennato cerr\u00f3 su intervenci\u00f3n con un grito que suena vac\u00edo: \u201cElijan decentes\u201d, como si el PRO no estuviera plagado de nombres manchados por negocios y silencios c\u00f3mplices.<\/p>\n\n\n\n<p>El desorden interno de la derecha no es solo una interna. Es el reflejo de algo m\u00e1s profundo: la putrefacci\u00f3n de una clase dirigente que perdi\u00f3 el sentido de lo p\u00fablico y se entreg\u00f3 al narcisismo de sus propios liderazgos fracasados. Santoro lo dijo con claridad: \u201cJuntos por el Cambio le compr\u00f3 el discurso a Milei y despu\u00e9s Milei los traicion\u00f3. Se traicionan entre ellos. Eso le va a pasar a la Argentina si no frenamos este modelo. Es un modelo fratricida\u201d.<\/p>\n\n\n\n<p>La traici\u00f3n como l\u00f3gica de poder. La deshumanizaci\u00f3n como recurso electoral. El desprecio por el otro convertido en programa de gobierno. Eso es lo que est\u00e1 en juego. Santoro no habla solamente de Jorge Macri o de Javier Milei. Habla de un clima de \u00e9poca donde un vocero presidencial, que adem\u00e1s es candidato, cancela anuncios econ\u00f3micos para evitar acusaciones de proselitismo, mientras el presidente suspende una visita al Papa para no perderse una foto electoral. El poder convertido en espect\u00e1culo. La pol\u00edtica transformada en farsa.<\/p>\n\n\n\n<p>Y no es que la campa\u00f1a porte\u00f1a haya sido ajena a esta l\u00f3gica. Todo lo contrario. Fue, desde el principio, una extensi\u00f3n del conflicto nacional. Milei quiere arrasar con el basti\u00f3n hist\u00f3rico del PRO como parte de su guerra por el control total de la derecha argentina. Lo hace con su estilo: brutal, individualista, mesi\u00e1nico. En ese contexto, Santoro aparece como una anomal\u00eda. Habla de comunidad. De justicia social. De valores humanistas. Evoca a Pepe Mujica y al Papa Francisco. \u00bfRomanticismo? Puede ser. Pero tambi\u00e9n una forma de resistencia frente al cinismo reinante.<\/p>\n\n\n\n<figure class=\"wp-block-embed is-type-rich is-provider-twitter wp-block-embed-twitter\"><div class=\"wp-block-embed__wrapper\">\n<blockquote class=\"twitter-tweet\" data-width=\"550\" data-dnt=\"true\"><p lang=\"es\" dir=\"ltr\">\ud83d\udea8 EL 18 TODOS CON SANTORO \ud83d\udea8 <br><br>Leandro Santoro cierra su campa\u00f1a y el domingo ganar\u00e1 las elecciones. <a href=\"https:\/\/t.co\/jofuPNfmjw\">pic.twitter.com\/jofuPNfmjw<\/a><\/p>&mdash; Santoro El toro \ud83c\udde6\ud83c\uddf7 (@LJS_caba) <a href=\"https:\/\/twitter.com\/LJS_caba\/status\/1923175703991718307?ref_src=twsrc%5Etfw\">May 16, 2025<\/a><\/blockquote><script async src=\"https:\/\/platform.twitter.com\/widgets.js\" charset=\"utf-8\"><\/script>\n<\/div><\/figure>\n\n\n\n<p>La imagen es potente. Una Facultad de Medicina te\u00f1ida de verde. Un candidato que no promete fantas\u00edas, sino que interpela. Que no grita, pero s\u00ed acusa. Que no apela al odio, sino al proyecto colectivo. Es una bocanada de aire fresco en un escenario saturado de slogans vac\u00edos y marketing hueco.<\/p>\n\n\n\n<p>En el otro rinc\u00f3n del ring, el PRO se esfuerza por mostrarse de pie. Macri proclama que est\u00e1n \u201cunidos\u201d, mientras sigue repartiendo culpas por el fracaso del a\u00f1o pasado. Lospennato intenta bajar l\u00ednea con un discurso moralista que suena impostado, y Jorge Macri se defiende atacando a su propio espacio. \u00bfC\u00f3mo no va a oler a derrota?<\/p>\n\n\n\n<p>Y mientras tanto, Larreta \u2014ese eterno piloto autom\u00e1tico de la pol\u00edtica\u2014 recorre la ciudad jugando al billar, comiendo pizza, apareciendo en streams. \u00bfD\u00f3nde qued\u00f3 el jefe de gobierno que se presentaba como el gestor por excelencia? Hoy pide perd\u00f3n, casi en voz baja, por haberle abierto la puerta al primo del expresidente. El gesto es tard\u00edo y revela, m\u00e1s que autocr\u00edtica, desesperaci\u00f3n.<\/p>\n\n\n\n<p>Ramiro Marra, por su parte, opt\u00f3 por el silencio esc\u00e9nico: nada de actos, solo videos en redes. El exilio libertario tiene ese sabor amargo de quien fue \u00fatil y luego descartado. Un s\u00edntoma m\u00e1s de una pol\u00edtica que devora a sus hijos a la velocidad de las tendencias en X.<\/p>\n\n\n\n<p>En este contexto de descomposici\u00f3n, Santoro no solo representa una candidatura. Representa una esperanza. La posibilidad de que todav\u00eda haya lugar para una pol\u00edtica con contenido, con sensibilidad social, con propuestas concretas que no pasen por el recorte, el odio ni la humillaci\u00f3n. Su cierre de campa\u00f1a no fue un show, fue una toma de posici\u00f3n. Un acto pol\u00edtico en el sentido m\u00e1s noble del t\u00e9rmino.<\/p>\n\n\n\n<p>Por eso, cuando llam\u00f3 a \u201ccaminar juntos para despertar esa ciudad rebelde que siempre so\u00f1amos\u201d, no estaba apelando a la nostalgia. Estaba invitando a la acci\u00f3n. A la participaci\u00f3n. A la construcci\u00f3n de una Ciudad donde los hospitales sigan siendo gratuitos, donde las universidades p\u00fablicas no sean un lujo, donde la palabra \u201csolidaridad\u201d no sea un insulto.<\/p>\n\n\n\n<p>El desaf\u00edo no es menor. El gobierno de Javier Milei ya mostr\u00f3 de lo que es capaz: cerrar ministerios, paralizar pol\u00edticas p\u00fablicas, burlarse del hambre, despedir por WhatsApp. Lo que est\u00e1 en juego no es solo qui\u00e9n gana el domingo, sino qu\u00e9 modelo de sociedad queremos construir. Santoro lo entendi\u00f3. Sus rivales, en cambio, parecen atrapados en una competencia de vanidades que los aleja cada vez m\u00e1s de la realidad.<\/p>\n\n\n\n<p>La campa\u00f1a termin\u00f3. Ahora queda la decisi\u00f3n. En una ciudad con historia de lucha, con memoria, con universidades que forman a miles de pibes sin pedirles m\u00e1s que ganas de aprender, el voto puede ser tambi\u00e9n una forma de resistencia. Porque frente a la crueldad, frente al abandono, frente a la pol\u00edtica como negocio, todav\u00eda hay quienes eligen la pol\u00edtica como herramienta de transformaci\u00f3n. Santoro eligi\u00f3 ese camino. Y no est\u00e1 solo.<\/p>\n\n\n\n<p>Fuente:<\/p>\n\n\n\n<ul class=\"wp-block-list\">\n<li><a href=\"https:\/\/www.pagina12.com.ar\/826042-leandro-santoro-cerro-su-campana-vamos-a-ponerles-un-freno-a\">https:\/\/www.pagina12.com.ar\/826042-leandro-santoro-cerro-su-campana-vamos-a-ponerles-un-freno-a<\/a><\/li>\n<\/ul>\n","protected":false},"excerpt":{"rendered":"<p>El \u00faltimo basti\u00f3n en disputa: la Ciudad como campo de batalla entre el ajuste libertario y la resistencia democr\u00e1tica, en contraste la derecha desmembrada, atrapada en su propia guerra de egos, traiciones y discursos de odio. Mientras Milei suspende un viaje al Vaticano para no perderse la foto y el PRO intenta blindarse con figuras&#8230;<\/p>\n","protected":false},"author":1,"featured_media":4180,"comment_status":"open","ping_status":"open","sticky":false,"template":"","format":"standard","meta":{"_monsterinsights_skip_tracking":false,"_monsterinsights_sitenote_active":false,"_monsterinsights_sitenote_note":"","_monsterinsights_sitenote_category":0,"footnotes":"","jetpack_publicize_message":"\ud83d\udce2 \u201c\u00a1Basta de crueldad y abandono!\u201d Leandro Santoro encendi\u00f3 la campa\u00f1a con un mensaje contundente contra la derecha porte\u00f1a. El PRO se rompe, Milei se desespera y la Ciudad busca recuperar su rebeld\u00eda \u270a","jetpack_publicize_feature_enabled":true,"jetpack_social_post_already_shared":false,"jetpack_social_options":{"image_generator_settings":{"template":"highway","enabled":false},"version":2}},"categories":[2],"tags":[1438,1437,190,1206,514,45,72,616,802,1382],"class_list":["post-4179","post","type-post","status-publish","format-standard","has-post-thumbnail","hentry","category-politica","tag-campana","tag-ciudad","tag-elecciones","tag-lospennato","tag-macri","tag-milei","tag-politica","tag-pro","tag-santoro","tag-uba"],"jetpack_publicize_connections":[],"_links":{"self":[{"href":"https:\/\/www.enorsai.com\/noticias\/wp-json\/wp\/v2\/posts\/4179","targetHints":{"allow":["GET"]}}],"collection":[{"href":"https:\/\/www.enorsai.com\/noticias\/wp-json\/wp\/v2\/posts"}],"about":[{"href":"https:\/\/www.enorsai.com\/noticias\/wp-json\/wp\/v2\/types\/post"}],"author":[{"embeddable":true,"href":"https:\/\/www.enorsai.com\/noticias\/wp-json\/wp\/v2\/users\/1"}],"replies":[{"embeddable":true,"href":"https:\/\/www.enorsai.com\/noticias\/wp-json\/wp\/v2\/comments?post=4179"}],"version-history":[{"count":1,"href":"https:\/\/www.enorsai.com\/noticias\/wp-json\/wp\/v2\/posts\/4179\/revisions"}],"predecessor-version":[{"id":4181,"href":"https:\/\/www.enorsai.com\/noticias\/wp-json\/wp\/v2\/posts\/4179\/revisions\/4181"}],"wp:featuredmedia":[{"embeddable":true,"href":"https:\/\/www.enorsai.com\/noticias\/wp-json\/wp\/v2\/media\/4180"}],"wp:attachment":[{"href":"https:\/\/www.enorsai.com\/noticias\/wp-json\/wp\/v2\/media?parent=4179"}],"wp:term":[{"taxonomy":"category","embeddable":true,"href":"https:\/\/www.enorsai.com\/noticias\/wp-json\/wp\/v2\/categories?post=4179"},{"taxonomy":"post_tag","embeddable":true,"href":"https:\/\/www.enorsai.com\/noticias\/wp-json\/wp\/v2\/tags?post=4179"}],"curies":[{"name":"wp","href":"https:\/\/api.w.org\/{rel}","templated":true}]}}