{"id":4170,"date":"2025-05-15T07:39:51","date_gmt":"2025-05-15T10:39:51","guid":{"rendered":"https:\/\/www.enorsai.com\/noticias\/?p=4170"},"modified":"2025-05-15T07:40:11","modified_gmt":"2025-05-15T10:40:11","slug":"nuevas-mentiras-de-adorni-en-campana-las-medidas-contra-migrantes-son-puro-humo","status":"publish","type":"post","link":"https:\/\/www.enorsai.com\/noticias\/politica\/nuevas-mentiras-de-adorni-en-campana-las-medidas-contra-migrantes-son-puro-humo\/","title":{"rendered":"Nuevas mentiras de Adorni en campa\u00f1a: las medidas contra migrantes son puro humo"},"content":{"rendered":"\n<p><strong><em>El vocero Presidencial, Manuel Adorni, utiliz\u00f3 su cargo en el gobierno de Javier Milei para hacer un anuncio en medio de la campa\u00f1a electoral de medio t\u00e9rmino en la Ciudad de Buenos Aires.<\/em><\/strong><\/p>\n\n\n\n<p>El secretario de Comunicaci\u00f3n y Medios, que depende directamente de Presidencia, y candidato a legislador de CABA por La Libertad Avanza utiliz\u00f3 el atril oficial para anunciar medidas en contra de las personas migrantes, como la prohibici\u00f3n de ingresar al pa\u00eds para extranjeros condenados por delitos, o que los residentes deber\u00e1n pagar por la atenci\u00f3n en la salud. A su vez habilita a las universidades nacionales a cobrar aranceles a las personas de otros pa\u00edses.<\/p>\n\n\n\n<p>\u201cCualquier condenado que intente ingresar ser\u00e1 rechazado por las autoridades migratorias. Y quienes sean encontrados en flagrancia ingresando por pasos no habilitados ser\u00e1n inmediatamente expulsados\u201d, expres\u00f3 durante la conferencia de prensa de esta ma\u00f1ana.<\/p>\n\n\n\n<p>Luego detall\u00f3 que los \u201cresidentes transitorios y temporales deber\u00e1n pagar por los servicios de salud\u201d. Para eso, deber\u00e1n presentar un seguro m\u00e9dico \u201cpara garantizar esa capacidad de pago\u201d.<\/p>\n\n\n\n<p>Otro \u00edtem que inform\u00f3 Adorni fue la entrega de ciudadan\u00eda argentina a aquellas personas que residan de forma contin\u00faa durante dos a\u00f1os en el pa\u00eds sin abandonar el territorio nacional.<\/p>\n\n\n\n<p>Estos anuncios se dan en la previa de las elecciones del domingo 18 para ocupar una banca en la Legislatura porte\u00f1a. Adorni hab\u00eda reducido en los \u00faltimos meses la cantidad de conferencias de prensa pero a medida que se acerc\u00f3 la fecha de la elecci\u00f3n las retom\u00f3 con una frecuencia diaria.<\/p>\n\n\n\n<p>En abril solo dio dos conferencias. Una el d\u00eda 3 y otra a fin de mes, el 30. En mayo, con la recta final de la campa\u00f1a en el horizonte, volvi\u00f3 al ruedo con cinco conferencias en un mes. El 7, 8, 12, 13 y este mi\u00e9rcoles 14.<\/p>\n\n\n\n<p>Por FARCO noticias<\/p>\n","protected":false},"excerpt":{"rendered":"<p>El vocero Presidencial, Manuel Adorni, utiliz\u00f3 su cargo en el gobierno de Javier Milei para hacer un anuncio en medio de la campa\u00f1a electoral de medio t\u00e9rmino en la Ciudad de Buenos Aires. El secretario de Comunicaci\u00f3n y Medios, que depende directamente de Presidencia, y candidato a legislador de CABA por La Libertad Avanza utiliz\u00f3&#8230;<\/p>\n","protected":false},"author":5,"featured_media":4171,"comment_status":"open","ping_status":"open","sticky":false,"template":"","format":"standard","meta":{"_monsterinsights_skip_tracking":false,"_monsterinsights_sitenote_active":false,"_monsterinsights_sitenote_note":"","_monsterinsights_sitenote_category":0,"footnotes":"","jetpack_publicize_message":"","jetpack_publicize_feature_enabled":true,"jetpack_social_post_already_shared":true,"jetpack_social_options":{"image_generator_settings":{"template":"highway","default_image_id":0,"font":"","enabled":false},"version":2}},"categories":[2],"tags":[880,232,72],"class_list":["post-4170","post","type-post","status-publish","format-standard","has-post-thumbnail","hentry","category-politica","tag-adorni","tag-estafa","tag-politica"],"jetpack_publicize_connections":[],"_links":{"self":[{"href":"https:\/\/www.enorsai.com\/noticias\/wp-json\/wp\/v2\/posts\/4170","targetHints":{"allow":["GET"]}}],"collection":[{"href":"https:\/\/www.enorsai.com\/noticias\/wp-json\/wp\/v2\/posts"}],"about":[{"href":"https:\/\/www.enorsai.com\/noticias\/wp-json\/wp\/v2\/types\/post"}],"author":[{"embeddable":true,"href":"https:\/\/www.enorsai.com\/noticias\/wp-json\/wp\/v2\/users\/5"}],"replies":[{"embeddable":true,"href":"https:\/\/www.enorsai.com\/noticias\/wp-json\/wp\/v2\/comments?post=4170"}],"version-history":[{"count":3,"href":"https:\/\/www.enorsai.com\/noticias\/wp-json\/wp\/v2\/posts\/4170\/revisions"}],"predecessor-version":[{"id":4174,"href":"https:\/\/www.enorsai.com\/noticias\/wp-json\/wp\/v2\/posts\/4170\/revisions\/4174"}],"wp:featuredmedia":[{"embeddable":true,"href":"https:\/\/www.enorsai.com\/noticias\/wp-json\/wp\/v2\/media\/4171"}],"wp:attachment":[{"href":"https:\/\/www.enorsai.com\/noticias\/wp-json\/wp\/v2\/media?parent=4170"}],"wp:term":[{"taxonomy":"category","embeddable":true,"href":"https:\/\/www.enorsai.com\/noticias\/wp-json\/wp\/v2\/categories?post=4170"},{"taxonomy":"post_tag","embeddable":true,"href":"https:\/\/www.enorsai.com\/noticias\/wp-json\/wp\/v2\/tags?post=4170"}],"curies":[{"name":"wp","href":"https:\/\/api.w.org\/{rel}","templated":true}]}}