{"id":417,"date":"2025-01-31T11:00:00","date_gmt":"2025-01-31T11:00:00","guid":{"rendered":"https:\/\/www.enorsai.com\/noticias\/?p=417"},"modified":"2025-02-01T11:23:18","modified_gmt":"2025-02-01T11:23:18","slug":"aseguran-que-la-carne-aumentara-entre-un-15-y-un-20-en-los-proximos-dias","status":"publish","type":"post","link":"https:\/\/www.enorsai.com\/noticias\/economia\/aseguran-que-la-carne-aumentara-entre-un-15-y-un-20-en-los-proximos-dias\/","title":{"rendered":"Aseguran que la carne aumentar\u00e1 entre un 15 y un 20% en los pr\u00f3ximos d\u00edas"},"content":{"rendered":"\n<p>As\u00ed lo informaron fuentes del sector agreganadero.<\/p>\n<p>En las \u00faltimas semanas\u00a0<strong>el precio de la carne registr\u00f3 un aument\u00f3 un 7% en los frigor\u00edficos<\/strong>\u00a0por una reducci\u00f3n significativa en la hacienda en el\u00a0<strong>Mercado Agroganadero de Ca\u00f1uelas (MAG).<\/strong><\/p>\n<p>Seg\u00fan informaron fuentes del sector agreganadero,<strong>\u00a0el mercado vacuno registr\u00f3 una ca\u00edda del 15%<\/strong>. Esta disminuci\u00f3n estaba prevista para m\u00e1s adelante, pero se adelant\u00f3 debido a factores clim\u00e1ticos y decisiones de producci\u00f3n.<\/p>\n<p>El titular de CICCRA Carnes\u00a0<strong>Miguel Schiariti\u00a0<\/strong>explic\u00f3 que <strong>\u00absi se confirmaran los precios de martes y mi\u00e9rcoles, seguramente los precios se van a trasladar a la carnicer\u00eda y tendr\u00edan alrededor de un 15% o un 20% de aumento.\u00a0<\/strong>Por esto debemos esperar a que se ratifique el precio de la hacienda. Si no se ratifica, si vuelve a caer el precio, seguramente no se va a trasladar\u00bb, agreg\u00f3.<\/p>\n<p>Sin embargo otros sectores agroganadores se\u00f1alaron que la ca\u00edda de la oferta ya est\u00e1 refleja en los valores de la hacienda. En la \u00faltima jornada,\u00a0<strong>los precios del novillito superaron por primera vez en el a\u00f1o los $3.000 pesos por kilo<\/strong>, consolidando una tendencia alcista.<\/p>\n<p>De acuerdo con analistas del sector, esta suba responde a la disminuci\u00f3n de stock en los frigor\u00edficos y tendr\u00e1 un impacto directo en los valores al consumidor, \u00ab<strong>con ajustes que podr\u00edan ubicarse entre un 5% y un 7% en los pr\u00f3ximos d\u00edas\u00bb.<\/strong><\/p>\n","protected":false},"excerpt":{"rendered":"<p>As\u00ed lo informaron fuentes del sector agreganadero. En las \u00faltimas semanas\u00a0el precio de la carne registr\u00f3 un aument\u00f3 un 7% en los frigor\u00edficos\u00a0por una reducci\u00f3n significativa en la hacienda en el\u00a0Mercado Agroganadero de Ca\u00f1uelas (MAG). Seg\u00fan informaron fuentes del sector agreganadero,\u00a0el mercado vacuno registr\u00f3 una ca\u00edda del 15%. Esta disminuci\u00f3n estaba prevista para m\u00e1s adelante,&#8230;<\/p>\n","protected":false},"author":7,"featured_media":418,"comment_status":"open","ping_status":"open","sticky":false,"template":"","format":"standard","meta":{"_monsterinsights_skip_tracking":false,"_monsterinsights_sitenote_active":false,"_monsterinsights_sitenote_note":"","_monsterinsights_sitenote_category":0,"footnotes":"","jetpack_publicize_message":"","jetpack_publicize_feature_enabled":true,"jetpack_social_post_already_shared":true,"jetpack_social_options":{"image_generator_settings":{"template":"highway","default_image_id":0,"font":"","enabled":false},"version":2}},"categories":[3],"tags":[],"class_list":["post-417","post","type-post","status-publish","format-standard","has-post-thumbnail","hentry","category-economia"],"jetpack_publicize_connections":[],"_links":{"self":[{"href":"https:\/\/www.enorsai.com\/noticias\/wp-json\/wp\/v2\/posts\/417","targetHints":{"allow":["GET"]}}],"collection":[{"href":"https:\/\/www.enorsai.com\/noticias\/wp-json\/wp\/v2\/posts"}],"about":[{"href":"https:\/\/www.enorsai.com\/noticias\/wp-json\/wp\/v2\/types\/post"}],"author":[{"embeddable":true,"href":"https:\/\/www.enorsai.com\/noticias\/wp-json\/wp\/v2\/users\/7"}],"replies":[{"embeddable":true,"href":"https:\/\/www.enorsai.com\/noticias\/wp-json\/wp\/v2\/comments?post=417"}],"version-history":[{"count":1,"href":"https:\/\/www.enorsai.com\/noticias\/wp-json\/wp\/v2\/posts\/417\/revisions"}],"predecessor-version":[{"id":472,"href":"https:\/\/www.enorsai.com\/noticias\/wp-json\/wp\/v2\/posts\/417\/revisions\/472"}],"wp:featuredmedia":[{"embeddable":true,"href":"https:\/\/www.enorsai.com\/noticias\/wp-json\/wp\/v2\/media\/418"}],"wp:attachment":[{"href":"https:\/\/www.enorsai.com\/noticias\/wp-json\/wp\/v2\/media?parent=417"}],"wp:term":[{"taxonomy":"category","embeddable":true,"href":"https:\/\/www.enorsai.com\/noticias\/wp-json\/wp\/v2\/categories?post=417"},{"taxonomy":"post_tag","embeddable":true,"href":"https:\/\/www.enorsai.com\/noticias\/wp-json\/wp\/v2\/tags?post=417"}],"curies":[{"name":"wp","href":"https:\/\/api.w.org\/{rel}","templated":true}]}}