{"id":4147,"date":"2025-05-14T19:27:47","date_gmt":"2025-05-14T22:27:47","guid":{"rendered":"https:\/\/www.enorsai.com\/noticias\/?p=4147"},"modified":"2025-06-03T16:42:51","modified_gmt":"2025-06-03T19:42:51","slug":"el-avaro-moliere-revive-en-almagro-con-humor-acido-y-una-puesta-vibrante","status":"publish","type":"post","link":"https:\/\/www.enorsai.com\/noticias\/cultura\/el-avaro-moliere-revive-en-almagro-con-humor-acido-y-una-puesta-vibrante\/","title":{"rendered":"\u201cEl Avaro\u201d: Moli\u00e8re revive en Almagro con humor \u00e1cido y una puesta vibrante"},"content":{"rendered":"\n<h3 class=\"wp-block-heading\"><strong>Una comedia cl\u00e1sica que se actualiza sin perder su filo: la codicia, hoy como ayer, sigue dando risa y escalofr\u00edos<\/strong><\/h3>\n\n\n\n<p>El domingo <strong>13 de abril a las 18hs<\/strong> se estren\u00f3 en <strong>MUY Teatro (Humahuaca 4310, Almagro, CABA)<\/strong> una nueva versi\u00f3n de <strong>\u201cEl Avaro\u201d<\/strong>, de <strong>Moli\u00e8re<\/strong>, bajo la direcci\u00f3n integral de <strong>Alberto Madin<\/strong>, quien tambi\u00e9n se encarg\u00f3 de la adaptaci\u00f3n, el vestuario y la ambientaci\u00f3n de esta apuesta esc\u00e9nica que logra refrescar un cl\u00e1sico sin despojarlo de su profundidad.<\/p>\n\n\n\n<p>Con funciones programadas todos los <strong>domingos a las 18hs<\/strong> y entradas a <strong>$12.000<\/strong>, esta obra demuestra que el teatro de autor sigue vivo cuando hay creatividad, inteligencia y sensibilidad para hacerlo dialogar con el presente.<\/p>\n\n\n\n<p><\/p>\n\n\n\n<h3 class=\"wp-block-heading\"><strong>Una s\u00e1tira que no pasa de moda<\/strong><\/h3>\n\n\n\n<p>En tiempos donde la avaricia se disfraza de virtud y el ego\u00edsmo se justifica con discursos de meritocracia, <strong>Moli\u00e8re<\/strong> vuelve a clavar su aguij\u00f3n. <strong>\u201cEl Avaro\u201d<\/strong>, escrito en el siglo XVII, parece haber sido pensado para el siglo XXI. En el centro de la escena est\u00e1 <strong>Harpag\u00f3n<\/strong>, un hombre cegado por el amor al dinero, cuya obsesi\u00f3n lo aliena de sus hijos, sus empleados y de cualquier lazo afectivo. No disfruta, no comparte, no conf\u00eda. S\u00f3lo acumula.<\/p>\n\n\n\n<p>La versi\u00f3n dirigida por <strong>Madin<\/strong> acierta al subrayar con iron\u00eda y un ritmo \u00e1gil ese grotesco que emerge de la mezquindad. Cada gesto, cada palabra, cada mirada construye una s\u00e1tira social que nos devuelve una imagen deformada, pero veros\u00edmil, del mundo que habitamos.<\/p>\n\n\n\n<figure class=\"wp-block-gallery has-nested-images columns-default is-cropped wp-block-gallery-1 is-layout-flex wp-block-gallery-is-layout-flex\">\n<figure class=\"wp-block-image size-large\"><img loading=\"lazy\" decoding=\"async\" width=\"1024\" height=\"728\" data-id=\"4149\" src=\"https:\/\/www.enorsai.com\/noticias\/wp-content\/uploads\/2025\/05\/El-avaro-2-1024x728.jpg\" alt=\"\" class=\"wp-image-4149\" srcset=\"https:\/\/www.enorsai.com\/noticias\/wp-content\/uploads\/2025\/05\/El-avaro-2-1024x728.jpg 1024w, https:\/\/www.enorsai.com\/noticias\/wp-content\/uploads\/2025\/05\/El-avaro-2-300x213.jpg 300w, https:\/\/www.enorsai.com\/noticias\/wp-content\/uploads\/2025\/05\/El-avaro-2-768x546.jpg 768w, https:\/\/www.enorsai.com\/noticias\/wp-content\/uploads\/2025\/05\/El-avaro-2.jpg 1280w\" sizes=\"auto, (max-width: 1024px) 100vw, 1024px\" \/><\/figure>\n\n\n\n<figure class=\"wp-block-image size-large\"><img loading=\"lazy\" decoding=\"async\" width=\"724\" height=\"1024\" data-id=\"4150\" src=\"https:\/\/www.enorsai.com\/noticias\/wp-content\/uploads\/2025\/05\/domingos-17h-Muy-Teatro-724x1024.png\" alt=\"\" class=\"wp-image-4150\" srcset=\"https:\/\/www.enorsai.com\/noticias\/wp-content\/uploads\/2025\/05\/domingos-17h-Muy-Teatro-724x1024.png 724w, https:\/\/www.enorsai.com\/noticias\/wp-content\/uploads\/2025\/05\/domingos-17h-Muy-Teatro-212x300.png 212w, https:\/\/www.enorsai.com\/noticias\/wp-content\/uploads\/2025\/05\/domingos-17h-Muy-Teatro-768x1086.png 768w, https:\/\/www.enorsai.com\/noticias\/wp-content\/uploads\/2025\/05\/domingos-17h-Muy-Teatro-1086x1536.png 1086w, https:\/\/www.enorsai.com\/noticias\/wp-content\/uploads\/2025\/05\/domingos-17h-Muy-Teatro.png 1414w\" sizes=\"auto, (max-width: 724px) 100vw, 724px\" \/><\/figure>\n\n\n\n<figure class=\"wp-block-image size-large\"><img loading=\"lazy\" decoding=\"async\" width=\"1024\" height=\"576\" data-id=\"4151\" src=\"https:\/\/www.enorsai.com\/noticias\/wp-content\/uploads\/2025\/05\/El-avaro-3-1024x576.jpg\" alt=\"\" class=\"wp-image-4151\" srcset=\"https:\/\/www.enorsai.com\/noticias\/wp-content\/uploads\/2025\/05\/El-avaro-3-1024x576.jpg 1024w, https:\/\/www.enorsai.com\/noticias\/wp-content\/uploads\/2025\/05\/El-avaro-3-300x169.jpg 300w, https:\/\/www.enorsai.com\/noticias\/wp-content\/uploads\/2025\/05\/El-avaro-3-768x432.jpg 768w, https:\/\/www.enorsai.com\/noticias\/wp-content\/uploads\/2025\/05\/El-avaro-3-1536x864.jpg 1536w, https:\/\/www.enorsai.com\/noticias\/wp-content\/uploads\/2025\/05\/El-avaro-3.jpg 1600w\" sizes=\"auto, (max-width: 1024px) 100vw, 1024px\" \/><\/figure>\n<\/figure>\n\n\n\n<p><\/p>\n\n\n\n<h3 class=\"wp-block-heading\"><strong>Direcci\u00f3n, elenco y est\u00e9tica en perfecta sinton\u00eda<\/strong><\/h3>\n\n\n\n<p>El elenco integrado por <strong>Ariel Arroyo, Leandro Caccia, Alberto Alburquerque, Daniel Di Rubba, Roc\u00edo Est\u00e9vez, Alejandra Figueras, Rub\u00e9n Noceda, Ernesto Ocampo, Rub\u00e9n Otero y Micaela Ventoso<\/strong>, ofrece actuaciones s\u00f3lidas, con especial \u00e9nfasis en el ritmo c\u00f3mico y la expresividad corporal, clave en este tipo de comedia de enredos. El trabajo vocal y gestual de los int\u00e9rpretes est\u00e1 cuidadosamente calibrado para sostener el tono grotesco sin caer en el exceso.<\/p>\n\n\n\n<p>La musicalizaci\u00f3n de <strong>Andy Buonfrate<\/strong> aporta una atm\u00f3sfera l\u00fadica que potencia los momentos de mayor comicidad, mientras que el vestuario y la ambientaci\u00f3n, tambi\u00e9n dise\u00f1ados por <strong>Madin<\/strong>, agregan color, textura y una est\u00e9tica visual que capta la atenci\u00f3n desde el primer minuto.<\/p>\n\n\n\n<p><\/p>\n\n\n\n<h3 class=\"wp-block-heading\"><strong>Un cl\u00e1sico que entretiene y hace pensar<\/strong><\/h3>\n\n\n\n<p>Esta versi\u00f3n de <em>El Avaro<\/em> cumple con creces la consigna que el propio <strong>Moli\u00e8re<\/strong> sosten\u00eda: <em>\u201cLa regla de oro, por sobre todas las cosas, es divertir.\u201d<\/em> Pero lo hace sin resignar profundidad, utilizando el humor como una herramienta de reflexi\u00f3n sobre las miserias humanas. La codicia, esa enfermedad del alma que todo lo corroe, es retratada aqu\u00ed con inteligencia y agudeza, provocando carcajadas inc\u00f3modas que revelan una verdad inc\u00f3moda: <strong>Harpag\u00f3n no es solo un personaje del pasado\u2026 es tambi\u00e9n un rostro de nuestro presente.<\/strong><\/p>\n\n\n\n<hr class=\"wp-block-separator has-alpha-channel-opacity\"\/>\n\n\n\n<h3 class=\"wp-block-heading\">\ud83d\udccc <strong>Ficha t\u00e9cnica<\/strong><\/h3>\n\n\n\n<ul class=\"wp-block-list\">\n<li><strong>Obra:<\/strong> <em>El Avaro<\/em><\/li>\n\n\n\n<li><strong>Autor:<\/strong> Moli\u00e8re<\/li>\n\n\n\n<li><strong>Direcci\u00f3n general, adaptaci\u00f3n, vestuario y ambientaci\u00f3n:<\/strong> Alberto Madin<\/li>\n\n\n\n<li><strong>Asistencia de direcci\u00f3n:<\/strong> Lina Rodr\u00edguez<\/li>\n\n\n\n<li><strong>Elenco:<\/strong> Ariel Arroyo, Leandro Caccia, Alberto Alburquerque, Daniel Di Rubba, Roc\u00edo Est\u00e9vez, Alejandra Figueras, Rub\u00e9n Noceda, Ernesto Ocampo, Rub\u00e9n Otero, Micaela Ventoso<\/li>\n\n\n\n<li><strong>Musicalizaci\u00f3n:<\/strong> Andy Buonfrate<\/li>\n\n\n\n<li><strong>Duraci\u00f3n:<\/strong> 70 minutos<\/li>\n\n\n\n<li><strong>Funciones:<\/strong> Domingos 18hs<\/li>\n\n\n\n<li><strong>Lugar:<\/strong> MUY Teatro \u2013 Humahuaca 4310, Almagro, CABA<\/li>\n\n\n\n<li><strong>Entradas:<\/strong> $12.000<\/li>\n\n\n\n<li><strong>Reservas:<\/strong> <a class=\"\" href=\"https:\/\/www.alternativateatral.com.ar\/obra90870-el-avaro\">Alternativa Teatral<\/a><\/li>\n<\/ul>\n","protected":false},"excerpt":{"rendered":"<p>\u201cEl Avaro\u201d, dirigido por Alberto Madin, actualiza con humor feroz el cl\u00e1sico de Moli\u00e8re. Una s\u00e1tira sobre la codicia que conserva toda su vigencia y dinamismo, con una puesta colorida y actuaciones precisas. Todos los domingos a las 18hs en MUY Teatro. Risas, reflexi\u00f3n y cr\u00edtica social aseguradas.<\/p>\n","protected":false},"author":1,"featured_media":4148,"comment_status":"open","ping_status":"open","sticky":false,"template":"","format":"standard","meta":{"_monsterinsights_skip_tracking":false,"_monsterinsights_sitenote_active":false,"_monsterinsights_sitenote_note":"","_monsterinsights_sitenote_category":0,"footnotes":"","jetpack_publicize_message":"\ud83d\udcb0 \u00bfHasta d\u00f3nde puede llegar alguien por no gastar ni un centavo?\n\ud83c\udfad \u201cEl Avaro\u201d de Moli\u00e8re vuelve al escenario con una versi\u00f3n vibrante y filosa dirigida por Alberto Madin. Risas, reflexiones y una cr\u00edtica feroz a la codicia moderna.\n\ud83d\udccd Domingos 18hs en MUY Teatro","jetpack_publicize_feature_enabled":true,"jetpack_social_post_already_shared":false,"jetpack_social_options":{"image_generator_settings":{"template":"highway","enabled":false},"version":2}},"categories":[5,1585],"tags":[1428,1425,1424,1423,1430,1429,1431,1426,1427,907],"class_list":["post-4147","post","type-post","status-publish","format-standard","has-post-thumbnail","hentry","category-cultura","category-cultura-teatro","tag-avaricia","tag-clasico","tag-codicia","tag-comedia","tag-direccion","tag-escenografia","tag-humor","tag-moliere","tag-satira","tag-teatro"],"jetpack_publicize_connections":[],"_links":{"self":[{"href":"https:\/\/www.enorsai.com\/noticias\/wp-json\/wp\/v2\/posts\/4147","targetHints":{"allow":["GET"]}}],"collection":[{"href":"https:\/\/www.enorsai.com\/noticias\/wp-json\/wp\/v2\/posts"}],"about":[{"href":"https:\/\/www.enorsai.com\/noticias\/wp-json\/wp\/v2\/types\/post"}],"author":[{"embeddable":true,"href":"https:\/\/www.enorsai.com\/noticias\/wp-json\/wp\/v2\/users\/1"}],"replies":[{"embeddable":true,"href":"https:\/\/www.enorsai.com\/noticias\/wp-json\/wp\/v2\/comments?post=4147"}],"version-history":[{"count":1,"href":"https:\/\/www.enorsai.com\/noticias\/wp-json\/wp\/v2\/posts\/4147\/revisions"}],"predecessor-version":[{"id":4152,"href":"https:\/\/www.enorsai.com\/noticias\/wp-json\/wp\/v2\/posts\/4147\/revisions\/4152"}],"wp:featuredmedia":[{"embeddable":true,"href":"https:\/\/www.enorsai.com\/noticias\/wp-json\/wp\/v2\/media\/4148"}],"wp:attachment":[{"href":"https:\/\/www.enorsai.com\/noticias\/wp-json\/wp\/v2\/media?parent=4147"}],"wp:term":[{"taxonomy":"category","embeddable":true,"href":"https:\/\/www.enorsai.com\/noticias\/wp-json\/wp\/v2\/categories?post=4147"},{"taxonomy":"post_tag","embeddable":true,"href":"https:\/\/www.enorsai.com\/noticias\/wp-json\/wp\/v2\/tags?post=4147"}],"curies":[{"name":"wp","href":"https:\/\/api.w.org\/{rel}","templated":true}]}}