{"id":4139,"date":"2025-05-14T12:45:02","date_gmt":"2025-05-14T15:45:02","guid":{"rendered":"https:\/\/www.enorsai.com\/noticias\/politica\/trumpismo-criollo-en-campana-milei-y-adorni-desatan-el-odio-antimigrante\/"},"modified":"2025-05-14T12:45:02","modified_gmt":"2025-05-14T15:45:02","slug":"trumpismo-criollo-en-campana-milei-y-adorni-desatan-el-odio-antimigrante","status":"publish","type":"post","link":"https:\/\/www.enorsai.com\/noticias\/politica\/trumpismo-criollo-en-campana-milei-y-adorni-desatan-el-odio-antimigrante\/","title":{"rendered":"Trumpismo criollo en campa\u00f1a: Milei y Adorni desatan el odio antimigrante"},"content":{"rendered":"\n<p>En clave electoral, el vocero presidencial y candidato de La Libertad Avanza anuncia una reforma migratoria regresiva: deportaciones expr\u00e9s, restricciones a la ciudadan\u00eda, cobros en salud y educaci\u00f3n, y una ret\u00f3rica de odio que emula a la ultraderecha global.<br><br>El gobierno de Javier Milei est\u00e1 dispuesto a prender fuego todos los puentes posibles con tal de sumar un voto m\u00e1s en las elecciones legislativas del pr\u00f3ximo domingo en la Ciudad de Buenos Aires. A solo cuatro d\u00edas de los comicios, Manuel Adorni, vocero presidencial devenido en candidato, anunci\u00f3 una bater\u00eda de reformas al r\u00e9gimen migratorio argentino que no solo contradicen la Constituci\u00f3n Nacional y la ley vigente, sino que adem\u00e1s se inscriben en la tradici\u00f3n m\u00e1s rancia y peligrosa del nacionalismo excluyente.<br><br>El mensaje fue claro y brutal: \u00abEl que miente ser\u00e1 expulsado. El condenado ser\u00e1 deportado. Y si no sos residente, tendr\u00e1s que pagar por la salud y la educaci\u00f3n\u00bb. As\u00ed, sin matices ni precisiones legales, el portavoz del libertarismo en el poder se par\u00f3 frente a los micr\u00f3fonos para instalar una bomba de humo trumpista: demonizar a los migrantes para redirigir el enojo social que provocan el ajuste, la licuaci\u00f3n de salarios y jubilaciones, y el vaciamiento del Estado.<br><br>Adorni lo hizo, como siempre, con una performance sobreactuada y un manejo de datos m\u00e1s que dudoso. Habl\u00f3 de \u00ab1.700.000 inmigrantes irregulares\u00bb en los \u00faltimos 20 a\u00f1os \u2014una cifra imposible de verificar\u2014 y sostuvo que \u00abmuchos de ellos no vienen a trabajar, sino a delinquir\u00bb. La apelaci\u00f3n al imaginario del \u201cextranjero peligroso\u201d no es nueva, pero ahora llega desde el propio coraz\u00f3n del Ejecutivo. La construcci\u00f3n del enemigo interno toma forma, y no es casual: Milei necesita dividir, distraer y disciplinar.<br><br><br><br><strong>Una reforma hecha a medida del odio<\/strong><br><br>La iniciativa, seg\u00fan detall\u00f3 Adorni, se implementar\u00e1 por decreto, sin pasar por el Congreso. La lista de cambios que anunci\u00f3 \u2014que ya genera alarma en organismos de derechos humanos\u2014 incluye:<br><br>Deportaci\u00f3n autom\u00e1tica de toda persona condenada, sin importar la gravedad del delito.<br><br>Rechazo en frontera de personas con antecedentes penales.<br><br>Expulsi\u00f3n por falsedad en la documentaci\u00f3n migratoria.<br><br>Reducci\u00f3n de plazos de apelaci\u00f3n para evitar que \u00abse queden a\u00f1os haciendo chicanas judiciales\u00bb.<br><br>Cobro obligatorio de servicios de salud a residentes transitorios o temporales.<br><br>Habilitaci\u00f3n a universidades para cobrar aranceles a estudiantes no residentes.<br><br>Endurecimiento de requisitos para obtener residencia permanente y ciudadan\u00eda.<br><br><br>Es un combo de exclusi\u00f3n que busca institucionalizar la xenofobia como pol\u00edtica de Estado. Como si se tratara de un recorte del manual de Steve Bannon o un calco de los discursos de Donald Trump, la Argentina que enarbol\u00f3 durante d\u00e9cadas una pol\u00edtica migratoria abierta, ahora da un giro represivo y discriminador.<br><br><br><br><strong>\u00bfCu\u00e1l es el verdadero impacto? M\u00ednimo, pero ruidoso<\/strong><br><br>Los argumentos del gobierno se desmoronan frente a los datos oficiales. Seg\u00fan el propio Ministerio de Salud de la Naci\u00f3n, el gasto en atenci\u00f3n m\u00e9dica a extranjeros no residentes representa entre el 0,2% y el 1,2% del total, dependiendo la provincia. En Buenos Aires, por ejemplo, apenas llega al 0,8% de las internaciones.<br><br>En el \u00e1mbito educativo, el impacto tambi\u00e9n es marginal: de los m\u00e1s de 2.7 millones de estudiantes universitarios, apenas un 4,5% son extranjeros, y la mayor\u00eda reside legalmente. Adem\u00e1s, muchas universidades p\u00fablicas ya cobran matr\u00edculas diferenciadas a quienes no tienen residencia permanente, en el marco de su autonom\u00eda. El anuncio de Adorni, entonces, no modifica sustancialmente nada, pero alimenta el relato del \u00abextranjero que se lleva todo sin aportar nada\u00bb, una mentira peligrosa.<br><br><br><br><strong>Contra la ley, la historia y la Constituci\u00f3n<\/strong><br><br>La Ley 25.871, sancionada en 2003, establece con claridad que \u201cel derecho a migrar es esencial e inalienable\u201d. La norma fue elogiada por organismos internacionales y convirti\u00f3 a la Argentina en modelo de inclusi\u00f3n en la regi\u00f3n. Pero todo eso ahora se pone en jaque.<br><br>El pre\u00e1mbulo de la Constituci\u00f3n Nacional es inequ\u00edvoco: \u00abTodos los hombres del mundo que quieran habitar el suelo argentino\u00bb. Javier Milei, que se dice liberal, parece no haberlo le\u00eddo. O peor: lo ley\u00f3 y quiere reescribirlo bajo el pu\u00f1o de hierro del darwinismo social.<br><br>Los expertos en derecho constitucional ya advierten que estas medidas podr\u00edan ser declaradas inconstitucionales. Ni siquiera el Decreto 70\/2017 de Mauricio Macri, que tambi\u00e9n busc\u00f3 endurecer la pol\u00edtica migratoria, logr\u00f3 sortear los fallos judiciales que lo frenaron por violar el debido proceso y los tratados internacionales.<br><br><br><br><strong>Milei: entre el cinismo, la crueldad y la campa\u00f1a<\/strong><br><br>Esta nueva avanzada antimigrante llega en medio de una crisis pol\u00edtica y econ\u00f3mica feroz. La inflaci\u00f3n no cede, el poder adquisitivo se pulveriza, las universidades est\u00e1n al borde del colapso, y la conflictividad social crece. En ese contexto, el gobierno elige alimentar la confrontaci\u00f3n con el eslab\u00f3n m\u00e1s d\u00e9bil: el extranjero pobre.<br><br>Como en toda cruzada reaccionaria, la b\u00fasqueda no es resolver un problema real, sino crear uno simb\u00f3lico para cohesionar a una base electoral desencantada. El miedo, el odio y el prejuicio son herramientas de campa\u00f1a. La Argentina de Milei construye un enemigo por d\u00eda: ayer fueron los docentes, antes de ayer los cient\u00edficos, hoy son los migrantes. Ma\u00f1ana, qui\u00e9n sabe.<\/p>\n\n\n\n<p>Fuente:<\/p>\n\n\n\n<ul class=\"wp-block-list\">\n<li>https:\/\/www.pagina12.com.ar\/825581-adorni-suma-a-su-campana-el-odio-antimigrante<\/li>\n<\/ul>\n","protected":false},"excerpt":{"rendered":"<p>En clave electoral, el vocero presidencial y candidato de La Libertad Avanza anuncia una reforma migratoria regresiva: deportaciones expr\u00e9s, restricciones a la ciudadan\u00eda, cobros en salud y educaci\u00f3n, y una ret\u00f3rica de odio que emula a la ultraderecha global. El gobierno de Javier Milei est\u00e1 dispuesto a prender fuego todos los puentes posibles con tal&#8230;<\/p>\n","protected":false},"author":1,"featured_media":4138,"comment_status":"open","ping_status":"open","sticky":false,"template":"","format":"standard","meta":{"_monsterinsights_skip_tracking":false,"_monsterinsights_sitenote_active":false,"_monsterinsights_sitenote_note":"","_monsterinsights_sitenote_category":0,"footnotes":"","jetpack_publicize_message":"","jetpack_publicize_feature_enabled":true,"jetpack_social_post_already_shared":true,"jetpack_social_options":{"image_generator_settings":{"template":"highway","default_image_id":0,"font":"","enabled":false},"version":2}},"categories":[2],"tags":[880],"class_list":["post-4139","post","type-post","status-publish","format-standard","has-post-thumbnail","hentry","category-politica","tag-adorni"],"jetpack_publicize_connections":[],"_links":{"self":[{"href":"https:\/\/www.enorsai.com\/noticias\/wp-json\/wp\/v2\/posts\/4139","targetHints":{"allow":["GET"]}}],"collection":[{"href":"https:\/\/www.enorsai.com\/noticias\/wp-json\/wp\/v2\/posts"}],"about":[{"href":"https:\/\/www.enorsai.com\/noticias\/wp-json\/wp\/v2\/types\/post"}],"author":[{"embeddable":true,"href":"https:\/\/www.enorsai.com\/noticias\/wp-json\/wp\/v2\/users\/1"}],"replies":[{"embeddable":true,"href":"https:\/\/www.enorsai.com\/noticias\/wp-json\/wp\/v2\/comments?post=4139"}],"version-history":[{"count":0,"href":"https:\/\/www.enorsai.com\/noticias\/wp-json\/wp\/v2\/posts\/4139\/revisions"}],"wp:featuredmedia":[{"embeddable":true,"href":"https:\/\/www.enorsai.com\/noticias\/wp-json\/wp\/v2\/media\/4138"}],"wp:attachment":[{"href":"https:\/\/www.enorsai.com\/noticias\/wp-json\/wp\/v2\/media?parent=4139"}],"wp:term":[{"taxonomy":"category","embeddable":true,"href":"https:\/\/www.enorsai.com\/noticias\/wp-json\/wp\/v2\/categories?post=4139"},{"taxonomy":"post_tag","embeddable":true,"href":"https:\/\/www.enorsai.com\/noticias\/wp-json\/wp\/v2\/tags?post=4139"}],"curies":[{"name":"wp","href":"https:\/\/api.w.org\/{rel}","templated":true}]}}