{"id":4123,"date":"2025-05-13T19:14:18","date_gmt":"2025-05-13T22:14:18","guid":{"rendered":"http:\/\/www.enorsai.com\/noticias\/?p=4123"},"modified":"2025-05-13T19:14:18","modified_gmt":"2025-05-13T22:14:18","slug":"que-festejan-chaco-prefirio-no-elegir-el-verdadero-ganador-fue-la-abstencion-con-un-478","status":"publish","type":"post","link":"https:\/\/www.enorsai.com\/noticias\/politica\/que-festejan-chaco-prefirio-no-elegir-el-verdadero-ganador-fue-la-abstencion-con-un-478\/","title":{"rendered":"\u00bfQu\u00e9 festejan? Chaco prefiri\u00f3 no elegir, el verdadero ganador fue la abstenci\u00f3n con un 47,8%"},"content":{"rendered":"\n<p><strong><em>El 47,8% de los chaque\u00f1os no fue a votar, superando el 45,2% de votos que obtuvo Julio C\u00e9sar Ferro, el improvisado candidato de \u201cChaco Puede\u201d + La Libertad Avanza. Capitanich, con propuestas y trayectoria, qued\u00f3 segundo con el 33,7%. El mayoritario rechazo a la pol\u00edtica no es neutro: es funcional al poder real.<\/em><\/strong><\/p>\n\n\n\n<p>El nuevo gobernador electo no fue el m\u00e1s representativo, sino el menos resistido por un electorado que en su mayor\u00eda prefiri\u00f3 el silencio. La abstenci\u00f3n gan\u00f3, y detr\u00e1s de ella se impone una forma de antipol\u00edtica que vac\u00eda el sentido de las elecciones. Capitanich, con propuestas claras y una visi\u00f3n estructural, fue el \u00fanico que defendi\u00f3 la pol\u00edtica como herramienta de transformaci\u00f3n.<\/p>\n\n\n\n<p><\/p>\n\n\n\n<h3 class=\"wp-block-heading\">\u00bfQue festejan los libertarios?<\/h3>\n\n\n\n<p>Las urnas hablaron en Chaco, pero no dijeron lo que muchos creen. <strong>No gan\u00f3 Ferro. Tampoco perdi\u00f3 Capitanich. El gran ausente fue el pueblo en las urnas: casi la mitad del electorado, un 47,8%, no fue a votar.<\/strong> Un n\u00famero demoledor que eclipsa cualquier festejo partidario. Porque cuando la mayor\u00eda se abstiene, lo que triunfa no es un modelo, sino <strong>el vac\u00edo<\/strong>.<\/p>\n\n\n\n<p>Julio C\u00e9sar Ferro, con el sello \u201cChaco Puede\u201d + La Libertad Avanza, <strong>gan\u00f3 con el 45,2% de los votos v\u00e1lidos emitidos<\/strong>, pero si se analiza en relaci\u00f3n al padr\u00f3n total, representa <strong>menos del 24% de los chaque\u00f1os habilitados para votar.<\/strong> Es decir, fue elegido por menos de uno de cada cuatro ciudadanos. \u00bfEso es una victoria o apenas una se\u00f1al de oportunidad aprovechada en un campo social desmovilizado?<\/p>\n\n\n\n<p>Ferro lleg\u00f3 impulsado por el viento nacional de Milei, pero sin estructura territorial ni programa claro. Su campa\u00f1a fue puro eslogan: orden, seguridad, cambio. <strong>Sin propuestas concretas, sin equipos, sin historia, sin pasado ni futuro.<\/strong> Apenas un reflejo de ese fen\u00f3meno nacional donde la pol\u00edtica es reemplazada por influencers, slogans y promesas imposibles. <strong>Un producto, no un proyecto.<\/strong><\/p>\n\n\n\n<p>Lo preocupante no es solo su escaso respaldo, sino <strong>la liviandad con la que se lo proclama \u201cganador\u201d.<\/strong> En realidad, <strong>la sociedad chaque\u00f1a no eligi\u00f3 un rumbo: eligi\u00f3 desentenderse.<\/strong> Y eso, lejos de ser un cambio, es la profundizaci\u00f3n de una crisis.<\/p>\n\n\n\n<p><\/p>\n\n\n\n<h3 class=\"wp-block-heading\">La abstenci\u00f3n: un voto silencioso, pero contundente<\/h3>\n\n\n\n<p>Con un <strong>47,8% de abstenci\u00f3n<\/strong>, el mayoritario fue el <strong>rechazo<\/strong>. Rechazo al sistema, al Estado, a los partidos, a todo. Es un fen\u00f3meno que <strong>no puede ser interpretado como apat\u00eda o comodidad<\/strong>, sino como <strong>desafecci\u00f3n estructural<\/strong>. <strong>La democracia representativa est\u00e1 resquebrajada cuando la mayor\u00eda no se siente representada por nadie.<\/strong><\/p>\n\n\n\n<p>Y ese terreno f\u00e9rtil para el vac\u00edo es tambi\u00e9n <strong>el terreno f\u00e9rtil para la derecha m\u00e1s agresiva.<\/strong> Porque cuando se abandona la pol\u00edtica, la antipol\u00edtica ocupa el lugar. Y detr\u00e1s de ella, <strong>el mercado, los sectores concentrados y los poderes que no se votan.<\/strong><\/p>\n\n\n\n<p><\/p>\n\n\n\n<h3 class=\"wp-block-heading\">Capitanich: la derrota digna del que defiende la pol\u00edtica<\/h3>\n\n\n\n<p>En este escenario desolador, <strong>la candidatura de Jorge Capitanich se sostuvo como un ejemplo de compromiso, programa y responsabilidad institucional.<\/strong> Con el <strong>33,7% de los votos<\/strong>, qued\u00f3 segundo. Pero a diferencia del triunfador, su campa\u00f1a <strong>no fue oportunista, sino propositiva.<\/strong><\/p>\n\n\n\n<p>Capitanich habl\u00f3 de infraestructura, salud, educaci\u00f3n, producci\u00f3n. Se enfrent\u00f3 al desinter\u00e9s con un <strong>mensaje claro, basado en la gesti\u00f3n, la experiencia y la planificaci\u00f3n.<\/strong> No apel\u00f3 al odio ni al eslogan vac\u00edo. No vendi\u00f3 humo. Habl\u00f3 de futuro, cuando todos miraban para otro lado.<\/p>\n\n\n\n<p>Su derrota no fue la de un dirigente, sino la de una generaci\u00f3n que a\u00fan cree en la pol\u00edtica como herramienta transformadora. <strong>En un mar de cinismo, la suya fue una candidatura con convicciones.<\/strong> Y eso, hoy, vale m\u00e1s que cualquier resultado electoral.<\/p>\n\n\n\n<p><\/p>\n\n\n\n<h3 class=\"wp-block-heading\">\u00bfQu\u00e9 pas\u00f3 en Chaco?<\/h3>\n\n\n\n<p>El peronismo, que durante a\u00f1os fue columna vertebral de la provincia, <strong>enfrenta el desaf\u00edo de reconectarse con una ciudadan\u00eda golpeada por la inflaci\u00f3n, el deterioro del empleo y la inseguridad.<\/strong> Pero al mismo tiempo, <strong>la alternativa que se impone no ofrece soluciones, sino bronca encapsulada en un rostro nuevo.<\/strong><\/p>\n\n\n\n<p>La pregunta que deja esta elecci\u00f3n no es por qu\u00e9 perdi\u00f3 Capitanich, sino <strong>por qu\u00e9 gan\u00f3 alguien con tan poco.<\/strong> Y la respuesta no est\u00e1 en los candidatos, sino en <strong>una ciudadan\u00eda que empieza a descreer de todo.<\/strong> El problema no es Ferro: <strong>el problema es la ausencia de pueblo en las decisiones.<\/strong><\/p>\n\n\n\n<p><strong>Lo que pas\u00f3 en Chaco no es una elecci\u00f3n: es un s\u00edntoma.<\/strong> De una democracia que pierde sentido si el pueblo no participa. De una pol\u00edtica sin \u00e9pica ni esperanza. De una ciudadan\u00eda aislada, frustrada, desmovilizada. Y en ese escenario, <strong>los ganadores no representan un proyecto, sino una oportunidad fugaz.<\/strong><\/p>\n\n\n\n<p><strong>Capitanich defendi\u00f3 la pol\u00edtica cuando era m\u00e1s dif\u00edcil hacerlo.<\/strong> La historia, a veces, no premia al que gana una elecci\u00f3n, sino al que se mantuvo de pie cuando todo parec\u00eda derrumbarse.<\/p>\n\n\n\n<hr class=\"wp-block-separator has-alpha-channel-opacity\"\/>\n\n\n\n<h3 class=\"wp-block-heading\">\ud83c\udff7\ufe0f Etiquetas:<\/h3>\n\n\n\n<ul class=\"wp-block-list\">\n<li>Elecciones Chaco 2025<\/li>\n\n\n\n<li>Ausentismo<\/li>\n\n\n\n<li>Julio C\u00e9sar Ferro<\/li>\n\n\n\n<li>Jorge Capitanich<\/li>\n\n\n\n<li>Antipol\u00edtica<\/li>\n<\/ul>\n\n\n\n<hr class=\"wp-block-separator has-alpha-channel-opacity\"\/>\n\n\n\n<h3 class=\"wp-block-heading\">\ud83d\udcf2 Post para Instagram:<\/h3>\n\n\n\n<p>\ud83d\udcc9 <em>En Chaco no gan\u00f3 Ferro, gan\u00f3 la abstenci\u00f3n: 47,8% del pueblo chaque\u00f1o no fue a votar.<\/em><br>\ud83e\udd16 Un candidato sin historia ni ideas asumir\u00e1 como gobernador con apenas un cuarto del padr\u00f3n.<br>\ud83e\uddd1\u200d\u2696\ufe0f Capitanich, con propuestas y coherencia, qued\u00f3 segundo en votos, pero primero en convicci\u00f3n.<br>\u26a0\ufe0f Cuando se abandona la pol\u00edtica, gobierna la antipol\u00edtica.<\/p>\n\n\n\n<p>\ud83d\udc49 La nota completa en <a href=\"http:\/\/www.enorsai.com.ar\/\">www.EnOrsai.com.ar<\/a><br>#Chaco #Elecciones #Capitanich #Ferro #Abstenci\u00f3n<\/p>\n\n\n\n<hr class=\"wp-block-separator has-alpha-channel-opacity\"\/>\n\n\n\n<p>\u00bfQuer\u00e9s que incluya variantes del t\u00edtulo con estilos tipo Rodolfo Walsh, NYTimes, o m\u00e1s sat\u00edricos?<\/p>\n","protected":false},"excerpt":{"rendered":"<p>El 47,8% de los chaque\u00f1os no fue a votar, superando el 45,2% de votos que obtuvo Julio C\u00e9sar Ferro, el improvisado candidato de \u201cChaco Puede\u201d + La Libertad Avanza. Capitanich, con propuestas y trayectoria, qued\u00f3 segundo con el 33,7%. El mayoritario rechazo a la pol\u00edtica no es neutro: es funcional al poder real. El nuevo&#8230;<\/p>\n","protected":false},"author":1,"featured_media":4124,"comment_status":"open","ping_status":"open","sticky":false,"template":"","format":"standard","meta":{"_monsterinsights_skip_tracking":false,"_monsterinsights_sitenote_active":false,"_monsterinsights_sitenote_note":"","_monsterinsights_sitenote_category":0,"footnotes":"","jetpack_publicize_message":"","jetpack_publicize_feature_enabled":true,"jetpack_social_post_already_shared":true,"jetpack_social_options":{"image_generator_settings":{"template":"highway","default_image_id":0,"font":"","enabled":false},"version":2}},"categories":[2],"tags":[1361,1374],"class_list":["post-4123","post","type-post","status-publish","format-standard","has-post-thumbnail","hentry","category-politica","tag-chaco","tag-leandro-zdero"],"jetpack_publicize_connections":[],"_links":{"self":[{"href":"https:\/\/www.enorsai.com\/noticias\/wp-json\/wp\/v2\/posts\/4123","targetHints":{"allow":["GET"]}}],"collection":[{"href":"https:\/\/www.enorsai.com\/noticias\/wp-json\/wp\/v2\/posts"}],"about":[{"href":"https:\/\/www.enorsai.com\/noticias\/wp-json\/wp\/v2\/types\/post"}],"author":[{"embeddable":true,"href":"https:\/\/www.enorsai.com\/noticias\/wp-json\/wp\/v2\/users\/1"}],"replies":[{"embeddable":true,"href":"https:\/\/www.enorsai.com\/noticias\/wp-json\/wp\/v2\/comments?post=4123"}],"version-history":[{"count":1,"href":"https:\/\/www.enorsai.com\/noticias\/wp-json\/wp\/v2\/posts\/4123\/revisions"}],"predecessor-version":[{"id":4125,"href":"https:\/\/www.enorsai.com\/noticias\/wp-json\/wp\/v2\/posts\/4123\/revisions\/4125"}],"wp:featuredmedia":[{"embeddable":true,"href":"https:\/\/www.enorsai.com\/noticias\/wp-json\/wp\/v2\/media\/4124"}],"wp:attachment":[{"href":"https:\/\/www.enorsai.com\/noticias\/wp-json\/wp\/v2\/media?parent=4123"}],"wp:term":[{"taxonomy":"category","embeddable":true,"href":"https:\/\/www.enorsai.com\/noticias\/wp-json\/wp\/v2\/categories?post=4123"},{"taxonomy":"post_tag","embeddable":true,"href":"https:\/\/www.enorsai.com\/noticias\/wp-json\/wp\/v2\/tags?post=4123"}],"curies":[{"name":"wp","href":"https:\/\/api.w.org\/{rel}","templated":true}]}}