{"id":4121,"date":"2025-05-13T17:07:32","date_gmt":"2025-05-13T20:07:32","guid":{"rendered":"https:\/\/www.enorsai.com\/noticias\/politica\/a-los-89-anos-fallecio-jose-pepe-mujica-simbolo-mundial-de-la-etica-politica-y-la-austeridad\/"},"modified":"2025-05-13T17:07:32","modified_gmt":"2025-05-13T20:07:32","slug":"a-los-89-anos-fallecio-jose-pepe-mujica-simbolo-mundial-de-la-etica-politica-y-la-austeridad","status":"publish","type":"post","link":"https:\/\/www.enorsai.com\/noticias\/politica\/a-los-89-anos-fallecio-jose-pepe-mujica-simbolo-mundial-de-la-etica-politica-y-la-austeridad\/","title":{"rendered":"A los 89 a\u00f1os, falleci\u00f3 Jos\u00e9 \u201cPepe\u201d Mujica, s\u00edmbolo mundial de la \u00e9tica pol\u00edtica y la austeridad"},"content":{"rendered":"\n<p><strong><em>Su muerte cierra una era en Am\u00e9rica Latina. Mujica no solo gobern\u00f3 Uruguay: lo habit\u00f3 con coherencia, humildad y una rebeld\u00eda que nunca se apag<\/em><\/strong><strong>\u00f3.<\/strong> <br><br>Jos\u00e9 \u201cPepe\u201d Mujica falleci\u00f3 este martes 13 de mayo de 2025 en su chacra de Montevideo, a los 89 a\u00f1os, tras una larga batalla contra el c\u00e1ncer de es\u00f3fago que se hab\u00eda extendido al h\u00edgado.\u00a0 En enero, hab\u00eda decidido abandonar los tratamientos m\u00e9dicos y afrontar el final con la misma dignidad con la que vivi\u00f3: \u201cEl guerrero tiene derecho a su descanso. Hasta aqu\u00ed llegu\u00e9\u201d, dijo entonces.\u00a0 <br><br>Su partida deja un vac\u00edo dif\u00edcil de llenar.\u00a0 Mujica no fue un pol\u00edtico m\u00e1s: fue un s\u00edmbolo viviente de la coherencia entre el decir y el hacer, un referente moral en un continente plagado por el cinismo y corrupci\u00f3n la corrupci\u00f3n de la derecha conservadora.\u00a0 Desde su juventud como guerrillero tupamaro, pasando por los casi 15 a\u00f1os de prisi\u00f3n \u2014muchos de ellos en condiciones inhumanas durante la dictadura uruguaya\u2014, hasta su llegada a la presidencia entre 2010 y 2015, su vida fue una lecci\u00f3n de resistencia, humildad y compromiso con los m\u00e1s vulnerables.\u00a0 <br><br>Durante su mandato, impuls\u00f3 pol\u00edticas progresistas que marcaron un hito en la regi\u00f3n: legaliz\u00f3 el matrimonio igualitario, el aborto y la marihuana, y promovi\u00f3 programas sociales como el Plan Juntos para viviendas y la creaci\u00f3n de la Universidad Tecnol\u00f3gica.\u00a0 Pero m\u00e1s all\u00e1 de las leyes, su legado reside en su estilo de vida austero y su discurso en favor de la igualdad y la \u00e9tica en la pol\u00edtica.\u00a0 <br><br>Mujica viv\u00eda en su modesta granja, conduc\u00eda un viejo Volkswagen Beetle y donaba la mayor parte de su salario presidencial a organizaciones ben\u00e9ficas.\u00a0 Su rechazo a los lujos del poder y su cercan\u00eda con la gente lo convirtieron en una figura entra\u00f1able y respetada a nivel mundial.\u00a0 Su esposa, Luc\u00eda Topolansky, tambi\u00e9n exguerrillera y senadora, fue su compa\u00f1era inseparable en la vida y en la lucha pol\u00edtica.\u00a0 <br><br>La noticia de su fallecimiento ha generado numerosas muestras de duelo y respeto en las redes sociales y entre l\u00edderes mundiales.\u00a0 El presidente del gobierno espa\u00f1ol, Pedro S\u00e1nchez, lo record\u00f3 como alguien que vivi\u00f3 y crey\u00f3 en un mundo mejor, calific\u00e1ndolo de figura \u00abeterna\u00bb.\u00a0 <br><br>Pepe Mujica fue m\u00e1s que un presidente: fue un ejemplo de que es posible hacer pol\u00edtica con honestidad, humildad y compromiso social.\u00a0 Su legado perdurar\u00e1 en las generaciones que buscan un mundo m\u00e1s justo y solidario. <br><br>Descansa en paz, Pepe. <\/p>\n","protected":false},"excerpt":{"rendered":"<p>Su muerte cierra una era en Am\u00e9rica Latina. Mujica no solo gobern\u00f3 Uruguay: lo habit\u00f3 con coherencia, humildad y una rebeld\u00eda que nunca se apag\u00f3. Jos\u00e9 \u201cPepe\u201d Mujica falleci\u00f3 este martes 13 de mayo de 2025 en su chacra de Montevideo, a los 89 a\u00f1os, tras una larga batalla contra el c\u00e1ncer de es\u00f3fago que&#8230;<\/p>\n","protected":false},"author":8,"featured_media":4120,"comment_status":"open","ping_status":"open","sticky":false,"template":"","format":"standard","meta":{"_monsterinsights_skip_tracking":false,"_monsterinsights_sitenote_active":false,"_monsterinsights_sitenote_note":"","_monsterinsights_sitenote_category":0,"footnotes":"","jetpack_publicize_message":"","jetpack_publicize_feature_enabled":true,"jetpack_social_post_already_shared":true,"jetpack_social_options":{"image_generator_settings":{"template":"highway","default_image_id":0,"font":"","enabled":false},"version":2}},"categories":[2],"tags":[1418,1167],"class_list":["post-4121","post","type-post","status-publish","format-standard","has-post-thumbnail","hentry","category-politica","tag-pepe-mujica","tag-uruguay"],"jetpack_publicize_connections":[],"_links":{"self":[{"href":"https:\/\/www.enorsai.com\/noticias\/wp-json\/wp\/v2\/posts\/4121","targetHints":{"allow":["GET"]}}],"collection":[{"href":"https:\/\/www.enorsai.com\/noticias\/wp-json\/wp\/v2\/posts"}],"about":[{"href":"https:\/\/www.enorsai.com\/noticias\/wp-json\/wp\/v2\/types\/post"}],"author":[{"embeddable":true,"href":"https:\/\/www.enorsai.com\/noticias\/wp-json\/wp\/v2\/users\/8"}],"replies":[{"embeddable":true,"href":"https:\/\/www.enorsai.com\/noticias\/wp-json\/wp\/v2\/comments?post=4121"}],"version-history":[{"count":0,"href":"https:\/\/www.enorsai.com\/noticias\/wp-json\/wp\/v2\/posts\/4121\/revisions"}],"wp:featuredmedia":[{"embeddable":true,"href":"https:\/\/www.enorsai.com\/noticias\/wp-json\/wp\/v2\/media\/4120"}],"wp:attachment":[{"href":"https:\/\/www.enorsai.com\/noticias\/wp-json\/wp\/v2\/media?parent=4121"}],"wp:term":[{"taxonomy":"category","embeddable":true,"href":"https:\/\/www.enorsai.com\/noticias\/wp-json\/wp\/v2\/categories?post=4121"},{"taxonomy":"post_tag","embeddable":true,"href":"https:\/\/www.enorsai.com\/noticias\/wp-json\/wp\/v2\/tags?post=4121"}],"curies":[{"name":"wp","href":"https:\/\/api.w.org\/{rel}","templated":true}]}}