{"id":4116,"date":"2025-05-13T11:47:58","date_gmt":"2025-05-13T14:47:58","guid":{"rendered":"http:\/\/www.enorsai.com\/noticias\/?p=4116"},"modified":"2025-05-13T11:47:58","modified_gmt":"2025-05-13T14:47:58","slug":"indignante-la-ministra-de-seguridad-patricia-bullrich-habilito-beneficios-carcelarios-a-los-represores-condenados","status":"publish","type":"post","link":"https:\/\/www.enorsai.com\/noticias\/sociedad\/indignante-la-ministra-de-seguridad-patricia-bullrich-habilito-beneficios-carcelarios-a-los-represores-condenados\/","title":{"rendered":"\u00a1Indignante! La ministra de Seguridad Patricia Bullrich habilit\u00f3 beneficios carcelarios a los represores condenados"},"content":{"rendered":"\n<p><strong><em>El traslado de 19 genocidas a una c\u00e1rcel \u201cVIP\u201d en Campo de Mayo destap\u00f3 un nuevo esc\u00e1ndalo en la gesti\u00f3n de Patricia Bullrich. Las sospechas sobre v\u00ednculos entre La Libertad Avanza y represores se intensifican. Diputados del peronismo presentaron un proyecto para exigir explicaciones. \u00bfHasta d\u00f3nde llegar\u00e1 el blindaje a los responsables del terrorismo de Estado?<\/em><\/strong><\/p>\n\n\n\n<p>Como si estuvi\u00e9semos asistiendo a un retroceso en el tiempo, el gobierno de Javier Milei \u2014por medio de su ministra de Seguridad, Patricia Bullrich\u2014 acaba de concretar un movimiento tan repulsivo como alarmante: el traslado de 19 genocidas condenados por delitos de lesa humanidad a una c\u00e1rcel \u201cVIP\u201d ubicada en Campo de Mayo, epicentro simb\u00f3lico de la represi\u00f3n ilegal durante la \u00faltima dictadura c\u00edvico-militar. \u00bfCasualidad? Lo dudamos. \u00bfProvocaci\u00f3n? Muy probablemente. \u00bfPlan de impunidad? Todo parece indicar que s\u00ed.<\/p>\n\n\n\n<p>La denuncia p\u00fablica fue realizada por la diputada nacional Cecilia Moreau a trav\u00e9s de su cuenta de Twitter\/X, con una contundencia que sacudi\u00f3 el tablero pol\u00edtico: \u201cBullrich dio un paso m\u00e1s en el plan de impunidad\u201d, sentenci\u00f3, al tiempo que record\u00f3 una grave denuncia previa: la entrada irregular de legisladores de La Libertad Avanza al penal de Ezeiza para visitar a estos mismos genocidas. No se trataba, entonces, de un hecho aislado, sino de una l\u00ednea de continuidad, un camino premeditado hacia la legitimaci\u00f3n de privilegios para quienes deber\u00edan pudrirse en la c\u00e1rcel com\u00fan, sin ning\u00fan tipo de beneficio ni trato especial.<\/p>\n\n\n\n<figure class=\"wp-block-embed is-type-rich is-provider-twitter wp-block-embed-twitter\"><div class=\"wp-block-embed__wrapper\">\n<blockquote class=\"twitter-tweet\" data-width=\"550\" data-dnt=\"true\"><p lang=\"es\" dir=\"ltr\">Se confirmaron nuestras sospechas\u2026 <br>Bullrich dio un paso m\u00e1s en el plan de impunidad y a trav\u00e9s del Servicio Penitenciario logr\u00f3 que se concretara el traslado de 19 genocidas condenados por delitos de lesa humanidad a la c\u00e1rcel VIP de Campo de Mayo. Es el mismo Servicio\u2026 <a href=\"https:\/\/t.co\/KifcYO7txj\">pic.twitter.com\/KifcYO7txj<\/a><\/p>&mdash; Cecilia Moreau (@ceciliamoreauok) <a href=\"https:\/\/twitter.com\/ceciliamoreauok\/status\/1922026458022613440?ref_src=twsrc%5Etfw\">May 12, 2025<\/a><\/blockquote><script async src=\"https:\/\/platform.twitter.com\/widgets.js\" charset=\"utf-8\"><\/script>\n<\/div><\/figure>\n\n\n\n<p>Es preciso subrayar que estos represores no son simples internos del sistema penitenciario. Son criminales de Estado, responsables de secuestros, torturas, desapariciones, apropiaci\u00f3n de beb\u00e9s, violaciones sistem\u00e1ticas, robos de identidad, fusilamientos. Su condena social y judicial fue producto de d\u00e9cadas de lucha de organismos de derechos humanos, de madres y abuelas que a\u00fan buscan justicia y verdad. Trasladarlos a Campo de Mayo \u2014una unidad con mejores condiciones, menor control y v\u00ednculos hist\u00f3ricos con las Fuerzas Armadas\u2014 no es solo una decisi\u00f3n administrativa: es una afrenta directa al consenso democr\u00e1tico construido desde 1983.<\/p>\n\n\n\n<p>Lo que resulta m\u00e1s preocupante es el contexto pol\u00edtico en el que esta maniobra se concreta. No estamos hablando de una gesti\u00f3n cualquiera, sino de un gobierno que no oculta su desprecio por las pol\u00edticas de memoria, verdad y justicia. Javier Milei ha elogiado p\u00fablicamente a figuras ligadas al genocidio, ha negado el n\u00famero de desaparecidos, ha relativizado los cr\u00edmenes de la dictadura y ha promovido a funcionarios que defienden a represores. Bullrich, por su parte, ya ven\u00eda mostrando se\u00f1ales inequ\u00edvocas de esta orientaci\u00f3n: desde sus declaraciones minimizando la represi\u00f3n en el pasado hasta su silenciosa complicidad con el acceso de diputados libertarios a c\u00e1rceles para visitar represores.<\/p>\n\n\n\n<p>La jugada parece clara: rehabilitar, paso a paso, una narrativa que justifique los cr\u00edmenes del terrorismo de Estado y reinstale la teor\u00eda de los dos demonios. Pero en la Argentina de 2025, esa teor\u00eda ya fue demolida por la historia y por la justicia. Intentar revivirla no solo es ofensivo: es peligrosamente regresivo.<\/p>\n\n\n\n<p>Por eso, la reacci\u00f3n de un amplio arco de diputados del peronismo y del progresismo no tard\u00f3 en llegar. A trav\u00e9s de un proyecto de resoluci\u00f3n ingresado en la C\u00e1mara de Diputados, solicitaron la <strong>interpelaci\u00f3n urgente de Patricia Bullrich<\/strong>. La iniciativa exige que la ministra d\u00e9 explicaciones claras y detalladas, tanto sobre la autorizaci\u00f3n del traslado de estos condenados desde el Complejo Penitenciario VII de Ezeiza, como sobre las circunstancias que permitieron el ingreso irregular de legisladores a las unidades penitenciarias. La gravedad institucional es evidente.<\/p>\n\n\n\n<p>Los firmantes del proyecto son m\u00e1s de treinta legisladores, entre los que se destacan Cecilia Moreau, Mart\u00edn Soria, Jos\u00e9 Glinski, Hilda Aguirre, Mart\u00edn Aveiro, Constanza Alonso, Florencia Carignano, y Carolina Yutrovic, entre otros. En conjunto, representan una porci\u00f3n significativa del bloque de Uni\u00f3n por la Patria, pero tambi\u00e9n el sentir de una sociedad que, m\u00e1s all\u00e1 de las diferencias ideol\u00f3gicas, ha sostenido con esfuerzo una pol\u00edtica de Estado en materia de derechos humanos.<\/p>\n\n\n\n<p>El traslado de genocidas a un penal con condiciones especiales no es solo una cuesti\u00f3n carcelaria. Es una decisi\u00f3n profundamente pol\u00edtica. Una se\u00f1al que trasciende los muros de Campo de Mayo. Es una apuesta por legitimar el olvido, por reinstalar la impunidad, por dar vuelta la p\u00e1gina sin haber le\u00eddo ni comprendido sus consecuencias. Y, sobre todo, es una muestra m\u00e1s de que el gobierno libertario no est\u00e1 improvisando: tiene un rumbo definido, y ese rumbo implica barrer con los consensos democr\u00e1ticos construidos durante los \u00faltimos 40 a\u00f1os.<\/p>\n\n\n\n<p>Ante esto, cabe preguntarse: \u00bfQu\u00e9 busca Bullrich? \u00bfA qui\u00e9n quiere contentar con estos traslados? \u00bfQu\u00e9 rol est\u00e1n jugando los diputados de La Libertad Avanza que visitan represores en la c\u00e1rcel? \u00bfEs esto parte de un pacto t\u00e1cito con sectores castrenses o una estrategia de provocaci\u00f3n hacia los organismos de derechos humanos? Las respuestas a\u00fan son difusas, pero la direcci\u00f3n del movimiento es clara.<\/p>\n\n\n\n<p>No estamos frente a una ministra desinformada o negligente. Bullrich sabe perfectamente lo que hace. Su historia personal, su trayectoria pol\u00edtica y su alineamiento con la mano dura hablan por s\u00ed solos. Pero en este caso, no se trata solo de represi\u00f3n. Se trata de reconfigurar el sentido com\u00fan, de reescribir el pasado a conveniencia del presente autoritario que impulsa el mile\u00edsmo.<\/p>\n\n\n\n<p>La c\u00e1rcel com\u00fan para los genocidas no es un capricho ideol\u00f3gico. Es una conquista de la democracia. Renunciar a esa exigencia es abrirle la puerta al negacionismo, al privilegio y al olvido. Es entregar lo m\u00e1s sagrado que tenemos como sociedad: la memoria colectiva de un Nunca M\u00e1s que no admite excepciones ni atajos.<\/p>\n\n\n\n<p>Hoy m\u00e1s que nunca, es urgente gritar con fuerza lo que Cecilia Moreau expres\u00f3 con claridad: <strong>\u201cEl \u00fanico lugar para los genocidas es la c\u00e1rcel com\u00fan. No a los privilegios, no al olvido.\u201d<\/strong><\/p>\n","protected":false},"excerpt":{"rendered":"<p>El traslado de 19 genocidas a una c\u00e1rcel \u201cVIP\u201d en Campo de Mayo destap\u00f3 un nuevo esc\u00e1ndalo en la gesti\u00f3n de Patricia Bullrich. Las sospechas sobre v\u00ednculos entre La Libertad Avanza y represores se intensifican. Diputados del peronismo presentaron un proyecto para exigir explicaciones. \u00bfHasta d\u00f3nde llegar\u00e1 el blindaje a los responsables del terrorismo de&#8230;<\/p>\n","protected":false},"author":1,"featured_media":4117,"comment_status":"open","ping_status":"open","sticky":false,"template":"","format":"standard","meta":{"_monsterinsights_skip_tracking":false,"_monsterinsights_sitenote_active":false,"_monsterinsights_sitenote_note":"","_monsterinsights_sitenote_category":0,"footnotes":"","jetpack_publicize_message":"","jetpack_publicize_feature_enabled":true,"jetpack_social_post_already_shared":true,"jetpack_social_options":{"image_generator_settings":{"template":"highway","default_image_id":0,"font":"","enabled":false},"version":2}},"categories":[4],"tags":[],"class_list":["post-4116","post","type-post","status-publish","format-standard","has-post-thumbnail","hentry","category-sociedad"],"jetpack_publicize_connections":[],"_links":{"self":[{"href":"https:\/\/www.enorsai.com\/noticias\/wp-json\/wp\/v2\/posts\/4116","targetHints":{"allow":["GET"]}}],"collection":[{"href":"https:\/\/www.enorsai.com\/noticias\/wp-json\/wp\/v2\/posts"}],"about":[{"href":"https:\/\/www.enorsai.com\/noticias\/wp-json\/wp\/v2\/types\/post"}],"author":[{"embeddable":true,"href":"https:\/\/www.enorsai.com\/noticias\/wp-json\/wp\/v2\/users\/1"}],"replies":[{"embeddable":true,"href":"https:\/\/www.enorsai.com\/noticias\/wp-json\/wp\/v2\/comments?post=4116"}],"version-history":[{"count":1,"href":"https:\/\/www.enorsai.com\/noticias\/wp-json\/wp\/v2\/posts\/4116\/revisions"}],"predecessor-version":[{"id":4118,"href":"https:\/\/www.enorsai.com\/noticias\/wp-json\/wp\/v2\/posts\/4116\/revisions\/4118"}],"wp:featuredmedia":[{"embeddable":true,"href":"https:\/\/www.enorsai.com\/noticias\/wp-json\/wp\/v2\/media\/4117"}],"wp:attachment":[{"href":"https:\/\/www.enorsai.com\/noticias\/wp-json\/wp\/v2\/media?parent=4116"}],"wp:term":[{"taxonomy":"category","embeddable":true,"href":"https:\/\/www.enorsai.com\/noticias\/wp-json\/wp\/v2\/categories?post=4116"},{"taxonomy":"post_tag","embeddable":true,"href":"https:\/\/www.enorsai.com\/noticias\/wp-json\/wp\/v2\/tags?post=4116"}],"curies":[{"name":"wp","href":"https:\/\/api.w.org\/{rel}","templated":true}]}}