{"id":4110,"date":"2025-05-13T08:15:37","date_gmt":"2025-05-13T11:15:37","guid":{"rendered":"https:\/\/www.enorsai.com\/noticias\/?p=4110"},"modified":"2025-07-10T21:42:33","modified_gmt":"2025-07-11T00:42:33","slug":"crece-la-tension-en-el-oficialismo-por-la-declaracion-de-caputo-y-cuneo-libarona-por-libra","status":"publish","type":"post","link":"https:\/\/www.enorsai.com\/noticias\/politica\/crece-la-tension-en-el-oficialismo-por-la-declaracion-de-caputo-y-cuneo-libarona-por-libra\/","title":{"rendered":"Crece la tensi\u00f3n en el oficialismo por la declaraci\u00f3n de Caputo y C\u00faneo Libarona por $Libra"},"content":{"rendered":"\n<p><strong>Tensi\u00f3n m\u00e1xima: convocaron a los ministros por el caso Libra que salpica a Milei. \u00bfSe presentar\u00e1n o terminar\u00e1n denunciados? Todos los detalles.<\/strong><\/p>\n\n\n\n<p>La C\u00e1mara de Diputados resolvi\u00f3 interpelar este mi\u00e9rcoles 14 de mayo a los ministros Luis Caputo (Econom\u00eda) y Mariano C\u00faneo Libarona (Justicia), para que brinden explicaciones sobre la criptoestafa conocida como \u201cCaso Libra\u201d, en la que aparece involucrado el presidente Javier Milei. La sesi\u00f3n fue convocada a partir de las 12 del mediod\u00eda, y la tensi\u00f3n pol\u00edtica ya escala.<\/p>\n\n\n\n<p>Tambi\u00e9n fue citado el titular de la Comisi\u00f3n Nacional de Valores (CNV), Roberto Silva, en el marco de una investigaci\u00f3n que ha comenzado a sacudir los cimientos del oficialismo.<\/p>\n\n\n\n<p>La decisi\u00f3n fue comunicada por el diputado socialista Esteban Paul\u00f3n, quien difundi\u00f3 en sus redes sociales la nota dirigida al presidente de la C\u00e1mara baja, Mart\u00edn Menem, en la que se recuerda que los funcionarios ya hab\u00edan sido convocados el 29 de abril pero no asistieron.<\/p>\n\n\n\n<p>\u201cEl pleno de Diputados resolvi\u00f3 interpelar a Caputo y C\u00faneo Libarona este mi\u00e9rcoles. El Presidente de la C\u00e1mara tiene la obligaci\u00f3n de hacer cumplir la citaci\u00f3n. Caso contrario, a los funcionarios citados les podr\u00e1n caber denuncias o traslados con la fuerza p\u00fablica\u201d, public\u00f3 Paul\u00f3n.<\/p>\n\n\n\n<p>Los diputados advirtieron adem\u00e1s que ese mismo d\u00eda, el Gobierno nacional tiene previsto realizar un acto pol\u00edtico de cierre de campa\u00f1a en la Ciudad de Buenos Aires, al que asistir\u00e1n todos los ministros del Gabinete. Ante ese escenario, los legisladores pidieron que Menem arbitre los medios necesarios para garantizar la presencia de los funcionarios en el Congreso, priorizando las responsabilidades institucionales por sobre los compromisos partidarios.<\/p>\n\n\n\n<p>En el comunicado firmado por diputados de distintos bloques, se solicita que, de no haber garant\u00edas de comparecencia, se informe a las distintas bancadas para que tomen \u201clas medidas que estimen corresponder\u201d.<\/p>\n\n\n\n<p>Qui\u00e9nes firmaron la convocatoria<\/p>\n\n\n\n<p>El pedido lleva las firmas de referentes opositores y dialoguistas como:<\/p>\n\n\n\n<p>Miguel \u00c1ngel Pichetto<\/p>\n\n\n\n<p>Germ\u00e1n Mart\u00ednez<\/p>\n\n\n\n<p>Pablo Juliano<\/p>\n\n\n\n<p>Oscar Agost Carre\u00f1o<\/p>\n\n\n\n<p>Paula Penacca<\/p>\n\n\n\n<p>Ana Carla Carrizo<\/p>\n\n\n\n<p>Se espera una jornada tensa en el Congreso, donde la sombra del esc\u00e1ndalo Libra y sus posibles ramificaciones judiciales comienzan a incomodar al c\u00edrculo m\u00e1s estrecho del presidente Milei.<\/p>\n\n\n\n<p>Por Juan Manuel Villarreal para Grupo La Provincia<\/p>\n","protected":false},"excerpt":{"rendered":"<p>Tensi\u00f3n m\u00e1xima: convocaron a los ministros por el caso Libra que salpica a Milei. \u00bfSe presentar\u00e1n o terminar\u00e1n denunciados? Todos los detalles. La C\u00e1mara de Diputados resolvi\u00f3 interpelar este mi\u00e9rcoles 14 de mayo a los ministros Luis Caputo (Econom\u00eda) y Mariano C\u00faneo Libarona (Justicia), para que brinden explicaciones sobre la criptoestafa conocida como \u201cCaso Libra\u201d,&#8230;<\/p>\n","protected":false},"author":5,"featured_media":6156,"comment_status":"open","ping_status":"open","sticky":false,"template":"","format":"standard","meta":{"_monsterinsights_skip_tracking":false,"_monsterinsights_sitenote_active":false,"_monsterinsights_sitenote_note":"","_monsterinsights_sitenote_category":0,"footnotes":"","jetpack_publicize_message":"","jetpack_publicize_feature_enabled":true,"jetpack_social_post_already_shared":true,"jetpack_social_options":{"image_generator_settings":{"template":"highway","default_image_id":0,"font":"","enabled":false},"version":2}},"categories":[1956,2],"tags":[606,75,232],"class_list":["post-4110","post","type-post","status-publish","format-standard","has-post-thumbnail","hentry","category-libra","category-politica","tag-libra","tag-corrupcion","tag-estafa"],"jetpack_publicize_connections":[],"_links":{"self":[{"href":"https:\/\/www.enorsai.com\/noticias\/wp-json\/wp\/v2\/posts\/4110","targetHints":{"allow":["GET"]}}],"collection":[{"href":"https:\/\/www.enorsai.com\/noticias\/wp-json\/wp\/v2\/posts"}],"about":[{"href":"https:\/\/www.enorsai.com\/noticias\/wp-json\/wp\/v2\/types\/post"}],"author":[{"embeddable":true,"href":"https:\/\/www.enorsai.com\/noticias\/wp-json\/wp\/v2\/users\/5"}],"replies":[{"embeddable":true,"href":"https:\/\/www.enorsai.com\/noticias\/wp-json\/wp\/v2\/comments?post=4110"}],"version-history":[{"count":1,"href":"https:\/\/www.enorsai.com\/noticias\/wp-json\/wp\/v2\/posts\/4110\/revisions"}],"predecessor-version":[{"id":4112,"href":"https:\/\/www.enorsai.com\/noticias\/wp-json\/wp\/v2\/posts\/4110\/revisions\/4112"}],"wp:featuredmedia":[{"embeddable":true,"href":"https:\/\/www.enorsai.com\/noticias\/wp-json\/wp\/v2\/media\/6156"}],"wp:attachment":[{"href":"https:\/\/www.enorsai.com\/noticias\/wp-json\/wp\/v2\/media?parent=4110"}],"wp:term":[{"taxonomy":"category","embeddable":true,"href":"https:\/\/www.enorsai.com\/noticias\/wp-json\/wp\/v2\/categories?post=4110"},{"taxonomy":"post_tag","embeddable":true,"href":"https:\/\/www.enorsai.com\/noticias\/wp-json\/wp\/v2\/tags?post=4110"}],"curies":[{"name":"wp","href":"https:\/\/api.w.org\/{rel}","templated":true}]}}