{"id":4107,"date":"2025-05-13T07:10:32","date_gmt":"2025-05-13T10:10:32","guid":{"rendered":"https:\/\/www.enorsai.com\/noticias\/politica\/la-doble-vara-de-lospennato-exigiendo-transparencia-con-prontuario-manchado\/"},"modified":"2025-05-13T07:14:30","modified_gmt":"2025-05-13T10:14:30","slug":"la-doble-vara-de-lospennato-exigiendo-transparencia-con-prontuario-manchado","status":"publish","type":"post","link":"https:\/\/www.enorsai.com\/noticias\/politica\/la-doble-vara-de-lospennato-exigiendo-transparencia-con-prontuario-manchado\/","title":{"rendered":"La doble vara de Lospennato exigiendo transparencia con prontuario manchado"},"content":{"rendered":"\n<p><strong><em>La Corte Suprema confirm\u00f3 multas al PRO, la UCR y la Coalici\u00f3n C\u00edvica por usar aportantes truchos en 2017. Son los mismos que hoy agitan la bandera de la \u201cFicha Limpia\u201d mientras arrastran condenas por estafar a la democracia.<\/em><\/strong><br><br>(Por Nicol\u00e1s Vald\u00e9s) \u201cFicha Limpia\u201d. Esa consigna moralizante que Juntos por el Cambio (ahora una amalgama deshilachada de sellos con discurso com\u00fan) instal\u00f3 en cada campa\u00f1a para se\u00f1alar a los supuestos \u201ccorruptos del populismo\u201d acaba de volverse un boomerang judicial.<\/p>\n\n\n\n<p>La Corte Suprema de Justicia de la Naci\u00f3n dej\u00f3 firme la multa contra el PRO, la UCR y la Coalici\u00f3n C\u00edvica por haber utilizado aportantes truchos en la campa\u00f1a bonaerense de 2017, cuando Mar\u00eda Eugenia Vidal era gobernadora y figura ascendente del macrismo.<br \/><br \/>Se trata de un esc\u00e1ndalo que lleva casi una d\u00e9cada y que estall\u00f3 gracias a una investigaci\u00f3n period\u00edstica que revel\u00f3 c\u00f3mo se utilizaban datos de la ANSES para inscribir como aportantes a personas vulnerables, muchas de ellas beneficiarias de planes sociales, sin su consentimiento. En otras palabras: le robaron la identidad a los pobres para blanquear plata en campa\u00f1a.<br \/><br \/>El fallo de la Corte ratifica las multas irrisorias impuestas al PRO (m\u00e1s de 3,2 millones de pesos), a la UCR y a la CC (casi un mill\u00f3n cada uno). Es el final de una maniobra que siempre busc\u00f3 el encubrimiento medi\u00e1tico y judicial, pero que ahora deja al desnudo una verdad inc\u00f3moda: los paladines de la transparencia electoral est\u00e1n manchados hasta el cuello.<br \/><br \/>Cuando la moral es marketing<br \/><br \/>Mientras Mar\u00eda Eugenia Vidal se prepara para encabezar una lista porte\u00f1a de legisladores, el pasado la persigue con insistencia. La decisi\u00f3n de la Corte pone en jaque sus aspiraciones pol\u00edticas, pero sobre todo, su discurso. Esa imagen de tecn\u00f3crata \u201chonesta y eficiente\u201d que tanto promovi\u00f3 Cambiemos se desmorona frente a los hechos: Vidal presidi\u00f3 un aparato pol\u00edtico que falsific\u00f3 afiliaciones, invent\u00f3 donaciones y us\u00f3 a los pobres como taparrabos financiero.<br \/><br \/>Tan grave fue el esc\u00e1ndalo que la propia Vidal se vio obligada a dar una conferencia de prensa en 2018 y sacrificar a su amiga y contadora personal, Mar\u00eda Fernanda Inza, a quien le pidi\u00f3 la renuncia en un intento desesperado de contener la crisis. No alcanz\u00f3. La causa judicial avanz\u00f3 y hoy queda claro que no fue un \u201cerror administrativo\u201d, sino una maniobra sistem\u00e1tica para ocultar el origen real de los fondos de campa\u00f1a.<br \/><br \/>\u00bfFicha Limpia para qui\u00e9n?<br \/><br \/>El macrismo exige \u201cFicha Limpia\u201d como condici\u00f3n para ocupar cargos p\u00fablicos. Pero cuando se trata de los suyos, callan, dilatan, encubren y hasta candidatean. La hipocres\u00eda es tan evidente como obscena: quienes construyeron poder usando fondos de origen incierto \u2013y en algunos casos, directamente ilegal\u2013 son los mismos que buscan excluir de la vida pol\u00edtica a quienes ni siquiera tienen una condena firme.<br \/><br \/>La militante Noem\u00ed Viera, vecina de Villa Itat\u00ed y una de las v\u00edctimas de la estafa, lo resumi\u00f3 de forma brutal: \u201cPensaron que por ser pobres no nos \u00edbamos a dar cuenta\u201d. Su nombre apareci\u00f3 como afiliada y aportante del PRO sin haberlo consentido nunca. Como ella, al menos 161 personas fueron estafadas, muchas de ellas sin siquiera estar alfabetizadas. Algunas llegaron a hacer pericias caligr\u00e1ficas para demostrar que nunca firmaron nada.<br \/><br \/>Y a\u00fan hoy, siete a\u00f1os despu\u00e9s, sigue figurando como afiliada al PRO. Porque hasta en el sistema de desafiliaci\u00f3n, la trampa fue pensada con cinismo: si se desafilia, se da por v\u00e1lida la afiliaci\u00f3n original. Kafka en campa\u00f1a electoral.<br \/><br \/>Dinero negro, responsables blancos<br \/><br \/>La justicia no s\u00f3lo impuso multas: tambi\u00e9n proces\u00f3 penalmente a los encargados financieros de la campa\u00f1a. El juez federal Alejo Ramos Padilla dict\u00f3 el procesamiento de Juli\u00e1n Vilche, Mauricio Redigonda, Carla Chab\u00e1n y Alfredo Irigoin por falsedad ideol\u00f3gica y omisi\u00f3n dolosa del origen de fondos.<br \/><br \/>Seg\u00fan la investigaci\u00f3n, el PRO declar\u00f3 como aportantes a personas sin capacidad econ\u00f3mica para justificar el ingreso de fondos de origen desconocido. No fue un error ni una desprolijidad: fue una operaci\u00f3n consciente, orquestada y sistem\u00e1tica para lavar dinero electoral.<br \/>A cada uno de los procesados se les impusieron embargos por hasta 50 millones de pesos y la posibilidad de penas de prisi\u00f3n e inhabilitaci\u00f3n para ejercer cargos.<br \/><br \/>El macrismo como estafa sistem\u00e1tica<br \/><br \/>Este nuevo cap\u00edtulo judicial demuestra que el PRO y sus aliados no son un proyecto pol\u00edtico transparente, sino una maquinaria electoral opaca, sostenida por el marketing y la impunidad. Desde los aportes truchos hasta los aportes de grandes empresas no declaradas, la pol\u00edtica macrista fue financiada por las sombras y blanqueada con el rostro de los pobres.<br \/><br \/>Lo m\u00e1s indignante es que, pese a todo, siguen reclamando \u201c\u00e9tica p\u00fablica\u201d mientras construyen candidaturas con las mismas caras que protagonizaron el fraude. Vidal, Rodr\u00edguez Larreta, Ritondo, Bullrich\u2026 Todos fueron parte del sistema que falsific\u00f3 firmas, manipul\u00f3 padrones y desvi\u00f3 dinero de procedencia dudosa para sostener el proyecto del ajuste y el endeudamiento.<br \/><br \/>El silencio como complicidad<br \/><br \/>\u00bfD\u00f3nde est\u00e1n hoy los medios que editorializan a favor de la Ficha Limpia? \u00bfD\u00f3nde est\u00e1n los opinadores seriales que condenan en\u00e9rgicamente a los funcionarios de otras fuerzas pol\u00edticas por \u201ccuestiones morales\u201d? Est\u00e1n en silencio. Porque la doble vara no es error, es doctrina.<br \/><br \/>Este caso deber\u00eda ser suficiente para inhabilitar de por vida a Mar\u00eda Eugenia Vidal de ocupar cualquier cargo p\u00fablico. Pero el macrismo juega a otra cosa: a la simulaci\u00f3n permanente, a la indignaci\u00f3n selectiva y a la impunidad garantizada por sus contactos judiciales y medi\u00e1ticos.<br \/><br \/>Porque la memoria es un arma pol\u00edtica<br \/><br \/>El caso de los aportantes truchos es m\u00e1s que una multa. Es una muestra clara de c\u00f3mo una fuerza pol\u00edtica puede violar la ley, apropiarse de identidades vulnerables y financiarse con dinero sucio, sin pagar consecuencias reales.<br \/><br \/>Y si hoy gritan \u201cFicha Limpia\u201d, es porque saben que su mayor amenaza no es la corrupci\u00f3n ajena, sino la memoria colectiva que no olvida sus delitos.<\/p>\n","protected":false},"excerpt":{"rendered":"<p>La Corte Suprema confirm\u00f3 multas al PRO, la UCR y la Coalici\u00f3n C\u00edvica por usar aportantes truchos en 2017. Son los mismos que hoy agitan la bandera de la \u201cFicha Limpia\u201d mientras arrastran condenas por estafar a la democracia. (Por Nicol\u00e1s Vald\u00e9s) \u201cFicha Limpia\u201d. Esa consigna moralizante que Juntos por el Cambio (ahora una amalgama&#8230;<\/p>\n","protected":false},"author":11,"featured_media":4108,"comment_status":"open","ping_status":"open","sticky":false,"template":"","format":"standard","meta":{"_monsterinsights_skip_tracking":false,"_monsterinsights_sitenote_active":false,"_monsterinsights_sitenote_note":"","_monsterinsights_sitenote_category":0,"footnotes":"","jetpack_publicize_message":"","jetpack_publicize_feature_enabled":true,"jetpack_social_post_already_shared":true,"jetpack_social_options":{"image_generator_settings":{"template":"highway","default_image_id":0,"font":"","enabled":false},"version":2}},"categories":[2],"tags":[75,516,616,1416],"class_list":["post-4107","post","type-post","status-publish","format-standard","has-post-thumbnail","hentry","category-politica","tag-corrupcion","tag-mauricio-macri","tag-pro","tag-vidal"],"jetpack_publicize_connections":[],"_links":{"self":[{"href":"https:\/\/www.enorsai.com\/noticias\/wp-json\/wp\/v2\/posts\/4107","targetHints":{"allow":["GET"]}}],"collection":[{"href":"https:\/\/www.enorsai.com\/noticias\/wp-json\/wp\/v2\/posts"}],"about":[{"href":"https:\/\/www.enorsai.com\/noticias\/wp-json\/wp\/v2\/types\/post"}],"author":[{"embeddable":true,"href":"https:\/\/www.enorsai.com\/noticias\/wp-json\/wp\/v2\/users\/11"}],"replies":[{"embeddable":true,"href":"https:\/\/www.enorsai.com\/noticias\/wp-json\/wp\/v2\/comments?post=4107"}],"version-history":[{"count":1,"href":"https:\/\/www.enorsai.com\/noticias\/wp-json\/wp\/v2\/posts\/4107\/revisions"}],"predecessor-version":[{"id":4109,"href":"https:\/\/www.enorsai.com\/noticias\/wp-json\/wp\/v2\/posts\/4107\/revisions\/4109"}],"wp:featuredmedia":[{"embeddable":true,"href":"https:\/\/www.enorsai.com\/noticias\/wp-json\/wp\/v2\/media\/4108"}],"wp:attachment":[{"href":"https:\/\/www.enorsai.com\/noticias\/wp-json\/wp\/v2\/media?parent=4107"}],"wp:term":[{"taxonomy":"category","embeddable":true,"href":"https:\/\/www.enorsai.com\/noticias\/wp-json\/wp\/v2\/categories?post=4107"},{"taxonomy":"post_tag","embeddable":true,"href":"https:\/\/www.enorsai.com\/noticias\/wp-json\/wp\/v2\/tags?post=4107"}],"curies":[{"name":"wp","href":"https:\/\/api.w.org\/{rel}","templated":true}]}}