{"id":4104,"date":"2025-05-13T06:04:08","date_gmt":"2025-05-13T09:04:08","guid":{"rendered":"http:\/\/www.enorsai.com\/noticias\/?p=4104"},"modified":"2025-05-13T06:04:08","modified_gmt":"2025-05-13T09:04:08","slug":"datos-milei-celebra-logros-economicos-pero-los-datos-dicen-que-mas-del-50-de-los-trabajadores-en-sectores-clave-sobreviven-por-debajo-de-la-linea-de-pobreza","status":"publish","type":"post","link":"https:\/\/www.enorsai.com\/noticias\/sociedad\/datos-milei-celebra-logros-economicos-pero-los-datos-dicen-que-mas-del-50-de-los-trabajadores-en-sectores-clave-sobreviven-por-debajo-de-la-linea-de-pobreza\/","title":{"rendered":"Datos: Milei celebra \u00ablogros\u00bb econ\u00f3micos pero los datos dicen que m\u00e1s del 50% de los trabajadores en sectores clave sobreviven por debajo de la l\u00ednea de pobreza"},"content":{"rendered":"\n<p><strong><em>La base de datos Agendata de la fundaci\u00f3n Fundar, con informaci\u00f3n de la Encuesta Permanente de Hogares (EPH) del INDEC, revela que la pobreza ya no es una condici\u00f3n marginal, sino estructural para amplios sectores laborales en Argentina. En el agro, el servicio dom\u00e9stico y la construcci\u00f3n, los trabajadores formales no llegan a fin de mes. Pero el gobierno de Javier Milei no solo mira para otro lado: profundiza el ajuste y silencia el drama.<\/em><\/strong><\/p>\n\n\n\n<p>(Por Sof\u00eda Arregui)  En la Argentina de Javier Milei, la pobreza ya no es un s\u00edntoma de exclusi\u00f3n, sino una consecuencia deliberada de una pol\u00edtica econ\u00f3mica que convierte al trabajo en una condena. Ser parte del mercado laboral no garantiza absolutamente nada. Ni estabilidad, ni progreso, ni siquiera comida sobre la mesa. Y si hay dudas, basta con mirar lo que muestran los datos de Agendata, la base de datos de Fundar, en base a la Encuesta Permanente de Hogares del INDEC: el 28,6% de los trabajadores argentinos son pobres. Pero esa es solo la media. En los sectores m\u00e1s castigados \u2014el agro, el servicio dom\u00e9stico y la construcci\u00f3n\u2014, m\u00e1s de la mitad de sus trabajadores caen por debajo de la l\u00ednea de pobreza.<\/p>\n\n\n\n<p>Es decir: el pa\u00eds que alguna vez se pens\u00f3 \u201cgranero del mundo\u201d tiene hoy a m\u00e1s de la mitad de quienes siembran, cosechan y alimentan al resto de la poblaci\u00f3n condenados a la miseria. El 56% de los trabajadores del agro y la pesca est\u00e1n empobrecidos, sin margen, sin derechos, sin futuro. \u00bfY qu\u00e9 dice el gobierno liberal-libertario? Que \u201cel campo es el motor de la econom\u00eda\u201d. Mientras tanto, ese motor cruje, no de productividad, sino de hambre.<\/p>\n\n\n\n<p>Pero no es el \u00fanico. El servicio dom\u00e9stico \u2014un sector hist\u00f3ricamente invisibilizado, feminizado, precarizado\u2014 sufre una situaci\u00f3n apenas menos grave: el 54,4% de quienes trabajan en casas particulares no ganan lo suficiente para sostener un hogar. Ni siquiera con jornadas completas. Ni siquiera con aportes. La informalidad estructural, la falta de regulaci\u00f3n efectiva y la indiferencia estatal terminan de completar un cuadro de brutalidad silenciosa. En la casa ajena se cocina, se limpia, se cuida. En la propia, muchas veces no hay nada.<\/p>\n\n\n\n<p>El tercer gran frente de esta cat\u00e1strofe es la construcci\u00f3n, con un 53,3% de trabajadores pobres. Parad\u00f3jicamente, en uno de los sectores donde m\u00e1s se habla de reactivaci\u00f3n por parte del Ejecutivo, quienes ponen el cuerpo para levantar los ladrillos que sostienen al pa\u00eds viven en condiciones indignas. Las obras crecen para pocos, pero los salarios se derrumban para muchos. Milei repite que \u201cel mercado lo resuelve todo\u201d, pero cuando se desentiende del salario m\u00ednimo, del poder adquisitivo, de las paritarias y del rol del Estado en garantizar el trabajo digno, lo que se resuelve es la multiplicaci\u00f3n de la pobreza.<\/p>\n\n\n\n<p>Las cifras no se quedan ah\u00ed. El 42,3% de quienes trabajan en hoteles y restaurantes est\u00e1n tambi\u00e9n por debajo de la l\u00ednea de pobreza. El turismo se muestra como vitrina, como postal, pero los mozos, los cocineros, las camareras apenas sobreviven. Ni hablar del comercio, el sector con mayor cantidad de empleados del pa\u00eds: un 32,9% de los trabajadores en locales comerciales no llegan a cubrir una canasta b\u00e1sica. \u00bfCu\u00e1l es la recompensa por mover la rueda del consumo? Un sueldo que no alcanza.<\/p>\n\n\n\n<p>Incluso la industria manufacturera, un emblema del empleo formal, muestra n\u00fameros preocupantes. Con salarios por encima de la media, el sector igual exhibe un 29,7% de trabajadores pobres. Porque el problema ya no es solo cu\u00e1nto se paga, sino cu\u00e1nto vale lo que se paga. Con una inflaci\u00f3n que devora bolsillos y un gobierno que recorta jubilaciones, frena la obra p\u00fablica, paraliza convenios y dinamita el rol del Estado como garante de equidad, el deterioro es transversal.<\/p>\n\n\n\n<p>Y sin embargo, la Argentina que empobrece a quienes trabajan es tambi\u00e9n la que premia a quienes especulan. En finanzas y seguros, apenas el 4,7% de los trabajadores est\u00e1n bajo la l\u00ednea de pobreza. En petr\u00f3leo y miner\u00eda, el n\u00famero es 5,9%. Es decir, en los sectores m\u00e1s concentrados, con mayores niveles de rentabilidad, los salarios s\u00ed alcanzan. El mercado no \u201ccorrige\u201d esas desigualdades. Las profundiza.<\/p>\n\n\n\n<p>Los datos de Fundar no son una denuncia ideol\u00f3gica. Son una radiograf\u00eda t\u00e9cnica, emp\u00edrica, s\u00f3lida, basada en fuentes oficiales. Pero tambi\u00e9n son un grito. Porque detr\u00e1s de cada n\u00famero hay una familia, una olla vac\u00eda, una cuenta que no cierra. Y hay, sobre todo, una responsabilidad pol\u00edtica. El gobierno nacional ha optado por una estrategia que podr\u00edamos llamar \u201cde estrangulamiento social\u201d: contener la inflaci\u00f3n a costa de destruir la capacidad de consumo, disciplinar a los gremios con ajuste, y sacrificar el bienestar de las mayor\u00edas para garantizar los intereses de unos pocos.<\/p>\n\n\n\n<p>La pobreza laboral no es un accidente. Es un s\u00edntoma directo de un modelo econ\u00f3mico que castiga al que produce, al que trabaja, al que cuida, y privilegia al que extrae, al que fuga, al que acumula. El relato del m\u00e9rito se estrella contra la evidencia: no alcanza con \u201cponerse las pilas\u201d. Ni siquiera alcanza con tener trabajo. Porque ese trabajo, en muchos casos, ya no sirve para vivir.<\/p>\n\n\n\n<p>Hay que decirlo con todas las letras: este modelo no solo es injusto, es inviable. No hay estabilidad posible en un pa\u00eds donde la mitad de los trabajadores de sectores clave no puede sostener a sus familias. No hay crecimiento sostenible sobre el hambre. No hay futuro sin dignidad. Lo que los datos revelan es la consolidaci\u00f3n de una nueva clase trabajadora pobre. Personas que madrugan, que cumplen horarios, que aportan, que producen&#8230; y que igual pasan hambre. Es la paradoja de este tiempo: el trabajo dej\u00f3 de ser el camino de salida de la pobreza. Y el gobierno no solo no lo corrige: lo naturaliza.<\/p>\n\n\n\n<p>Javier Milei habla de \u201clibertad\u201d mientras convierte a los trabajadores en esclavos del ajuste. Habla de \u201ceficiencia\u201d mientras se multiplica la desigualdad. Y habla de \u201corden\u201d mientras el caos social se hace carne en cada mesa vac\u00eda, en cada ni\u00f1o sin comida caliente, en cada madre que trabaja doce horas y a\u00fan as\u00ed no puede comprar leche.<\/p>\n\n\n\n<p>La pregunta, entonces, no es si el rumbo es correcto, sino cu\u00e1nto m\u00e1s puede resistir una sociedad que trabaja para seguir siendo pobre. \u00bfCu\u00e1l es el l\u00edmite? \u00bfCu\u00e1nto m\u00e1s se puede tensar la soga antes de que rompa? Porque cuando el salario ya no alcanza, la pol\u00edtica ya no puede seguir jugando a la indiferencia.<\/p>\n\n\n\n<p>En la Argentina del ajuste, el trabajo ha sido vaciado de sentido. Y frente a esta realidad, la \u00fanica respuesta posible no puede ser el silencio. Tiene que ser la denuncia. La organizaci\u00f3n. Y, sobre todo, la exigencia urgente de un modelo que no castigue a quienes sostienen con su esfuerzo diario la vida misma.<\/p>\n\n\n\n<p>Fuente:<\/p>\n\n\n\n<ul class=\"wp-block-list\">\n<li><a href=\"https:\/\/www.infogremiales.com.ar\/crisis-salarial-en-el-agro-el-servicio-domestico-y-la-construccion-mas-de-la-mitad-de-los-trabajadores-son-pobres\/\">https:\/\/www.infogremiales.com.ar\/crisis-salarial-en-el-agro-el-servicio-domestico-y-la-construccion-mas-de-la-mitad-de-los-trabajadores-son-pobres\/<\/a><\/li>\n<\/ul>\n","protected":false},"excerpt":{"rendered":"<p>En Argentina, el 28,6% de los trabajadores son pobres. Pero en el agro, el servicio dom\u00e9stico y la construcci\u00f3n, m\u00e1s de la mitad de los asalariados no ganan lo suficiente para vivir dignamente. Esta crisis salarial se agrava con el ajuste del gobierno de Milei, que pulveriza derechos y esperanzas.<\/p>\n","protected":false},"author":12,"featured_media":4105,"comment_status":"open","ping_status":"open","sticky":false,"template":"","format":"standard","meta":{"_monsterinsights_skip_tracking":false,"_monsterinsights_sitenote_active":false,"_monsterinsights_sitenote_note":"","_monsterinsights_sitenote_category":0,"footnotes":"","jetpack_publicize_message":"\ud83d\udc94 Mientras Milei habla de \u201clibertad\u201d, m\u00e1s de la mitad de los trabajadores del agro, la construcci\u00f3n y el servicio dom\u00e9stico no ganan lo m\u00ednimo para sobrevivir. \ud83d\udcc9 Una Argentina que trabaja... y sigue siendo pobre.","jetpack_publicize_feature_enabled":true,"jetpack_social_post_already_shared":false,"jetpack_social_options":{"image_generator_settings":{"template":"highway","enabled":false},"version":2}},"categories":[4],"tags":[25,58,102,15,45,475,59,263,1415,292],"class_list":["post-4104","post","type-post","status-publish","format-standard","has-post-thumbnail","hentry","category-sociedad","tag-agro","tag-ajuste","tag-construccion","tag-economia","tag-milei","tag-pobreza","tag-precarizacion","tag-salarios","tag-serviciodomestico","tag-trabajadores"],"jetpack_publicize_connections":[],"_links":{"self":[{"href":"https:\/\/www.enorsai.com\/noticias\/wp-json\/wp\/v2\/posts\/4104","targetHints":{"allow":["GET"]}}],"collection":[{"href":"https:\/\/www.enorsai.com\/noticias\/wp-json\/wp\/v2\/posts"}],"about":[{"href":"https:\/\/www.enorsai.com\/noticias\/wp-json\/wp\/v2\/types\/post"}],"author":[{"embeddable":true,"href":"https:\/\/www.enorsai.com\/noticias\/wp-json\/wp\/v2\/users\/12"}],"replies":[{"embeddable":true,"href":"https:\/\/www.enorsai.com\/noticias\/wp-json\/wp\/v2\/comments?post=4104"}],"version-history":[{"count":1,"href":"https:\/\/www.enorsai.com\/noticias\/wp-json\/wp\/v2\/posts\/4104\/revisions"}],"predecessor-version":[{"id":4106,"href":"https:\/\/www.enorsai.com\/noticias\/wp-json\/wp\/v2\/posts\/4104\/revisions\/4106"}],"wp:featuredmedia":[{"embeddable":true,"href":"https:\/\/www.enorsai.com\/noticias\/wp-json\/wp\/v2\/media\/4105"}],"wp:attachment":[{"href":"https:\/\/www.enorsai.com\/noticias\/wp-json\/wp\/v2\/media?parent=4104"}],"wp:term":[{"taxonomy":"category","embeddable":true,"href":"https:\/\/www.enorsai.com\/noticias\/wp-json\/wp\/v2\/categories?post=4104"},{"taxonomy":"post_tag","embeddable":true,"href":"https:\/\/www.enorsai.com\/noticias\/wp-json\/wp\/v2\/tags?post=4104"}],"curies":[{"name":"wp","href":"https:\/\/api.w.org\/{rel}","templated":true}]}}