{"id":4091,"date":"2025-05-12T19:58:58","date_gmt":"2025-05-12T22:58:58","guid":{"rendered":"http:\/\/www.enorsai.com\/noticias\/?p=4091"},"modified":"2025-05-12T19:58:58","modified_gmt":"2025-05-12T22:58:58","slug":"encuentran-material-nazi-en-el-subsuelo-de-la-corte-suprema-que-estaba-oculto-desde-1941","status":"publish","type":"post","link":"https:\/\/www.enorsai.com\/noticias\/uncategorized\/encuentran-material-nazi-en-el-subsuelo-de-la-corte-suprema-que-estaba-oculto-desde-1941\/","title":{"rendered":"Encuentran material nazi en el subsuelo de la Corte Suprema que estaba oculto desde 1941"},"content":{"rendered":"\n<p><strong>Durante la preparaci\u00f3n del futuro Museo de la Corte Suprema, se descubrieron 83 cajas con material de propaganda nazi, ocultas durante m\u00e1s de 80 a\u00f1os en el subsuelo del Palacio de Tribunales. Este hallazgo no solo revela una historia enterrada, sino que tambi\u00e9n expone las complicidades y silencios institucionales que persisten hasta hoy.<\/strong> (La foto que ilustra la nota es una reuni\u00f3n de simpatizantes del Partido nacionalsocialista en Argentina y pertenece a la Comisi\u00f3n Especial Investigadora de Actividades Antiargentinas del Congreso de la Naci\u00f3n que funcion\u00f3 entre 1941 y 1943)<\/p>\n\n\n\n<p>(Por Walter Onorato) En el coraz\u00f3n del Palacio de Tribunales, donde se supone que la justicia debe brillar con luz propia, un hallazgo reciente ha arrojado una sombra inquietante sobre la historia y el presente de la instituci\u00f3n. Mientras se realizaban tareas de organizaci\u00f3n para la creaci\u00f3n del Museo de la Corte Suprema, funcionarios judiciales descubrieron 83 cajas que conten\u00edan material de propaganda nazi, ocultas en el s\u00f3tano del edificio desde 1941.<\/p>\n\n\n\n<figure class=\"wp-block-image size-full\"><img loading=\"lazy\" decoding=\"async\" width=\"920\" height=\"613\" src=\"https:\/\/www.enorsai.com\/noticias\/wp-content\/uploads\/2025\/05\/image-14.png\" alt=\"\" class=\"wp-image-4092\" srcset=\"https:\/\/www.enorsai.com\/noticias\/wp-content\/uploads\/2025\/05\/image-14.png 920w, https:\/\/www.enorsai.com\/noticias\/wp-content\/uploads\/2025\/05\/image-14-300x200.png 300w, https:\/\/www.enorsai.com\/noticias\/wp-content\/uploads\/2025\/05\/image-14-768x512.png 768w\" sizes=\"auto, (max-width: 920px) 100vw, 920px\" \/><\/figure>\n\n\n\n<p class=\"has-text-align-center has-small-font-size\">Libretas de afiliaci\u00f3n con s\u00edmbolos nazis encontradas dentro de las cajas.<\/p>\n\n\n\n<p>El contenido de estas cajas, que incluye postales, fotograf\u00edas y miles de libretas pertenecientes al Partido Nacionalsocialista Obrero Alem\u00e1n y a la Uni\u00f3n Alemana de Gremios, fue enviado al pa\u00eds por la embajada alemana en Tokio a bordo del vapor japon\u00e9s \u201cNan-a-Maru\u201d. Aunque en su momento la Aduana y la <strong>Comisi\u00f3n Especial Investigadora de las Actividades Antiargentina<\/strong> detectaron la naturaleza propagand\u00edstica del material y ordenaron su incautaci\u00f3n, el caso fue remitido a la Corte Suprema, donde aparentemente qued\u00f3 en el olvido durante m\u00e1s de ocho d\u00e9cadas.<\/p>\n\n\n\n<p>Dicha comisi\u00f3n se crea con el prop\u00f3sito de investigar y combatir la penetraci\u00f3n de ideolog\u00edas extremistas en el pa\u00eds fundamentalmente aquellas de inspiraci\u00f3n Nazi-fascista. Su periodo de actividad est\u00e1 comprendida entre los a\u00f1os 1941 y 1943. Seg\u00fan detalla el informe del sitio web del Archivo de la C\u00e1mara de Diputados de la Naci\u00f3n, en ese tiempo realiza una actividad febril que se plasma en cuatro informes que entregan a la consideraci\u00f3n de la C\u00e1mara y la Naci\u00f3n.<\/p>\n\n\n\n<figure class=\"wp-block-image size-full\"><img loading=\"lazy\" decoding=\"async\" width=\"920\" height=\"613\" src=\"https:\/\/www.enorsai.com\/noticias\/wp-content\/uploads\/2025\/05\/image-15.png\" alt=\"\" class=\"wp-image-4093\" srcset=\"https:\/\/www.enorsai.com\/noticias\/wp-content\/uploads\/2025\/05\/image-15.png 920w, https:\/\/www.enorsai.com\/noticias\/wp-content\/uploads\/2025\/05\/image-15-300x200.png 300w, https:\/\/www.enorsai.com\/noticias\/wp-content\/uploads\/2025\/05\/image-15-768x512.png 768w\" sizes=\"auto, (max-width: 920px) 100vw, 920px\" \/><\/figure>\n\n\n\n<p class=\"has-text-align-center has-small-font-size\">Cajas de madera rotuladas como de champagne Crill\u00f3n, donde se almacenaban los documentos.<\/p>\n\n\n\n<p>En 1941, la Corte Suprema de Justicia de la Naci\u00f3n Argentina estaba integrada por los ministros: Justo Lucas \u00c1lvarez Rodr\u00edguez, Ricardo Longhi, Felipe P\u00e9rez, Rodolfo Guillermo Valenzuela y Antonio Casares. recordemos que por aquel a\u00f1o el presidente de la Naci\u00f3n era <strong>Jaime Gerardo Roberto Marcelino Mar\u00eda Ortiz<\/strong>, un porte\u00f1o que hab\u00eda nacido en 1886 y que va a fallecer en 1942. Era abogado,\u00a0hab\u00eda sido diputado nacional\u00a0por la entonces\u00a0Capital Federal\u00a0entre 1920 y 1924,\u00a0se desempe\u00f1o como ministro de Obras P\u00fablicas\u00a0entre 1925 y 1928,\u00a0y ministro de Hacienda (lo que hoy ser\u00eda Ministro de econom\u00eda)\u00a0entre los a\u00f1os 1936 y 1937. Como presidente de la Naci\u00f3n, asumi\u00f3 el 20 de febrero de 1938 y renunci\u00f3 por cuestiones de salud en 1942.\u200b\u00a0<\/p>\n\n\n\n<p>Este descubrimiento no solo tiene un impacto hist\u00f3rico, sino que tambi\u00e9n plantea preguntas inc\u00f3modas sobre las omisiones y complicidades institucionales que permitieron que este material permaneciera oculto durante tanto tiempo. \u00bfC\u00f3mo es posible que documentos de tal relevancia hayan sido ignorados por la m\u00e1xima autoridad judicial del pa\u00eds? \u00bfQu\u00e9 otras verdades inc\u00f3modas podr\u00edan estar enterradas en los archivos de nuestras instituciones?<\/p>\n\n\n\n<p>El presidente de la Corte Suprema, Horacio Rosatti, ha ordenado un exhaustivo relevamiento del material encontrado, en colaboraci\u00f3n con el Museo del Holocausto de Buenos Aires. Sin embargo, este gesto, aunque necesario, llega con d\u00e9cadas de retraso y no puede borrar las huellas de una historia de silencios y omisiones.<\/p>\n\n\n\n<figure class=\"wp-block-image size-full\"><img loading=\"lazy\" decoding=\"async\" width=\"920\" height=\"581\" src=\"https:\/\/www.enorsai.com\/noticias\/wp-content\/uploads\/2025\/05\/image-16.png\" alt=\"\" class=\"wp-image-4094\" srcset=\"https:\/\/www.enorsai.com\/noticias\/wp-content\/uploads\/2025\/05\/image-16.png 920w, https:\/\/www.enorsai.com\/noticias\/wp-content\/uploads\/2025\/05\/image-16-300x189.png 300w, https:\/\/www.enorsai.com\/noticias\/wp-content\/uploads\/2025\/05\/image-16-768x485.png 768w\" sizes=\"auto, (max-width: 920px) 100vw, 920px\" \/><\/figure>\n\n\n\n<p class=\"has-text-align-center has-small-font-size\">Ejemplares de libretas pertenecientes a organizaciones vinculadas al nazismo.<\/p>\n\n\n\n<p>La Argentina tiene una historia compleja con respecto al nazismo. Durante y despu\u00e9s de la Segunda Guerra Mundial, el pa\u00eds se convirti\u00f3 en refugio para numerosos criminales de guerra nazis, como Adolf Eichmann y Josef Mengele, que encontraron aqu\u00ed un lugar donde ocultarse y vivir impunemente. Este hallazgo en el s\u00f3tano de la Corte Suprema no hace m\u00e1s que confirmar la profundidad de las redes de complicidad que permitieron y facilitaron esta impunidad.<\/p>\n\n\n\n<p>Adem\u00e1s, este descubrimiento se produce en un contexto pol\u00edtico preocupante. Bajo el gobierno de Javier Milei, se han tomado decisiones que parecen minimizar la importancia de la memoria hist\u00f3rica y los derechos humanos. La reciente designaci\u00f3n de genocidas en c\u00e1rceles con condiciones privilegiadas, como la Unidad Penitenciaria 34 de Campo de Mayo, es un ejemplo de ello.<\/p>\n\n\n\n<figure class=\"wp-block-image size-full\"><img loading=\"lazy\" decoding=\"async\" width=\"768\" height=\"768\" src=\"https:\/\/www.enorsai.com\/noticias\/wp-content\/uploads\/2025\/05\/image-17.png\" alt=\"\" class=\"wp-image-4095\" srcset=\"https:\/\/www.enorsai.com\/noticias\/wp-content\/uploads\/2025\/05\/image-17.png 768w, https:\/\/www.enorsai.com\/noticias\/wp-content\/uploads\/2025\/05\/image-17-300x300.png 300w, https:\/\/www.enorsai.com\/noticias\/wp-content\/uploads\/2025\/05\/image-17-150x150.png 150w\" sizes=\"auto, (max-width: 768px) 100vw, 768px\" \/><\/figure>\n\n\n\n<p class=\"has-text-align-center has-small-font-size\">Libreta de la Uni\u00f3n Alemana de Gremios.<\/p>\n\n\n\n<p>En este sentido, el hallazgo de las cajas con propaganda nazi en la Corte Suprema no solo es un recordatorio de los horrores del pasado, sino tambi\u00e9n una advertencia sobre los peligros de la desmemoria y la indiferencia en el presente. La justicia no puede permitirse el lujo de mirar hacia otro lado o de enterrar las verdades inc\u00f3modas bajo capas de polvo y olvido.<\/p>\n\n\n\n<p>Es imperativo que este descubrimiento sirva como catalizador para una revisi\u00f3n profunda de los archivos y pr\u00e1cticas institucionales, no solo en la Corte Suprema, sino en todas las esferas del Estado. La transparencia, la rendici\u00f3n de cuentas y el compromiso con la verdad deben ser pilares fundamentales de nuestra democracia.<\/p>\n\n\n\n<figure class=\"wp-block-image size-full\"><img loading=\"lazy\" decoding=\"async\" width=\"920\" height=\"613\" src=\"https:\/\/www.enorsai.com\/noticias\/wp-content\/uploads\/2025\/05\/image-18.png\" alt=\"\" class=\"wp-image-4096\" srcset=\"https:\/\/www.enorsai.com\/noticias\/wp-content\/uploads\/2025\/05\/image-18.png 920w, https:\/\/www.enorsai.com\/noticias\/wp-content\/uploads\/2025\/05\/image-18-300x200.png 300w, https:\/\/www.enorsai.com\/noticias\/wp-content\/uploads\/2025\/05\/image-18-768x512.png 768w\" sizes=\"auto, (max-width: 920px) 100vw, 920px\" \/><\/figure>\n\n\n\n<p class=\"has-text-align-center has-small-font-size\">Entre los documentos hay postales, fotograf\u00edas y material propagand\u00edstico del r\u00e9gimen nazi.<\/p>\n\n\n\n<p>El pasado no puede cambiarse, pero s\u00ed puede y debe ser comprendido y enfrentado con honestidad y responsabilidad. Solo as\u00ed podremos construir un futuro donde la justicia no sea una palabra vac\u00eda, sino una realidad tangible para todos.<\/p>\n\n\n\n<p>El hallazgo de estas cajas es una oportunidad para reflexionar sobre nuestra historia y nuestras instituciones, y para reafirmar nuestro compromiso con la memoria, la verdad y la justicia. No dejemos que esta oportunidad se pierda en el olvido.<\/p>\n\n\n\n<p><strong>Fuentes:<\/strong><\/p>\n\n\n\n<ul class=\"wp-block-list\">\n<li><a href=\"https:\/\/cadenaser.com\/nacional\/2025\/05\/12\/descubren-decenas-de-cajas-con-documentos-nazis-en-el-archivo-de-la-corte-suprema-de-argentina-cadena-ser\/?utm_source=chatgpt.com\">https:\/\/cadenaser.com\/nacional\/2025\/05\/12\/descubren-decenas-de-cajas-con-documentos-nazis-en-el-archivo-de-la-corte-suprema-de-argentina-cadena-ser\/<\/a><\/li>\n\n\n\n<li><a href=\"https:\/\/www.csjn.gov.ar\/novedades\/detalle\/9842\">https:\/\/www.csjn.gov.ar\/novedades\/detalle\/9842<\/a><\/li>\n\n\n\n<li><a href=\"https:\/\/apym.hcdn.gob.ar\/comisiones-especiales\/nazis\/inventario\/\">https:\/\/apym.hcdn.gob.ar\/comisiones-especiales\/nazis\/inventario\/<\/a><\/li>\n<\/ul>\n","protected":false},"excerpt":{"rendered":"<p>Durante la preparaci\u00f3n del futuro Museo de la Corte Suprema, se descubrieron 83 cajas con material de propaganda nazi, ocultas durante m\u00e1s de 80 a\u00f1os en el subsuelo del Palacio de Tribunales. Este hallazgo no solo revela una historia enterrada, sino que tambi\u00e9n expone las complicidades y silencios institucionales que persisten hasta hoy. (La foto&#8230;<\/p>\n","protected":false},"author":1,"featured_media":4097,"comment_status":"open","ping_status":"open","sticky":false,"template":"","format":"standard","meta":{"_monsterinsights_skip_tracking":false,"_monsterinsights_sitenote_active":false,"_monsterinsights_sitenote_note":"","_monsterinsights_sitenote_category":0,"footnotes":"","jetpack_publicize_message":"","jetpack_publicize_feature_enabled":true,"jetpack_social_post_already_shared":true,"jetpack_social_options":{"image_generator_settings":{"template":"highway","default_image_id":0,"font":"","enabled":false},"version":2}},"categories":[1],"tags":[],"class_list":["post-4091","post","type-post","status-publish","format-standard","has-post-thumbnail","hentry","category-uncategorized"],"jetpack_publicize_connections":[],"_links":{"self":[{"href":"https:\/\/www.enorsai.com\/noticias\/wp-json\/wp\/v2\/posts\/4091","targetHints":{"allow":["GET"]}}],"collection":[{"href":"https:\/\/www.enorsai.com\/noticias\/wp-json\/wp\/v2\/posts"}],"about":[{"href":"https:\/\/www.enorsai.com\/noticias\/wp-json\/wp\/v2\/types\/post"}],"author":[{"embeddable":true,"href":"https:\/\/www.enorsai.com\/noticias\/wp-json\/wp\/v2\/users\/1"}],"replies":[{"embeddable":true,"href":"https:\/\/www.enorsai.com\/noticias\/wp-json\/wp\/v2\/comments?post=4091"}],"version-history":[{"count":1,"href":"https:\/\/www.enorsai.com\/noticias\/wp-json\/wp\/v2\/posts\/4091\/revisions"}],"predecessor-version":[{"id":4098,"href":"https:\/\/www.enorsai.com\/noticias\/wp-json\/wp\/v2\/posts\/4091\/revisions\/4098"}],"wp:featuredmedia":[{"embeddable":true,"href":"https:\/\/www.enorsai.com\/noticias\/wp-json\/wp\/v2\/media\/4097"}],"wp:attachment":[{"href":"https:\/\/www.enorsai.com\/noticias\/wp-json\/wp\/v2\/media?parent=4091"}],"wp:term":[{"taxonomy":"category","embeddable":true,"href":"https:\/\/www.enorsai.com\/noticias\/wp-json\/wp\/v2\/categories?post=4091"},{"taxonomy":"post_tag","embeddable":true,"href":"https:\/\/www.enorsai.com\/noticias\/wp-json\/wp\/v2\/tags?post=4091"}],"curies":[{"name":"wp","href":"https:\/\/api.w.org\/{rel}","templated":true}]}}