{"id":4087,"date":"2025-05-12T16:40:32","date_gmt":"2025-05-12T19:40:32","guid":{"rendered":"http:\/\/www.enorsai.com\/noticias\/?p=4087"},"modified":"2025-05-12T16:40:32","modified_gmt":"2025-05-12T19:40:32","slug":"el-gobierno-de-milei-habilita-que-campo-de-mayo-se-convierta-en-una-carcel-vip-para-genocidas","status":"publish","type":"post","link":"https:\/\/www.enorsai.com\/noticias\/politica\/el-gobierno-de-milei-habilita-que-campo-de-mayo-se-convierta-en-una-carcel-vip-para-genocidas\/","title":{"rendered":"El gobierno de Milei habilita que Campo de Mayo se convierta en una c\u00e1rcel VIP para genocidas"},"content":{"rendered":"\n<p><strong><em>Del horror clandestino a la comodidad penitenciaria, el Gobierno de Javier Milei habilita que represores de la dictadura cumplan condenas en un predio con privilegios ins\u00f3litos.<\/em><\/strong><\/p>\n\n\n\n<p>(Por Nicolas Valdez) La guarnici\u00f3n militar de Campo de Mayo fue uno de los epicentros del terrorismo de Estado durante la \u00faltima dictadura c\u00edvico-militar. All\u00ed funcionaron centros clandestinos de detenci\u00f3n, maternidades ilegales y partieron vuelos de la muerte. Hoy, bajo un discurso de \u00abreconciliaci\u00f3n\u00bb impl\u00edcita, se aloja a condenados por delitos de lesa humanidad en condiciones privilegiadas. Mientras la memoria exige justicia, el presente ofrece impunidad con comodidades.<\/p>\n\n\n\n<p>Hay lugares que deber\u00edan quedar marcados por el espanto para siempre. Espacios donde el silencio es tan espeso que grita. Campo de Mayo es uno de ellos. Ubicada en San Miguel, provincia de Buenos Aires, esta guarnici\u00f3n militar fue, durante la dictadura c\u00edvico-militar, el escenario de algunos de los cr\u00edmenes m\u00e1s atroces de la historia argentina. Y sin embargo, hoy vuelve a ser noticia no por el homenaje a las v\u00edctimas, sino por el agravio a la memoria: el Estado nacional, bajo la gesti\u00f3n de Javier Milei, aloja a genocidas condenados por delitos de lesa humanidad en una suerte de \u201cresort penitenciario\u201d, con celdas individuales, quinchos y campos de deportes. Un insulto a los huesos que a\u00fan busca la tierra.<\/p>\n\n\n\n<p>Campo de Mayo fue, entre 1976 y 1983, un n\u00facleo neur\u00e1lgico del aparato represivo ilegal. No uno m\u00e1s: all\u00ed operaron al menos cuatro centros clandestinos de detenci\u00f3n, tortura, exterminio y robo de beb\u00e9s. \u201cEl Campito\u201d \u2014conocido tambi\u00e9n como \u201cLos Tordos\u201d\u2014, la Prisi\u00f3n Militar de Encausados, el Hospital Militar y el Destacamento de Inteligencia 201, apodado siniestramente \u201cLas Casitas\u201d o \u201cLa Casita\u201d, formaron una red de horror que alberg\u00f3 entre 3.500 y 5.000 personas detenidas ilegalmente. La mayor\u00eda no volvi\u00f3 a ser vista jam\u00e1s. Desaparecidos. Despedidos al r\u00edo desde vuelos de la muerte que part\u00edan del Aer\u00f3dromo Militar del mismo predio, como si el aire mismo debiera tragarse la historia.<\/p>\n\n\n\n<p>No solo se torturaba y mataba. Tambi\u00e9n se par\u00eda. Al menos tres de esos centros funcionaron como maternidades clandestinas, donde mujeres secuestradas \u2014embarazadas o embarazadas producto de las violaciones sufridas en cautiverio\u2014 daban a luz en condiciones infrahumanas. Sus hijos eran apropiados. Robados. Entregados a familias afines al r\u00e9gimen, como si fueran cosas, botines de guerra. Esta mec\u00e1nica planificada del robo sistem\u00e1tico de beb\u00e9s no fue un efecto colateral del terrorismo de Estado, sino una de sus pol\u00edticas centrales.<\/p>\n\n\n\n<figure class=\"wp-block-embed is-type-rich is-provider-twitter wp-block-embed-twitter\"><div class=\"wp-block-embed__wrapper\">\n<blockquote class=\"twitter-tweet\" data-width=\"550\" data-dnt=\"true\"><p lang=\"es\" dir=\"ltr\">\u2757\ufe0fCampo de Mayo: de centro clandestino a c\u00e1rcel VIP para genocidas <br><br>En la guarnici\u00f3n militar de Campo de Mayo funcionaron al menos 4 centros clandestinos de detenci\u00f3n, tortura, exterminio y robo de beb\u00e9s. Hubo entre 3500 y 5000 v\u00edctimas. En su mayor\u00eda siguen desaparecidas. <a href=\"https:\/\/t.co\/cZMd4fkt1X\">pic.twitter.com\/cZMd4fkt1X<\/a><\/p>&mdash; H.I.J.O.S. Capital (@hijos_capital) <a href=\"https:\/\/twitter.com\/hijos_capital\/status\/1921964730614235236?ref_src=twsrc%5Etfw\">May 12, 2025<\/a><\/blockquote><script async src=\"https:\/\/platform.twitter.com\/widgets.js\" charset=\"utf-8\"><\/script>\n<\/div><\/figure>\n\n\n\n<p>Esa historia no es un relato. Est\u00e1 probada judicialmente, documentada en decenas de juicios por delitos de lesa humanidad y sostenida por testimonios desgarradores. Las Madres y Abuelas de Plaza de Mayo caminaron d\u00e9cadas para que la memoria, la verdad y la justicia no se convirtieran en esl\u00f3ganes vac\u00edos. Sin embargo, esa memoria se pone hoy en jaque. Porque 19 represores fueron trasladados esta semana a la Unidad Penitenciaria 34, dentro del predio militar de Campo de Mayo, sum\u00e1ndose a los 56 que ya estaban all\u00ed hasta marzo de 2025. Todos ellos condenados por cr\u00edmenes contra la humanidad. Todos ellos beneficiados por un r\u00e9gimen de detenci\u00f3n que insulta a las v\u00edctimas.<\/p>\n\n\n\n<p>\u00bfSe puede hablar de una c\u00e1rcel \u201cVIP\u201d sin caer en exageraciones? S\u00ed. Porque lo que ocurre en la UP34 no se parece a una c\u00e1rcel com\u00fan. Celdas individuales, espacios verdes, \u00e1reas recreativas, alimentaci\u00f3n diferenciada, atenci\u00f3n m\u00e9dica inmediata y, en muchos casos, contacto fluido con sus familias. Ni hacinamiento ni hostilidad. Ni peligro ni condiciones degradantes. Una c\u00e1rcel hecha a medida de quienes cometieron cr\u00edmenes de tal magnitud que son imprescriptibles.<\/p>\n\n\n\n<p>La pregunta es inevitable: \u00bfpor qu\u00e9 se les otorgan estos privilegios a los peores criminales de nuestra historia reciente? La respuesta, aunque nunca oficializada, flota en el aire del nuevo clima pol\u00edtico instaurado por el gobierno libertario. En nombre de una supuesta \u201crevisi\u00f3n\u201d del pasado o de una \u201cequiparaci\u00f3n de violencias\u201d, se instala un discurso negacionista o, al menos, relativizador. Una narrativa que no niega frontalmente los cr\u00edmenes, pero los diluye. Los pone entre comillas. Les quita excepcionalidad. Y esa actitud, m\u00e1s peligrosa a\u00fan que la negaci\u00f3n expl\u00edcita, allana el camino para regresiones jur\u00eddicas, sociales y simb\u00f3licas.<\/p>\n\n\n\n<p>Porque no se trata solo de una decisi\u00f3n administrativa del Servicio Penitenciario Federal. Se trata de una se\u00f1al pol\u00edtica. Un mensaje claro y contundente hacia la sociedad: \u201clos genocidas tambi\u00e9n merecen beneficios\u201d. En un pa\u00eds donde los jubilados cobran la m\u00ednima y las universidades agonizan por falta de presupuesto, el Estado decide gastar recursos en garantizarles calidad de vida a los verdugos. \u00bfQu\u00e9 lugar tiene en ese esquema la memoria colectiva? \u00bfD\u00f3nde queda la promesa de \u201cNunca M\u00e1s\u201d?<\/p>\n\n\n\n<p>Los defensores de este r\u00e9gimen carcelario alegan razones de salud, edad avanzada o \u201cderechos humanos\u201d de los detenidos. Pero los derechos humanos no pueden ser una coartada para proteger a quienes los violaron de forma sistem\u00e1tica, planificada y alevosa. No hay equidistancia posible entre la v\u00edctima y el verdugo. La democracia no se fortalece concedi\u00e9ndole privilegios a los genocidas, sino garantizando que el castigo sea proporcional a la magnitud de los cr\u00edmenes cometidos.<\/p>\n\n\n\n<p>Y aqu\u00ed es donde el gobierno de Milei revela una peligrosa l\u00ednea de continuidad con sectores del pasado que siempre buscaron impunidad. Porque mientras se ajustan presupuestos esenciales, se cuestiona el rol del Estado en la educaci\u00f3n y la salud p\u00fablica, y se criminaliza la protesta social, se ofrece a los represores una suerte de amnist\u00eda encubierta mediante condiciones carcelarias excepcionales. Campo de Mayo, entonces, vuelve a ser un s\u00edmbolo: ya no del terror militar, sino del blanqueo institucional del genocidio.<\/p>\n\n\n\n<p>No se trata solo de una indignaci\u00f3n moral. Hay una dimensi\u00f3n jur\u00eddica y \u00e9tica que no puede obviarse. Las c\u00e1rceles comunes para los condenados por delitos de lesa humanidad no son una forma de venganza, sino el cumplimiento de est\u00e1ndares internacionales de justicia transicional. El pa\u00eds que fue vanguardia mundial en juzgar a sus propios genocidas no puede permitirse retrocesos disfrazados de eficiencia penitenciaria. No es un detalle administrativo. Es un pacto social en riesgo.<\/p>\n\n\n\n<p>Los privilegios en Campo de Mayo son una bofetada a las familias que a\u00fan buscan a sus desaparecidos. A las madres que parieron en cautiverio y no volvieron a ver a sus hijos. A los nietos apropiados que siguen sin conocer su verdadera identidad. A las v\u00edctimas que sobrevivieron y cargan con las secuelas de la tortura. A la historia misma, que nos interpela desde las sombras del pasado para preguntarnos si aprendimos algo.<\/p>\n\n\n\n<p>En definitiva, el caso de Campo de Mayo no puede analizarse como un hecho aislado. Es una pieza m\u00e1s del rompecabezas del proyecto pol\u00edtico que encarna Javier Milei: un Estado achicado para los pobres y robusto para los poderosos. Un gobierno que celebra los recortes, criminaliza la memoria y revictimiza a quienes ya fueron arrojados al abismo. Mientras los represores gozan de celdas c\u00f3modas y trato personalizado, las v\u00edctimas siguen esperando justicia. Y el pa\u00eds, entre la furia y la resignaci\u00f3n, asiste al espect\u00e1culo grotesco de ver c\u00f3mo el infierno de ayer se convierte en el spa de hoy.<\/p>\n","protected":false},"excerpt":{"rendered":"<p>Del horror clandestino a la comodidad penitenciaria, el Gobierno de Javier Milei habilita que represores de la dictadura cumplan condenas en un predio con privilegios ins\u00f3litos. (Por Nicolas Valdez) La guarnici\u00f3n militar de Campo de Mayo fue uno de los epicentros del terrorismo de Estado durante la \u00faltima dictadura c\u00edvico-militar. All\u00ed funcionaron centros clandestinos de&#8230;<\/p>\n","protected":false},"author":11,"featured_media":4088,"comment_status":"open","ping_status":"open","sticky":false,"template":"","format":"standard","meta":{"_monsterinsights_skip_tracking":false,"_monsterinsights_sitenote_active":false,"_monsterinsights_sitenote_note":"","_monsterinsights_sitenote_category":0,"footnotes":"","jetpack_publicize_message":"","jetpack_publicize_feature_enabled":true,"jetpack_social_post_already_shared":true,"jetpack_social_options":{"image_generator_settings":{"template":"highway","default_image_id":0,"font":"","enabled":false},"version":2}},"categories":[2,4],"tags":[],"class_list":["post-4087","post","type-post","status-publish","format-standard","has-post-thumbnail","hentry","category-politica","category-sociedad"],"jetpack_publicize_connections":[],"_links":{"self":[{"href":"https:\/\/www.enorsai.com\/noticias\/wp-json\/wp\/v2\/posts\/4087","targetHints":{"allow":["GET"]}}],"collection":[{"href":"https:\/\/www.enorsai.com\/noticias\/wp-json\/wp\/v2\/posts"}],"about":[{"href":"https:\/\/www.enorsai.com\/noticias\/wp-json\/wp\/v2\/types\/post"}],"author":[{"embeddable":true,"href":"https:\/\/www.enorsai.com\/noticias\/wp-json\/wp\/v2\/users\/11"}],"replies":[{"embeddable":true,"href":"https:\/\/www.enorsai.com\/noticias\/wp-json\/wp\/v2\/comments?post=4087"}],"version-history":[{"count":1,"href":"https:\/\/www.enorsai.com\/noticias\/wp-json\/wp\/v2\/posts\/4087\/revisions"}],"predecessor-version":[{"id":4089,"href":"https:\/\/www.enorsai.com\/noticias\/wp-json\/wp\/v2\/posts\/4087\/revisions\/4089"}],"wp:featuredmedia":[{"embeddable":true,"href":"https:\/\/www.enorsai.com\/noticias\/wp-json\/wp\/v2\/media\/4088"}],"wp:attachment":[{"href":"https:\/\/www.enorsai.com\/noticias\/wp-json\/wp\/v2\/media?parent=4087"}],"wp:term":[{"taxonomy":"category","embeddable":true,"href":"https:\/\/www.enorsai.com\/noticias\/wp-json\/wp\/v2\/categories?post=4087"},{"taxonomy":"post_tag","embeddable":true,"href":"https:\/\/www.enorsai.com\/noticias\/wp-json\/wp\/v2\/tags?post=4087"}],"curies":[{"name":"wp","href":"https:\/\/api.w.org\/{rel}","templated":true}]}}