{"id":4066,"date":"2025-05-11T23:59:27","date_gmt":"2025-05-12T02:59:27","guid":{"rendered":"https:\/\/www.enorsai.com\/noticias\/politica\/jujuy-victoria-del-radicalismo-sobre-los-libertarios-que-suman-otra-dura-derrota\/"},"modified":"2025-05-11T23:59:27","modified_gmt":"2025-05-12T02:59:27","slug":"jujuy-victoria-del-radicalismo-sobre-los-libertarios-que-suman-otra-dura-derrota","status":"publish","type":"post","link":"https:\/\/www.enorsai.com\/noticias\/politica\/jujuy-victoria-del-radicalismo-sobre-los-libertarios-que-suman-otra-dura-derrota\/","title":{"rendered":"Jujuy: Victoria del radicalismo sobre los libertarios que suman otra dura derrota"},"content":{"rendered":"\n<p>El gobernador revalid\u00f3 su plan de ajuste permanente con una elecci\u00f3n de baj\u00edsima participaci\u00f3n y con el aval silencioso del juje\u00f1ismo oficialista<br><br>El gobernador de Jujuy, Carlos Sadir, celebr\u00f3 con entusiasmo los resultados de las elecciones legislativas provinciales del domingo 11 de mayo. Seg\u00fan los datos provisorios difundidos por el vicegobernador Alberto Bernis \u2014cuando apenas se hab\u00eda escrutado menos del 20% de las mesas\u2014, el Frente Jujuy Crece obten\u00eda un 38% de los votos, por encima de La Libertad Avanza (25%) y muy lejos del Frente Justicialista y el FIT-U, que apenas alcanzaban el 10% cada uno. Sin embargo, lo que Sadir y su aparato no mencionan es el preocupante trasfondo de apat\u00eda social, desmovilizaci\u00f3n pol\u00edtica y legitimidad erosionada que marc\u00f3 la jornada.<br><br>Mientras el gobernador insiste en sostener su \u201cmodelo juje\u00f1o de administraci\u00f3n responsable\u201d, la realidad en las calles, hospitales, escuelas y comunidades originarias cuenta otra historia: una provincia empobrecida, con conflictos gremiales irresueltos, precarizaci\u00f3n laboral extendida y criminalizaci\u00f3n de la protesta social como pol\u00edtica de Estado.<br><br>Un modelo para pocos<br><br>Sadir reiter\u00f3 que continuar\u00e1 aplicando lo que llama \u201cmodelo juje\u00f1o\u201d, un eufemismo para referirse a una gesti\u00f3n basada en el ajuste presupuestario, la represi\u00f3n institucionalizada y el endeudamiento a espaldas del pueblo. \u201cUn modelo de administraci\u00f3n responsable, con equilibrio presupuestario pero sin olvidarnos de la gente\u201d, declar\u00f3 sin sonrojarse, pese a que bajo su gesti\u00f3n \u2014y antes bajo la de Gerardo Morales, su mentor pol\u00edtico\u2014 se multiplicaron las denuncias por persecuci\u00f3n sindical, desalojos violentos y detenciones arbitrarias.<br><br>Ese \u201cmodelo\u201d incluye, por ejemplo, la represi\u00f3n salvaje de docentes y comunidades ind\u00edgenas que protestaron contra la reforma constitucional impuesta a sangre y gas lacrim\u00f3geno en 2023. Tambi\u00e9n contempla el silenciamiento sistem\u00e1tico de medios cr\u00edticos, el uso discrecional de la pauta oficial y un blindaje judicial que permite sostener un r\u00e9gimen verticalista en el que las elecciones funcionan m\u00e1s como formalidad que como expresi\u00f3n genuina de la voluntad popular.<br><br>Una elecci\u00f3n sin entusiasmo popular<br><br>Uno de los datos m\u00e1s llamativos de esta elecci\u00f3n fue el alt\u00edsimo nivel de desinter\u00e9s social. Tal como reflej\u00f3 la misma prensa juje\u00f1a, se trat\u00f3 de una de las jornadas con menor participaci\u00f3n ciudadana de la historia democr\u00e1tica de la provincia. Ese fen\u00f3meno no es casual: es el s\u00edntoma de una poblaci\u00f3n agotada por a\u00f1os de gobiernos autoritarios disfrazados de institucionalidad, donde la oferta electoral no representa una alternativa real al ajuste y la exclusi\u00f3n.<br><br>Sadir agradeci\u00f3 a \u201ctodos los que nos acompa\u00f1aron con su voto y a los que no nos votaron, porque fueron a votar\u201d. Pero lo cierto es que la mayor\u00eda no se sinti\u00f3 interpelada por ning\u00fan proyecto. \u00bfQu\u00e9 clase de triunfo es aquel en el que la mayor\u00eda se abstiene de participar? \u00bfPuede hablarse de legitimidad en un contexto donde la democracia se reduce a un tr\u00e1mite rutinario para ratificar lo ya decidido por el poder real?<br><br>El juje\u00f1ismo: un laboratorio de Milei en el norte<br><br>Lejos de representar un \u201cmodelo juje\u00f1o\u201d original, el proyecto pol\u00edtico de Sadir no es m\u00e1s que una antesala territorial del programa libertario nacional que promueve Javier Milei. La alianza impl\u00edcita entre el gobierno provincial y La Libertad Avanza no es solo electoral: comparten una misma visi\u00f3n regresiva del Estado, el desmantelamiento de derechos sociales y una concepci\u00f3n punitivista del orden p\u00fablico.<br><br>Mientras Sadir se muestra \u201ccontento\u201d con los resultados, Milei festeja en paralelo el avance de sus candidatos en Jujuy, anunciando que ser\u00e1n \u201cla verdadera oposici\u00f3n\u201d. La escena es reveladora: oficialismo y \u201coposici\u00f3n\u201d comulgan en una agenda com\u00fan de desguace institucional, ajuste brutal y subordinaci\u00f3n a los intereses de las elites financieras.<br><br>La otra Jujuy que resiste<br><br>Detr\u00e1s de la maquinaria oficial, hay una Jujuy que sigue resistiendo. La de los docentes que pelean por salarios dignos. La de los pueblos originarios que defienden el territorio ante el extractivismo salvaje. La de las mujeres, diversidades, j\u00f3venes precarizados y organizaciones populares que siguen en pie pese al ahogo institucional.<br><br>Sadir podr\u00e1 proclamarse vencedor y hablar de \u201cequilibrio con sentido social\u201d, pero la realidad es que su modelo no incluye a la mayor\u00eda de los juje\u00f1os. Lo que se impone no es un modelo de desarrollo, sino de supervivencia para unos pocos, sostenido con votos d\u00e9biles, represi\u00f3n fuerte y propaganda constante.<br><br>El futuro dir\u00e1 cu\u00e1nto m\u00e1s podr\u00e1 resistir esta fachada de normalidad. Lo que s\u00ed es seguro es que, mientras el modelo juje\u00f1o siga exportando ajuste y represi\u00f3n, el pueblo seguir\u00e1 buscando \u2014y construyendo\u2014 otras formas de poder popular, m\u00e1s democr\u00e1ticas, m\u00e1s inclusivas y m\u00e1s justas.<\/p>\n","protected":false},"excerpt":{"rendered":"<p>El gobernador revalid\u00f3 su plan de ajuste permanente con una elecci\u00f3n de baj\u00edsima participaci\u00f3n y con el aval silencioso del juje\u00f1ismo oficialista El gobernador de Jujuy, Carlos Sadir, celebr\u00f3 con entusiasmo los resultados de las elecciones legislativas provinciales del domingo 11 de mayo. Seg\u00fan los datos provisorios difundidos por el vicegobernador Alberto Bernis \u2014cuando apenas&#8230;<\/p>\n","protected":false},"author":1,"featured_media":4065,"comment_status":"open","ping_status":"open","sticky":false,"template":"","format":"standard","meta":{"_monsterinsights_skip_tracking":false,"_monsterinsights_sitenote_active":false,"_monsterinsights_sitenote_note":"","_monsterinsights_sitenote_category":0,"footnotes":"","jetpack_publicize_message":"","jetpack_publicize_feature_enabled":true,"jetpack_social_post_already_shared":true,"jetpack_social_options":{"image_generator_settings":{"template":"highway","default_image_id":0,"font":"","enabled":false},"version":2}},"categories":[2],"tags":[],"class_list":["post-4066","post","type-post","status-publish","format-standard","has-post-thumbnail","hentry","category-politica"],"jetpack_publicize_connections":[],"_links":{"self":[{"href":"https:\/\/www.enorsai.com\/noticias\/wp-json\/wp\/v2\/posts\/4066","targetHints":{"allow":["GET"]}}],"collection":[{"href":"https:\/\/www.enorsai.com\/noticias\/wp-json\/wp\/v2\/posts"}],"about":[{"href":"https:\/\/www.enorsai.com\/noticias\/wp-json\/wp\/v2\/types\/post"}],"author":[{"embeddable":true,"href":"https:\/\/www.enorsai.com\/noticias\/wp-json\/wp\/v2\/users\/1"}],"replies":[{"embeddable":true,"href":"https:\/\/www.enorsai.com\/noticias\/wp-json\/wp\/v2\/comments?post=4066"}],"version-history":[{"count":0,"href":"https:\/\/www.enorsai.com\/noticias\/wp-json\/wp\/v2\/posts\/4066\/revisions"}],"wp:featuredmedia":[{"embeddable":true,"href":"https:\/\/www.enorsai.com\/noticias\/wp-json\/wp\/v2\/media\/4065"}],"wp:attachment":[{"href":"https:\/\/www.enorsai.com\/noticias\/wp-json\/wp\/v2\/media?parent=4066"}],"wp:term":[{"taxonomy":"category","embeddable":true,"href":"https:\/\/www.enorsai.com\/noticias\/wp-json\/wp\/v2\/categories?post=4066"},{"taxonomy":"post_tag","embeddable":true,"href":"https:\/\/www.enorsai.com\/noticias\/wp-json\/wp\/v2\/tags?post=4066"}],"curies":[{"name":"wp","href":"https:\/\/api.w.org\/{rel}","templated":true}]}}