{"id":4046,"date":"2025-05-11T09:27:29","date_gmt":"2025-05-11T12:27:29","guid":{"rendered":"http:\/\/www.enorsai.com\/noticias\/?p=4046"},"modified":"2025-05-16T10:28:25","modified_gmt":"2025-05-16T13:28:25","slug":"denunciaron-penalmente-al-gobernador-del-chaco-por-injuriar-y-perseguir-en-los-medios-publicos-a-una-mujer-con-pauta-oficial","status":"publish","type":"post","link":"https:\/\/www.enorsai.com\/noticias\/politica\/denunciaron-penalmente-al-gobernador-del-chaco-por-injuriar-y-perseguir-en-los-medios-publicos-a-una-mujer-con-pauta-oficial\/","title":{"rendered":"Denunciaron penalmente al gobernador del Chaco por injuriar y perseguir en los medios p\u00fablicos a una mujer con pauta oficial"},"content":{"rendered":"\n<p><strong><em>La secretaria gremial del INSSSeP llev\u00f3 al gobernador del Chaco ante la Justicia por agravios p\u00fablicos que, lejos de ser cr\u00edtica pol\u00edtica, constituyen una persecuci\u00f3n personal con respaldo estatal. Zulema Coria, referente gremial del organismo de seguridad social chaque\u00f1o, denunci\u00f3 penalmente al gobernador Leandro Zdero por injurias, luego de que \u00e9ste la atacara en medios p\u00fablicos financiados con pauta oficial. El episodio expone un patr\u00f3n preocupante: el uso del aparato estatal para perseguir y desacreditar a representantes sindicales.<\/em><\/strong><\/p>\n\n\n\n<p>(Por Sof\u00eda Arregui) La pol\u00edtica argentina est\u00e1 llena de gestos destemplados, declaraciones virulentas y guerras discursivas que muchas veces buscan m\u00e1s la aniquilaci\u00f3n del adversario que el debate de ideas. Pero hay una frontera \u2014cada vez m\u00e1s borrosa\u2014 entre la cr\u00edtica pol\u00edtica leg\u00edtima y el hostigamiento personal desde el poder. El gobernador de Chaco, Leandro Zdero, acaba de cruzarla de forma ruidosa, altanera y con fondos p\u00fablicos como combustible.<\/p>\n\n\n\n<p>Zulema Coria, Secretaria General del gremio del INSSSeP (Instituto de Seguridad Social, Seguros y Pr\u00e9stamos), present\u00f3 el pasado viernes una denuncia penal en su contra por el delito de injurias, previsto en el art\u00edculo 110 del C\u00f3digo Penal de la Naci\u00f3n. La causa fue radicada en la Unidad de Atenci\u00f3n a V\u00edctimas y ser\u00e1 tramitada por sede judicial. Es un hecho in\u00e9dito en la provincia: un gobernador denunciado por difamar a una trabajadora estatal en ejercicio de funciones gremiales.<\/p>\n\n\n\n<p>Todo comenz\u00f3 el 8 de mayo, cuando Zdero, durante una entrevista en el canal Somos Uno \u2014emitida con pauta publicitaria financiada por el propio Estado provincial\u2014 se despach\u00f3 sin pudor contra Coria, a quien calific\u00f3 de \u201cmujer perversa\u201d, \u201cda\u00f1ina\u201d, \u201ceterna dirigente sindical\u201d, \u201csin coraz\u00f3n\u201d y \u201cmala persona\u201d. No se trat\u00f3 de un exabrupto aislado ni de una met\u00e1fora desafortunada, sino de una catarata de descalificaciones personales dirigidas con nombre y apellido, sin argumento alguno que las justificara.<\/p>\n\n\n\n<p>No s\u00f3lo eso: Zdero vincul\u00f3 a Coria con acciones pol\u00edticas y responsabilidades institucionales que no le corresponden como trabajadora del INSSSeP, creando un relato distorsionado que mezcla ficci\u00f3n, odio de clase y un desprecio profundo hacia la representaci\u00f3n gremial.<\/p>\n\n\n<div class=\"wp-block-image\">\n<figure class=\"alignleft size-full is-resized\"><img loading=\"lazy\" decoding=\"async\" width=\"576\" height=\"470\" src=\"https:\/\/www.enorsai.com\/noticias\/wp-content\/uploads\/2025\/05\/image-13.png\" alt=\"\" class=\"wp-image-4050\" style=\"width:440px;height:auto\" srcset=\"https:\/\/www.enorsai.com\/noticias\/wp-content\/uploads\/2025\/05\/image-13.png 576w, https:\/\/www.enorsai.com\/noticias\/wp-content\/uploads\/2025\/05\/image-13-300x245.png 300w\" sizes=\"auto, (max-width: 576px) 100vw, 576px\" \/><\/figure>\n<\/div>\n\n\n<p>La denuncia es contundente. Plantea que \u201cestas expresiones no constituyen una cr\u00edtica pol\u00edtica leg\u00edtima, sino que se tratan de afirmaciones asertivas, injuriantes y sin respaldo f\u00e1ctico, con el claro objetivo de desacreditarla, menoscabar su honor, y generar da\u00f1o personal, familiar, gremial y psicol\u00f3gico\u201d. El texto judicial no deja lugar a dudas: estamos ante una operaci\u00f3n de hostigamiento con consecuencias institucionales.<\/p>\n\n\n\n<p>El INSSSeP no es cualquier organismo. Es la obra social provincial chaque\u00f1a, un ente de vital importancia para la vida cotidiana de miles de trabajadores y sus familias. Administra fondos destinados a pr\u00e1cticas m\u00e9dicas de alta complejidad, seguros de vida, licitaciones farmac\u00e9uticas y prestaciones ante fallecimientos o incapacidades. Es, tambi\u00e9n, un regulador central del sistema de salud p\u00fablico en la provincia. Su peso pol\u00edtico y econ\u00f3mico lo convierte en un bot\u00edn codiciado por quienes buscan disciplinar el aparato estatal a su antojo.<\/p>\n\n\n\n<p>Coria no s\u00f3lo representa a las y los trabajadores del INSSSeP: simboliza, para un sector del poder, todo lo que hay que erradicar. La vieja obsesi\u00f3n neoliberal con la \u201ccasta sindical\u201d encuentra en Zdero a un entusiasta ejecutor, dispuesto a utilizar todos los recursos del Estado para destruir, no a un adversario, sino a una mujer con voz propia, con a\u00f1os de trayectoria, y con un compromiso sostenido con sus compa\u00f1eros.<\/p>\n\n\n\n<p>Pero lo que hace m\u00e1s grave este episodio es el marco en que ocurre. Desde la asunci\u00f3n de Javier Milei, el pa\u00eds ha entrado en una etapa de brutalizaci\u00f3n institucional, donde el lenguaje de la violencia se ha naturalizado y la persecuci\u00f3n a referentes sindicales y sociales se multiplica sin pudor. La pr\u00e9dica de la \u201cmotosierra\u201d no es solo una pol\u00edtica econ\u00f3mica: es una estrategia discursiva para deslegitimar, reducir y aplastar cualquier disenso. Zdero, gobernador de una de las provincias m\u00e1s postergadas del pa\u00eds, parece haber tomado nota al pie de la letra.<\/p>\n\n\n\n<p>Las palabras tienen peso, y m\u00e1s a\u00fan cuando provienen del cargo m\u00e1s alto de una provincia. No es lo mismo una opini\u00f3n personal que una declaraci\u00f3n institucional frente a c\u00e1maras y amplificada con dinero p\u00fablico. No es lo mismo decir que no se est\u00e1 de acuerdo con un reclamo gremial que llamar \u201cmala persona\u201d a quien lo encabeza. Zdero no s\u00f3lo descalific\u00f3: estigmatiz\u00f3, personaliz\u00f3 y degrad\u00f3 a Coria, sabiendo perfectamente lo que hac\u00eda. Lo hizo para enviar un mensaje: quien se atreva a cuestionar, ser\u00e1 arrastrado por el barro de la difamaci\u00f3n.<\/p>\n\n\n\n<p>Lo que se pone en juego no es solo el honor de una dirigente sindical. Se trata del derecho de todos los trabajadores a organizarse, a expresarse, a resistir cuando se vulneran sus derechos. Se trata del l\u00edmite \u2014si es que a\u00fan existe\u2014 que una democracia debe trazar ante el autoritarismo discursivo.<\/p>\n\n\n\n<p>La denuncia penal presentada por Coria es, en este sentido, un acto de dignidad. No porque espere justicia de una Justicia tantas veces domesticada, sino porque obliga a correr el velo de la hipocres\u00eda. Porque expone el uso arbitrario del poder, la cobard\u00eda de quien golpea desde arriba, y el cinismo de un modelo pol\u00edtico que dice combatir privilegios mientras persigue a quienes defienden derechos colectivos.<\/p>\n\n\n\n<p>Lo que indigna no es solo el agravio. Es el cinismo de una clase pol\u00edtica que demoniza a los trabajadores organizados mientras se rodea de gerentes, CEOs y especuladores seriales. Es el doble discurso de quienes se llenan la boca hablando de libertad mientras disciplinan con amenazas y humillaciones p\u00fablicas. Es la l\u00f3gica del escarmiento, cada vez m\u00e1s instalada en el centro del poder.<\/p>\n\n\n\n<p>\u00bfHasta d\u00f3nde se permitir\u00e1 que esto avance? \u00bfCu\u00e1nto m\u00e1s se naturalizar\u00e1n las agresiones desde cargos p\u00fablicos? \u00bfQu\u00e9 sucede con la libertad de expresi\u00f3n cuando la ejerce una mujer sindicalista y no un pol\u00edtico de traje que compra espacio en los medios con dinero del pueblo?<\/p>\n\n\n\n<p>La causa judicial reci\u00e9n empieza, pero el juicio social ya deber\u00eda estar en marcha. Porque si un gobernador se siente habilitado para insultar a una trabajadora en televisi\u00f3n abierta y con plata del Estado, es porque algo muy profundo est\u00e1 fallando. Porque si no se condena con fuerza esta conducta, ma\u00f1ana cualquier docente, enfermero, m\u00e9dica o portero podr\u00e1 ser p\u00fablicamente destruido por atreverse a levantar la voz.<\/p>\n\n\n\n<p>No se trata de una disputa menor ni de una cuesti\u00f3n de formas. Se trata de la dignidad, del derecho a no ser violentado por pensar distinto, de la responsabilidad que implica ejercer el poder. Se trata, en \u00faltima instancia, de qu\u00e9 tipo de sociedad queremos construir: una donde los poderosos insultan y los trabajadores callan, o una donde cada persona, sin importar su cargo o g\u00e9nero, tenga garantizado el respeto m\u00ednimo que toda democracia real exige.<\/p>\n\n\n\n<p>Zulema Coria hizo lo que muchos no se atreven: puso un l\u00edmite. Y en tiempos donde el miedo paraliza, eso ya es una forma de resistencia.<\/p>\n\n\n\n<p>Fuentes:<\/p>\n\n\n\n<ul class=\"wp-block-list\">\n<li><a href=\"https:\/\/www.eldiariodelaregion.com.ar\/articulo\/zulema-coria-denuncio-penalmente-al-gobernador-leandro-zdero\/\">https:\/\/www.eldiariodelaregion.com.ar\/articulo\/zulema-coria-denuncio-penalmente-al-gobernador-leandro-zdero\/<\/a><\/li>\n<\/ul>\n","protected":false},"excerpt":{"rendered":"<p>La secretaria gremial del INSSSeP llev\u00f3 al gobernador del Chaco ante la Justicia por agravios p\u00fablicos que, lejos de ser cr\u00edtica pol\u00edtica, constituyen una persecuci\u00f3n personal con respaldo estatal. Zulema Coria, referente gremial del organismo de seguridad social chaque\u00f1o, denunci\u00f3 penalmente al gobernador Leandro Zdero por injurias, luego de que \u00e9ste la atacara en medios&#8230;<\/p>\n","protected":false},"author":12,"featured_media":4048,"comment_status":"open","ping_status":"open","sticky":false,"template":"","format":"standard","meta":{"_monsterinsights_skip_tracking":false,"_monsterinsights_sitenote_active":false,"_monsterinsights_sitenote_note":"","_monsterinsights_sitenote_category":0,"footnotes":"","jetpack_publicize_message":"","jetpack_publicize_feature_enabled":true,"jetpack_social_post_already_shared":true,"jetpack_social_options":{"image_generator_settings":{"template":"highway","default_image_id":0,"font":"","enabled":false},"version":2}},"categories":[1286,2],"tags":[1361,75,1360],"class_list":["post-4046","post","type-post","status-publish","format-standard","has-post-thumbnail","hentry","category-destacadas","category-politica","tag-chaco","tag-corrupcion","tag-zdero"],"jetpack_publicize_connections":[],"_links":{"self":[{"href":"https:\/\/www.enorsai.com\/noticias\/wp-json\/wp\/v2\/posts\/4046","targetHints":{"allow":["GET"]}}],"collection":[{"href":"https:\/\/www.enorsai.com\/noticias\/wp-json\/wp\/v2\/posts"}],"about":[{"href":"https:\/\/www.enorsai.com\/noticias\/wp-json\/wp\/v2\/types\/post"}],"author":[{"embeddable":true,"href":"https:\/\/www.enorsai.com\/noticias\/wp-json\/wp\/v2\/users\/12"}],"replies":[{"embeddable":true,"href":"https:\/\/www.enorsai.com\/noticias\/wp-json\/wp\/v2\/comments?post=4046"}],"version-history":[{"count":2,"href":"https:\/\/www.enorsai.com\/noticias\/wp-json\/wp\/v2\/posts\/4046\/revisions"}],"predecessor-version":[{"id":4051,"href":"https:\/\/www.enorsai.com\/noticias\/wp-json\/wp\/v2\/posts\/4046\/revisions\/4051"}],"wp:featuredmedia":[{"embeddable":true,"href":"https:\/\/www.enorsai.com\/noticias\/wp-json\/wp\/v2\/media\/4048"}],"wp:attachment":[{"href":"https:\/\/www.enorsai.com\/noticias\/wp-json\/wp\/v2\/media?parent=4046"}],"wp:term":[{"taxonomy":"category","embeddable":true,"href":"https:\/\/www.enorsai.com\/noticias\/wp-json\/wp\/v2\/categories?post=4046"},{"taxonomy":"post_tag","embeddable":true,"href":"https:\/\/www.enorsai.com\/noticias\/wp-json\/wp\/v2\/tags?post=4046"}],"curies":[{"name":"wp","href":"https:\/\/api.w.org\/{rel}","templated":true}]}}