{"id":4043,"date":"2025-05-10T21:02:53","date_gmt":"2025-05-11T00:02:53","guid":{"rendered":"https:\/\/www.enorsai.com\/noticias\/?p=4043"},"modified":"2025-05-16T10:27:54","modified_gmt":"2025-05-16T13:27:54","slug":"hallaron-en-el-pozo-de-vargas-los-restos-de-aida-villegas-una-joven-psicologa-desaparecida-durante-el-terrorismo-de-estado","status":"publish","type":"post","link":"https:\/\/www.enorsai.com\/noticias\/politica\/hallaron-en-el-pozo-de-vargas-los-restos-de-aida-villegas-una-joven-psicologa-desaparecida-durante-el-terrorismo-de-estado\/","title":{"rendered":"Hallaron en el Pozo de Vargas los restos de Aida Villegas, una joven psic\u00f3loga desaparecida durante el terrorismo de Estado"},"content":{"rendered":"\n<p><strong><em>Aida ten\u00eda apenas 22 a\u00f1os cuando fue arrancada de su hogar y de su futuro. La dictadura la desapareci\u00f3, pero la memoria la trae de regreso. Su familia a\u00fan busca a Jorge, su hermano, tambi\u00e9n secuestrado por el aparato represivo. El hallazgo de sus restos desnuda, una vez m\u00e1s, el horror sistem\u00e1tico que se quiso enterrar sin huellas.<\/em><\/strong><\/p>\n\n\n\n<p>A veces, las dictaduras no matan de una vez. A veces, la muerte se prolonga en el tiempo, en las ausencias, en los silencios forzados, en las b\u00fasquedas sin final. Y a veces, tambi\u00e9n, ocurre que la memoria insiste, que la verdad resurge, que los huesos hablan. Aida Villegas, catamarque\u00f1a, joven, psic\u00f3loga, hermana, militante de la vida, desaparecida el 2 de noviembre de 1976, fue hallada en el fondo del Pozo de Vargas, ese siniestro sitio de exterminio ubicado en Tucum\u00e1n que se ha convertido en tumba com\u00fan de los desaparecidos del noroeste argentino.<\/p>\n\n\n\n<p>No hay met\u00e1fora que alcance para describir lo que significa este hallazgo. Se trata, ni m\u00e1s ni menos, del reencuentro de una familia con su ser querido, aunque lo que queda sea apenas materia. Pero tambi\u00e9n, y quiz\u00e1 m\u00e1s profundamente, es el reencuentro de una sociedad con su historia. Aida vuelve. A pesar de todo. A pesar del tiempo, del olvido forzado, del encubrimiento, de la complicidad militar, eclesi\u00e1stica y empresarial. A pesar, incluso, de un presente en el que ciertos sectores pol\u00edticos vuelven a relativizar, cuando no a justificar, el horror.<\/p>\n\n\n\n<p>Aida hab\u00eda llegado a Tucum\u00e1n para estudiar Psicolog\u00eda. Se recibi\u00f3, cumpli\u00f3 su objetivo, ten\u00eda planes: su horizonte estaba en Venezuela, donde pensaba comenzar una nueva etapa con su pareja. Pero no la dejaron. Esa ma\u00f1ana de noviembre, hombres armados, uniformados por el Estado y la impunidad, irrumpieron en su casa. No hubo explicaciones. No hubo juicio. No hubo defensa. La arrastraron a la oscuridad, como a tantos. Como a demasiados.<\/p>\n\n\n\n<figure class=\"wp-block-embed is-type-rich is-provider-twitter wp-block-embed-twitter\"><div class=\"wp-block-embed__wrapper\">\n<blockquote class=\"twitter-tweet\" data-width=\"550\" data-dnt=\"true\"><p lang=\"es\" dir=\"ltr\">IDENTIFICAN A CRA SECUESTRADA DESAPARECIDA  EN EL POZO DE VARGAS.<br>Fue secuestrada en 1976 en Tucum\u00e1n mientras estudiaba Psicolog\u00eda; su identidad fue confirmada recientemente entre los restos recuperados en el Pozo de Vargas. La familia a\u00fan espera saber qu\u00e9 ocurri\u00f3 con su hermano <a href=\"https:\/\/t.co\/bDlMuhd0CX\">pic.twitter.com\/bDlMuhd0CX<\/a><\/p>&mdash; roberto taboada (@robertotaboada5) <a href=\"https:\/\/twitter.com\/robertotaboada5\/status\/1921302681647284320?ref_src=twsrc%5Etfw\">May 10, 2025<\/a><\/blockquote><script async src=\"https:\/\/platform.twitter.com\/widgets.js\" charset=\"utf-8\"><\/script>\n<\/div><\/figure>\n\n\n\n<p>Su familia nunca dej\u00f3 de buscarla. Claudia Villegas, su hermana, confirm\u00f3 la noticia con la misma mezcla de dolor y alivio con la que suelen recibirse estos hallazgos. Un amigo en Tucum\u00e1n fue quien se la transmiti\u00f3. Desde entonces, ese momento en que la ausencia se volvi\u00f3 certeza, la memoria se organiza, la rabia se activa y la esperanza se redobla: a\u00fan queda encontrar a Jorge, el hermano menor, secuestrado el 8 de junio de 1977, con apenas 19 a\u00f1os y los sue\u00f1os de arquitectura en la mochila.<\/p>\n\n\n\n<p>La historia de Aida es la historia de miles. Pero tambi\u00e9n es \u00fanica. Es la historia de una mujer joven, formada, con sue\u00f1os, con nombre y apellido, con vida. Es la historia de un crimen cometido por el Estado, por las Fuerzas Armadas, por quienes hoy pretenden posar de dem\u00f3cratas mientras abren la puerta a la negaci\u00f3n y a la impunidad. Porque no se trata solo del pasado. Se trata de lo que hoy, en pleno 2025, est\u00e1 en disputa.<\/p>\n\n\n\n<p>Resulta imposible no mencionar que el hallazgo de Aida ocurre en un contexto de regresi\u00f3n peligrosa. La reciente decisi\u00f3n del gobierno nacional de trasladar a una c\u00e1rcel VIP en Campo de Mayo a 19 genocidas condenados, entre ellos Alfredo Astiz, marca un antes y un despu\u00e9s. No se trata de un error administrativo ni de una medida aislada. Es un gesto pol\u00edtico. Es un mensaje. Y es, sobre todo, una ofensa a la memoria de Aida, de Jorge, y de los 30.000 detenidos-desaparecidos. No hay maquillaje t\u00e9cnico que oculte lo que est\u00e1 ocurriendo: una lenta pero persistente operaci\u00f3n de blanqueo del terrorismo de Estado.<\/p>\n\n\n\n<figure class=\"wp-block-embed is-type-rich is-provider-twitter wp-block-embed-twitter\"><div class=\"wp-block-embed__wrapper\">\n<blockquote class=\"twitter-tweet\" data-width=\"550\" data-dnt=\"true\"><p lang=\"es\" dir=\"ltr\">Pozo de Vargas.<br><br>La fosa m\u00e1s grande del pa\u00eds.<br><br>S\u00ed, hubo varias.<a href=\"https:\/\/twitter.com\/hashtag\/Fueron30000?src=hash&amp;ref_src=twsrc%5Etfw\">#Fueron30000<\/a> <a href=\"https:\/\/t.co\/FUpp7oXCuF\">pic.twitter.com\/FUpp7oXCuF<\/a><\/p>&mdash; Gabriel Castro (@GabrielCastroOK) <a href=\"https:\/\/twitter.com\/GabrielCastroOK\/status\/1904225872493654040?ref_src=twsrc%5Etfw\">March 24, 2025<\/a><\/blockquote><script async src=\"https:\/\/platform.twitter.com\/widgets.js\" charset=\"utf-8\"><\/script>\n<\/div><\/figure>\n\n\n\n<p>El Pozo de Vargas, donde fueron hallados los restos de Aida, se ha convertido en una especie de \u00fatero invertido de la historia argentina. Lo que all\u00ed emerge no da vida, pero s\u00ed verdad. Desde hace a\u00f1os, un equipo de trabajo incansable recupera fragmentos \u00f3seos, restos humanos, evidencias de un plan sistem\u00e1tico de desaparici\u00f3n, tortura y exterminio. Cada cent\u00edmetro de tierra removido es una p\u00e1gina recuperada de ese libro que los genocidas quisieron quemar.<\/p>\n\n\n\n<p>El hallazgo de Aida no es solo una noticia. Es un acto pol\u00edtico. Un recordatorio inc\u00f3modo para quienes todav\u00eda hoy relativizan el horror. Es un bofet\u00f3n en la cara a quienes promueven la reconciliaci\u00f3n sin justicia. Es tambi\u00e9n una se\u00f1al para las nuevas generaciones, para que entiendan que lo que ocurri\u00f3 no es parte del pasado, sino del presente que habitamos. Porque sin memoria no hay democracia. Sin justicia no hay paz.<\/p>\n\n\n\n<p>La dictadura no solo mat\u00f3. Tambi\u00e9n desapareci\u00f3, secuestr\u00f3 identidades, destruy\u00f3 familias, sembr\u00f3 miedo, instaur\u00f3 una cultura de la obediencia y la delaci\u00f3n. Y aunque pasaron m\u00e1s de cuatro d\u00e9cadas, las heridas siguen abiertas. Porque no se trata solo de cicatrices individuales, sino de una herida colectiva. Y esa herida duele m\u00e1s cuando se la ignora o se la banaliza.<\/p>\n\n\n\n<p>\u00bfQu\u00e9 mensaje le damos al mundo cuando premiamos con beneficios penitenciarios a quienes dise\u00f1aron y ejecutaron el horror? \u00bfQu\u00e9 clase de pa\u00eds estamos construyendo si permitimos que los asesinos de nuestros hermanos duerman en celdas calefaccionadas mientras las v\u00edctimas a\u00fan yacen en pozos clandestinos? \u00bfQu\u00e9 democracia queremos, si en su nombre se sueltan las manos de los represores?<\/p>\n\n\n\n<p>Aida Villegas no eligi\u00f3 ser un s\u00edmbolo. Pero lo es. Como lo son Claudia, su hermana; como lo es Jorge, a\u00fan desaparecido; como lo son todas y todos los que siguen buscando sin descanso, cavando entre la tierra, la burocracia y el olvido. El hallazgo de sus restos es una victoria de la memoria y de la lucha. Una victoria amarga, s\u00ed, porque llega tarde. Pero tambi\u00e9n necesaria. Porque nos recuerda lo esencial: que el silencio no puede vencer, que el horror no puede naturalizarse, que la justicia debe ser completa o no ser\u00e1.<\/p>\n\n\n\n<p>El retorno de Aida no borra el dolor. Pero le pone nombre. Le pone cuerpo. Le devuelve dignidad. En un pa\u00eds donde todav\u00eda se discute si hubo o no un genocidio, donde se pone en duda la cifra de desaparecidos, donde se desfinancian los programas de derechos humanos, y donde se le concede voz pol\u00edtica a los defensores de la dictadura, Aida se alza como una presencia que incomoda. Y que por eso mismo, es m\u00e1s necesaria que nunca.<\/p>\n\n\n\n<p>Hoy, Catamarca la espera. La abraza. La llora. Pero tambi\u00e9n la grita. Porque Aida no muri\u00f3 en vano. Porque su historia, ahora confirmada con huesos, con fechas, con pruebas, desnuda la verdad que algunos quieren enterrar otra vez. Pero no podr\u00e1n.<\/p>\n\n\n\n<p>Porque donde hay memoria, hay futuro.<\/p>\n\n\n\n<p>Fuente:<\/p>\n\n\n\n<ul class=\"wp-block-list\">\n<li><a href=\"https:\/\/www.elancasti.com.ar\/policiales\/hallaron-el-pozo-vargas-los-restos-una-catamarquena-desaparecida-la-dictadura-n583440\">https:\/\/www.elancasti.com.ar\/policiales\/hallaron-el-pozo-vargas-los-restos-una-catamarquena-desaparecida-la-dictadura-n583440<\/a><\/li>\n<\/ul>\n","protected":false},"excerpt":{"rendered":"<p>Aida ten\u00eda apenas 22 a\u00f1os cuando fue arrancada de su hogar y de su futuro. La dictadura la desapareci\u00f3, pero la memoria la trae de regreso. Su familia a\u00fan busca a Jorge, su hermano, tambi\u00e9n secuestrado por el aparato represivo. El hallazgo de sus restos desnuda, una vez m\u00e1s, el horror sistem\u00e1tico que se quiso&#8230;<\/p>\n","protected":false},"author":1,"featured_media":4044,"comment_status":"open","ping_status":"open","sticky":false,"template":"","format":"standard","meta":{"_monsterinsights_skip_tracking":false,"_monsterinsights_sitenote_active":false,"_monsterinsights_sitenote_note":"","_monsterinsights_sitenote_category":0,"footnotes":"","jetpack_publicize_message":"","jetpack_publicize_feature_enabled":true,"jetpack_social_post_already_shared":true,"jetpack_social_options":{"image_generator_settings":{"template":"highway","default_image_id":0,"font":"","enabled":false},"version":2}},"categories":[1286,2],"tags":[],"class_list":["post-4043","post","type-post","status-publish","format-standard","has-post-thumbnail","hentry","category-destacadas","category-politica"],"jetpack_publicize_connections":[],"_links":{"self":[{"href":"https:\/\/www.enorsai.com\/noticias\/wp-json\/wp\/v2\/posts\/4043","targetHints":{"allow":["GET"]}}],"collection":[{"href":"https:\/\/www.enorsai.com\/noticias\/wp-json\/wp\/v2\/posts"}],"about":[{"href":"https:\/\/www.enorsai.com\/noticias\/wp-json\/wp\/v2\/types\/post"}],"author":[{"embeddable":true,"href":"https:\/\/www.enorsai.com\/noticias\/wp-json\/wp\/v2\/users\/1"}],"replies":[{"embeddable":true,"href":"https:\/\/www.enorsai.com\/noticias\/wp-json\/wp\/v2\/comments?post=4043"}],"version-history":[{"count":1,"href":"https:\/\/www.enorsai.com\/noticias\/wp-json\/wp\/v2\/posts\/4043\/revisions"}],"predecessor-version":[{"id":4045,"href":"https:\/\/www.enorsai.com\/noticias\/wp-json\/wp\/v2\/posts\/4043\/revisions\/4045"}],"wp:featuredmedia":[{"embeddable":true,"href":"https:\/\/www.enorsai.com\/noticias\/wp-json\/wp\/v2\/media\/4044"}],"wp:attachment":[{"href":"https:\/\/www.enorsai.com\/noticias\/wp-json\/wp\/v2\/media?parent=4043"}],"wp:term":[{"taxonomy":"category","embeddable":true,"href":"https:\/\/www.enorsai.com\/noticias\/wp-json\/wp\/v2\/categories?post=4043"},{"taxonomy":"post_tag","embeddable":true,"href":"https:\/\/www.enorsai.com\/noticias\/wp-json\/wp\/v2\/tags?post=4043"}],"curies":[{"name":"wp","href":"https:\/\/api.w.org\/{rel}","templated":true}]}}