{"id":4033,"date":"2025-05-10T12:13:36","date_gmt":"2025-05-10T15:13:36","guid":{"rendered":"https:\/\/www.enorsai.com\/noticias\/?p=4033"},"modified":"2025-05-10T12:13:36","modified_gmt":"2025-05-10T15:13:36","slug":"capitanich-llamo-a-reventar-las-urnas-para-ponerle-freno-al-saqueo-y-la-humillacion-social","status":"publish","type":"post","link":"https:\/\/www.enorsai.com\/noticias\/politica\/capitanich-llamo-a-reventar-las-urnas-para-ponerle-freno-al-saqueo-y-la-humillacion-social\/","title":{"rendered":"Capitanich llam\u00f3 a \u201creventar las urnas\u201d para ponerle freno al saqueo y la humillaci\u00f3n social"},"content":{"rendered":"\n<p><strong><em>En un encendido discurso de m\u00e1s de una hora, Jorge Capitanich repas\u00f3 su legado de gesti\u00f3n, pidi\u00f3 perd\u00f3n por errores del pasado y lanz\u00f3 un llamado urgente a la ciudadan\u00eda para frenar con el voto el avance de un gobierno al que calific\u00f3 de irresponsable, corrupto y autocr\u00e1tico. \u201cLes est\u00e1n sacando el plato de comida de la boca a los pobres\u201d, denunci\u00f3.<\/em><\/strong><\/p>\n\n\n\n<p>(Por Walter Onorato) Desde Resistencia, pero con el coraz\u00f3n puesto en la pulseada nacional, Jorge Capitanich volvi\u00f3 a ponerse al frente de la batalla pol\u00edtica. En un discurso transmitido v\u00eda streaming desde la Facultad de Ingenier\u00eda de la UNNE, el exgobernador chaque\u00f1o no se guard\u00f3 nada. Habl\u00f3 de memoria, de futuro, de errores, de ampollas y de dignidad. Pero sobre todo, denunci\u00f3 sin eufemismos a quienes, desde el poder, est\u00e1n hundiendo al pueblo argentino en un pantano de ajuste, endeudamiento y miseria.<\/p>\n\n\n\n<p>Su blanco inmediato fue el gobernador Leandro Zdero, a quien acus\u00f3 de encabezar \u201cun gobierno irresponsable\u201d que transform\u00f3 el super\u00e1vit fiscal en un agujero negro de d\u00e9ficit y par\u00e1lisis. Pero su cr\u00edtica se proyect\u00f3 m\u00e1s all\u00e1 del \u00e1mbito provincial. Porque cuando Capitanich habla de \u201cautocracia\u201d, de \u201cprivatizaciones encubiertas\u201d y de \u201csalarios de hambre\u201d, hay un destinatario inevitable en esa interpelaci\u00f3n: Javier Milei.<\/p>\n\n\n\n<figure class=\"wp-block-embed is-type-rich is-provider-twitter wp-block-embed-twitter\"><div class=\"wp-block-embed__wrapper\">\n<blockquote class=\"twitter-tweet\" data-width=\"550\" data-dnt=\"true\"><p lang=\"es\" dir=\"ltr\">HAY ESPERANZA. <a href=\"https:\/\/t.co\/0WtjQ3vnmU\">pic.twitter.com\/0WtjQ3vnmU<\/a><\/p>&mdash; Jorge Capitanich (@jmcapitanich) <a href=\"https:\/\/twitter.com\/jmcapitanich\/status\/1920865493029663182?ref_src=twsrc%5Etfw\">May 9, 2025<\/a><\/blockquote><script async src=\"https:\/\/platform.twitter.com\/widgets.js\" charset=\"utf-8\"><\/script>\n<\/div><\/figure>\n\n\n\n<p>El discurso fue algo m\u00e1s que un cierre de campa\u00f1a. Fue, en los hechos, una proclama pol\u00edtica contra el experimento libertario que hoy tiene a la Argentina reh\u00e9n de los mercados financieros y de un dogma destructivo disfrazado de libertad. En ese marco, Capitanich pidi\u00f3 usar el voto como herramienta de defensa, como grito de dignidad y como freno a lo que defini\u00f3 como \u201cla humillaci\u00f3n organizada de los sectores populares\u201d.<\/p>\n\n\n\n<p>\u201cLes est\u00e1n sacando el plato de comida de la boca\u201d, bram\u00f3 en referencia al deterioro brutal del poder adquisitivo y el achique de la pol\u00edtica p\u00fablica. Con tono encendido, denunci\u00f3 que mientras el pueblo come salteado, el gobernador chaque\u00f1o embolsa m\u00e1s de 8 millones de pesos por mes entre sueldo y vi\u00e1ticos. \u201cQue publique su recibo\u201d, desafi\u00f3 con los dientes apretados.<\/p>\n\n\n\n<p>El exmandatario no se limit\u00f3 a denunciar. Tambi\u00e9n hizo autocr\u00edtica. Con humildad poco com\u00fan en la dirigencia pol\u00edtica, pidi\u00f3 perd\u00f3n por los errores de sus gestiones anteriores, por lo que no supo o no pudo hacer, por quienes \u201cusaron su buena fe\u201d, y hasta por quienes se sintieron defraudados. Lo hizo desde el coraz\u00f3n, no desde la calculadora. \u201cNo necesitamos cargos, estamos ac\u00e1 por ustedes\u201d, asegur\u00f3, con voz quebrada y el semblante de quien sabe que no hay \u00e9pica sin dolor.<\/p>\n\n\n\n<p>Capitanich apost\u00f3 a la memoria como vacuna contra el enga\u00f1o. Llam\u00f3 a votar con memoria, a recordar lo construido en a\u00f1os de gobierno, las obras iniciadas \u2014hoy paralizadas o simplemente inauguradas como ajenas por la actual gesti\u00f3n\u2014, y las decisiones que garantizaron dignidad y desarrollo para muchos chaque\u00f1os. \u201cNosotros defendemos la libertad. No ellos, que son aut\u00f3cratas\u201d, dispar\u00f3, en un juego de palabras que desnud\u00f3 la contradicci\u00f3n entre el discurso libertario y la pr\u00e1ctica autoritaria que Milei y sus aliados despliegan desde la Casa Rosada.<\/p>\n\n\n\n<p>Si algo tuvo el discurso fue crudeza. Capitanich no apel\u00f3 al eufemismo ni al c\u00e1lculo. Denunci\u00f3 con nombre y apellido el \u201cdespilfarro, la corrupci\u00f3n y el endeudamiento irresponsable\u201d de la actual gesti\u00f3n chaque\u00f1a. Pero el mensaje fue m\u00e1s amplio: fue un alegato contra un modelo que privatiza hasta el aire, que quiere disciplinar al pueblo con hambre y que concibe la pol\u00edtica como enemiga del mercado. \u201cLa esclavizaci\u00f3n de los trabajadores\u201d fue otra de sus frases m\u00e1s potentes, que se col\u00f3 como daga directa al coraz\u00f3n del mile\u00edsmo.<\/p>\n\n\n\n<p>En ese sentido, lanz\u00f3 una serie de propuestas legislativas que muestran otro camino posible: econom\u00eda ambiental, desarrollo productivo, energ\u00eda soberana, conocimiento aplicado. Ideas que contrastan con el vaciamiento institucional y el odio a la ciencia que predica el actual gobierno nacional. En cada frase, Capitanich busc\u00f3 mostrar que hay proyecto, que hay alternativa, que no todo es ajuste, motosierra y venganza de clase.<\/p>\n\n\n\n<p>Uno de los momentos m\u00e1s vibrantes de su intervenci\u00f3n fue cuando cit\u00f3 a El Eternauta para reivindicar el compromiso con el pueblo. \u201cSe construye amor con el pueblo cuando ten\u00e9s ampollas en los pies y callos en las manos. Cuando el pueblo sufre, no hay lugar para la comodidad\u201d, dijo. All\u00ed, el mensaje se volvi\u00f3 m\u00e1s que pol\u00edtico: se volvi\u00f3 \u00e9tico, casi existencial. Porque lo que est\u00e1 en juego, seg\u00fan Capitanich, no es una elecci\u00f3n m\u00e1s, sino el alma misma del pa\u00eds.<\/p>\n\n\n\n<p>Tambi\u00e9n le habl\u00f3 a la militancia, a la que pidi\u00f3 \u201creventar las urnas\u201d este 11 de mayo, como \u00fanico modo de frenar la consolidaci\u00f3n de un r\u00e9gimen que \u2014seg\u00fan sus palabras\u2014 manipula al electorado con listas colectoras y pr\u00e1cticas turbias. Y dej\u00f3 un mensaje tan poderoso como realista: \u201cDespu\u00e9s de 16 meses, espero que el desencanto sea visible\u201d. Esa frase, simple pero devastadora, captura el estado de \u00e1nimo de una sociedad agotada de promesas rotas, de verdades falseadas y de un presidente que se presenta como antisistema mientras gobierna para los mismos de siempre.<\/p>\n\n\n\n<p>En esa l\u00ednea, Capitanich advirti\u00f3 que las tarifas p\u00fablicas aumentan sin freno, que las redes sociales se han convertido en armas de manipulaci\u00f3n masiva, y que hay que discutir en serio leyes como la de Ficha Limpia, pero con criterios de verdadera transparencia y no como herramientas persecutorias del adversario.<\/p>\n\n\n\n<p>Frente a un pa\u00eds que se cae a pedazos bajo el peso de la motosierra, Capitanich aparece como uno de los pocos dirigentes que todav\u00eda se animan a hablar con claridad, a reconocer errores sin entregarse al derrotismo, y a convocar al pueblo no desde el marketing, sino desde el cuerpo. Desde el barro. Desde la historia.<\/p>\n\n\n\n<p>La elecci\u00f3n del 11 de mayo en Chaco ser\u00e1 provincial, s\u00ed. Pero tambi\u00e9n ser\u00e1 un term\u00f3metro del malestar nacional. Un ensayo de resistencia frente a un gobierno nacional que est\u00e1 arrasando con la educaci\u00f3n, la salud, el trabajo, la soberan\u00eda. Capitanich lo sabe y por eso su mensaje trasciende fronteras: lo que est\u00e1 en juego no es s\u00f3lo una banca, sino el rumbo de un pa\u00eds.<\/p>\n\n\n\n<p>Mientras Milei se sacude la Constituci\u00f3n como si fuera un trapo sucio y Zdero se pasea entre ruinas maquilladas de gesti\u00f3n, Capitanich planta bandera. No promete milagros. No vende humo. Pero s\u00ed ofrece algo que hoy escasea: memoria, humildad, compromiso y una verdad inc\u00f3moda para el poder.<\/p>\n\n\n\n<p>Porque en tiempos de cinismo y crueldad, decir que el pueblo sufre ya es, en s\u00ed mismo, un acto de rebeld\u00eda.<\/p>\n\n\n\n<p>Fuente:<\/p>\n\n\n\n<ul class=\"wp-block-list\">\n<li><a href=\"https:\/\/www.eldiariodelaregion.com.ar\/articulo\/capitanich-llamo-a-votar-para-poner-un-limite-a-este-gobierno-irresponsable\/\">https:\/\/www.eldiariodelaregion.com.ar\/articulo\/capitanich-llamo-a-votar-para-poner-un-limite-a-este-gobierno-irresponsable\/<\/a><\/li>\n<\/ul>\n\n\n\n<p><\/p>\n","protected":false},"excerpt":{"rendered":"<p>En un encendido discurso de m\u00e1s de una hora, Jorge Capitanich repas\u00f3 su legado de gesti\u00f3n, pidi\u00f3 perd\u00f3n por errores del pasado y lanz\u00f3 un llamado urgente a la ciudadan\u00eda para frenar con el voto el avance de un gobierno al que calific\u00f3 de irresponsable, corrupto y autocr\u00e1tico. \u201cLes est\u00e1n sacando el plato de comida&#8230;<\/p>\n","protected":false},"author":2,"featured_media":4034,"comment_status":"open","ping_status":"open","sticky":false,"template":"","format":"standard","meta":{"_monsterinsights_skip_tracking":false,"_monsterinsights_sitenote_active":false,"_monsterinsights_sitenote_note":"","_monsterinsights_sitenote_category":0,"footnotes":"","jetpack_publicize_message":"","jetpack_publicize_feature_enabled":true,"jetpack_social_post_already_shared":true,"jetpack_social_options":{"image_generator_settings":{"template":"highway","default_image_id":0,"font":"","enabled":false},"version":2}},"categories":[2],"tags":[1412,1361,1411,45],"class_list":["post-4033","post","type-post","status-publish","format-standard","has-post-thumbnail","hentry","category-politica","tag-capitanich","tag-chaco","tag-elecciones-2025","tag-milei"],"jetpack_publicize_connections":[],"_links":{"self":[{"href":"https:\/\/www.enorsai.com\/noticias\/wp-json\/wp\/v2\/posts\/4033","targetHints":{"allow":["GET"]}}],"collection":[{"href":"https:\/\/www.enorsai.com\/noticias\/wp-json\/wp\/v2\/posts"}],"about":[{"href":"https:\/\/www.enorsai.com\/noticias\/wp-json\/wp\/v2\/types\/post"}],"author":[{"embeddable":true,"href":"https:\/\/www.enorsai.com\/noticias\/wp-json\/wp\/v2\/users\/2"}],"replies":[{"embeddable":true,"href":"https:\/\/www.enorsai.com\/noticias\/wp-json\/wp\/v2\/comments?post=4033"}],"version-history":[{"count":1,"href":"https:\/\/www.enorsai.com\/noticias\/wp-json\/wp\/v2\/posts\/4033\/revisions"}],"predecessor-version":[{"id":4035,"href":"https:\/\/www.enorsai.com\/noticias\/wp-json\/wp\/v2\/posts\/4033\/revisions\/4035"}],"wp:featuredmedia":[{"embeddable":true,"href":"https:\/\/www.enorsai.com\/noticias\/wp-json\/wp\/v2\/media\/4034"}],"wp:attachment":[{"href":"https:\/\/www.enorsai.com\/noticias\/wp-json\/wp\/v2\/media?parent=4033"}],"wp:term":[{"taxonomy":"category","embeddable":true,"href":"https:\/\/www.enorsai.com\/noticias\/wp-json\/wp\/v2\/categories?post=4033"},{"taxonomy":"post_tag","embeddable":true,"href":"https:\/\/www.enorsai.com\/noticias\/wp-json\/wp\/v2\/tags?post=4033"}],"curies":[{"name":"wp","href":"https:\/\/api.w.org\/{rel}","templated":true}]}}