{"id":4025,"date":"2025-05-10T09:15:09","date_gmt":"2025-05-10T12:15:09","guid":{"rendered":"https:\/\/www.enorsai.com\/noticias\/?p=4025"},"modified":"2025-05-10T11:58:24","modified_gmt":"2025-05-10T14:58:24","slug":"increible-la-candidata-del-pro-silvia-lospennato-no-sabe-donde-queda-el-hospital-ramos-mejia","status":"publish","type":"post","link":"https:\/\/www.enorsai.com\/noticias\/politica\/increible-la-candidata-del-pro-silvia-lospennato-no-sabe-donde-queda-el-hospital-ramos-mejia\/","title":{"rendered":"\u00a1Incre\u00edble! La candidata del PRO Silvia Lospennato no sabe donde queda el Hospital Ramos Mej\u00eda"},"content":{"rendered":"\n<p><strong><em>En plena campa\u00f1a electoral en la Ciudad de Buenos Aires, la candidata estrella del PRO confundi\u00f3 en vivo la ubicaci\u00f3n del hist\u00f3rico hospital Ramos Mej\u00eda, exponiendo una desconexi\u00f3n preocupante con la realidad porte\u00f1a y el estado del sistema de salud p\u00fablico.<\/em><\/strong><\/p>\n\n\n\n<p>(Por Sof\u00eda Arregui) La diputada Silvia Lospennato, figura central del armado electoral macrista en CABA, no supo responder d\u00f3nde queda uno de los hospitales m\u00e1s emblem\u00e1ticos de la ciudad que aspira representar. El lapsus no fue solo un blooper: es un s\u00edntoma revelador de la lejan\u00eda de una dirigencia que habla de eficiencia y gesti\u00f3n, pero que desconoce hasta la geograf\u00eda b\u00e1sica de la salud p\u00fablica. \u00bfQu\u00e9 tan preparada est\u00e1 esta dirigencia para defender lo p\u00fablico si no puede ni se\u00f1alarlo en el mapa?<\/p>\n\n\n\n<p>La pol\u00edtica, en teor\u00eda, es el arte de representar. Pero, \u00bfc\u00f3mo representar algo que ni siquiera se conoce? La diputada nacional y actual candidata del PRO por la Ciudad de Buenos Aires, Silvia Lospennato, ofreci\u00f3 una respuesta contundente \u2014aunque involuntaria\u2014 a esta pregunta. En medio de una entrevista televisiva en horario central, confundi\u00f3 la ubicaci\u00f3n del Hospital Ramos Mej\u00eda, uno de los centros de salud m\u00e1s ic\u00f3nicos de la Ciudad Aut\u00f3noma de Buenos Aires, asegurando sin titubeos que estaba en la provincia.<\/p>\n\n\n\n<figure class=\"wp-block-embed is-type-video is-provider-youtube wp-block-embed-youtube wp-embed-aspect-16-9 wp-has-aspect-ratio\"><div class=\"wp-block-embed__wrapper\">\n<iframe loading=\"lazy\" title=\"Sorpresa: Lospennato no conoce CABA.\" width=\"640\" height=\"360\" src=\"https:\/\/www.youtube.com\/embed\/bwgCz_A0CcE?feature=oembed\" frameborder=\"0\" allow=\"accelerometer; autoplay; clipboard-write; encrypted-media; gyroscope; picture-in-picture; web-share\" referrerpolicy=\"strict-origin-when-cross-origin\" allowfullscreen><\/iframe>\n<\/div><\/figure>\n\n\n\n<p>\u201cEs de Provincia\u201d, solt\u00f3 Lospennato frente a la consulta de la panelista Costa, en el programa <em>Cort\u00e1 por Lozano<\/em> de Telefe. El intercambio, inc\u00f3modo desde lo visual y devastador desde lo simb\u00f3lico, deja al descubierto mucho m\u00e1s que una distracci\u00f3n. Se trata de una radiograf\u00eda en vivo del desinter\u00e9s, la desconexi\u00f3n y el desconocimiento que campea en una dirigencia pol\u00edtica \u2014en este caso del PRO\u2014 que ha convertido a la administraci\u00f3n de lo p\u00fablico en una performance, un discurso vac\u00edo con m\u00e9tricas grandilocuentes pero escasa empat\u00eda con las instituciones que dicen cuidar.<\/p>\n\n\n\n<p>El Hospital Ramos Mej\u00eda no es un centro de salud m\u00e1s. Fundado en 1889, se ubica en el barrio porte\u00f1o de Balvanera, a pocas cuadras del Congreso de la Naci\u00f3n. Es un s\u00edmbolo de la salud p\u00fablica y un refugio cotidiano para miles de vecinos y vecinas que no acceden a la medicina privada. Confundirlo con una localidad del conurbano no es un lapsus cualquiera. Es ignorar la historia sanitaria de la ciudad que se pretende representar. Es, en esencia, borrar al otro, a ese que espera en la guardia durante horas, a la madre que lleva a su hijo con fiebre sin obra social, al jubilado que acude por una receta que no puede pagar.<\/p>\n\n\n\n<p>Cuando el periodista Augusto Telias le indic\u00f3 su error, Lospennato ensay\u00f3 una justificaci\u00f3n algo infantil: \u201cPens\u00e9 que hablabas de Ramos Mej\u00eda, la localidad\u201d. Y luego, como si nada, defendi\u00f3 el modelo de salud del gobierno porte\u00f1o: \u201cLa Ciudad invierte el 20% de su presupuesto en salud\u201d. La cifra suena pomposa, s\u00ed, pero no sirve de escudo cuando la evidencia la desmiente: hospitales con techos que se caen, falta de insumos b\u00e1sicos, profesionales de la salud con sueldos de hambre, y pacientes que tienen que llevar hasta su propio alcohol en gel.<\/p>\n\n\n\n<p>No es menor el momento pol\u00edtico en que se da este furcio. El PRO atraviesa una de sus peores crisis internas en a\u00f1os. Las tensiones entre los halcones alineados con Javier Milei y los sectores m\u00e1s institucionales del macrismo generan cortocircuitos permanentes. El reciente fracaso del proyecto de \u201cFicha Limpia\u201d en el Senado \u2014una de las banderas anticorrupci\u00f3n que Lospennato agitaba con fervor\u2014 dej\u00f3 heridas abiertas, internas al rojo vivo y una base militante desmoralizada. En ese contexto, cada error se multiplica, cada traspi\u00e9 se viraliza, cada desconexi\u00f3n se convierte en un misil pol\u00edtico.<\/p>\n\n\n\n<p>Y es aqu\u00ed donde el yerro de Lospennato toma otra dimensi\u00f3n: no es un simple blooper de campa\u00f1a. Es la cristalizaci\u00f3n de una casta pol\u00edtica que se especializa en gestionar planillas de Excel pero no en caminar los pasillos de un hospital. Es la viva imagen de una funcionaria que \u2014como tantos otros\u2014 puede recitar de memoria el presupuesto en salud, pero no puede decir con certeza d\u00f3nde est\u00e1 ubicado un centro m\u00e9dico clave. Porque nunca lo pisaron. Porque no conocen a sus m\u00e9dicos. Porque no hablaron con los pacientes. Porque no tienen idea de c\u00f3mo huele la espera en una guardia p\u00fablica.<\/p>\n\n\n\n<p>Resulta especialmente ofensivo que esta escena se produzca en el marco de una campa\u00f1a que pretende polarizar entre \u201clo nuevo\u201d y \u201cla casta\u201d. Si algo muestra este episodio es que el problema no es la \u201ccasta\u201d como caricatura ideol\u00f3gica, sino el vaciamiento t\u00e9cnico, humano y simb\u00f3lico de lo p\u00fablico. Y ese vaciamiento no lo invent\u00f3 Javier Milei: lo viene ejecutando sistem\u00e1ticamente el PRO desde hace m\u00e1s de 15 a\u00f1os en la Ciudad de Buenos Aires. Privatizaciones encubiertas, tercerizaciones, abandono edilicio, desprecio por los trabajadores del sistema de salud, y, ahora, candidatas que ni siquiera saben lo que est\u00e1n defendiendo.<\/p>\n\n\n\n<p>\u00bfDe qu\u00e9 sirve jactarse de una supuesta inversi\u00f3n en salud si quienes dise\u00f1an esas pol\u00edticas desconocen hasta la geograf\u00eda b\u00e1sica de los servicios sanitarios? \u00bfC\u00f3mo puede una figura pol\u00edtica querer legislar para los porte\u00f1os sin conocer los nombres ni las ubicaciones de los hospitales donde miles se juegan la vida cada d\u00eda? \u00bfEs un error casual o una manifestaci\u00f3n descarnada del elitismo que atraviesa de punta a punta la pol\u00edtica neoliberal?<\/p>\n\n\n\n<p>Claro que un desliz en televisi\u00f3n no deber\u00eda sentenciar una carrera pol\u00edtica. Pero cuando ese desliz revela una ignorancia estructural sobre lo p\u00fablico \u2014sobre lo esencial\u2014, entonces s\u00ed hay que detenerse. Porque si no saben d\u00f3nde est\u00e1 el hospital, menos sabr\u00e1n qu\u00e9 se necesita para salvarlo. Si no saben d\u00f3nde queda el Ramos Mej\u00eda, tampoco sabr\u00e1n por qu\u00e9 sus m\u00e9dicos marchan, por qu\u00e9 faltan camas, por qu\u00e9 la gente tiene miedo de enfermarse. Porque esa ignorancia no es inocente: es ideol\u00f3gica. Es consecuencia directa de una forma de ver el mundo donde lo p\u00fablico es siempre secundario, siempre descartable, siempre despreciable.<\/p>\n\n\n\n<p>La campa\u00f1a electoral en la Ciudad de Buenos Aires ya no se juega solo entre promesas de orden y modernizaci\u00f3n. Se juega, tambi\u00e9n, en el terreno del sentido com\u00fan. Y el sentido com\u00fan, para muchos porte\u00f1os, comienza por saber a d\u00f3nde ir cuando se sienten mal. El d\u00eda que a Lospennato se le ocurri\u00f3 que el Ramos Mej\u00eda quedaba \u201cen Provincia\u201d, qued\u00f3 claro que hay pol\u00edticos que ya no saben a d\u00f3nde ir ni cuando se trata de su propia campa\u00f1a.<\/p>\n\n\n\n<p>En tiempos donde lo p\u00fablico est\u00e1 en riesgo, donde Milei amenaza con dinamitar derechos hist\u00f3ricos y donde el PRO intenta reinventarse sin salirse del guion neoliberal, el desconocimiento no es una an\u00e9cdota. Es una advertencia. Porque no se puede gobernar lo que no se conoce. Ni defender lo que no se pisa.<\/p>\n\n\n\n<p>Fuente:<\/p>\n\n\n\n<ul class=\"wp-block-list\">\n<li><a href=\"https:\/\/noticiasargentinas.com\/redes-argentinas\/-ciudad-de-buenos-aires-o-provincia---donde-queda-el-hospital-ramos-mejia-_a681ea710daa16a934b232518\">https:\/\/noticiasargentinas.com\/redes-argentinas\/-ciudad-de-buenos-aires-o-provincia&#8212;donde-queda-el-hospital-ramos-mejia-_a681ea710daa16a934b232518<\/a><\/li>\n<\/ul>\n","protected":false},"excerpt":{"rendered":"<p>En plena campa\u00f1a electoral en la Ciudad de Buenos Aires, la candidata estrella del PRO confundi\u00f3 en vivo la ubicaci\u00f3n del hist\u00f3rico hospital Ramos Mej\u00eda, exponiendo una desconexi\u00f3n preocupante con la realidad porte\u00f1a y el estado del sistema de salud p\u00fablico. (Por Sof\u00eda Arregui) La diputada Silvia Lospennato, figura central del armado electoral macrista en&#8230;<\/p>\n","protected":false},"author":12,"featured_media":4027,"comment_status":"open","ping_status":"open","sticky":false,"template":"","format":"standard","meta":{"_monsterinsights_skip_tracking":false,"_monsterinsights_sitenote_active":false,"_monsterinsights_sitenote_note":"","_monsterinsights_sitenote_category":0,"footnotes":"","jetpack_publicize_message":"","jetpack_publicize_feature_enabled":true,"jetpack_social_post_already_shared":true,"jetpack_social_options":{"image_generator_settings":{"template":"highway","default_image_id":0,"font":"","enabled":false},"version":2}},"categories":[2],"tags":[585,1411,1206],"class_list":["post-4025","post","type-post","status-publish","format-standard","has-post-thumbnail","hentry","category-politica","tag-caba","tag-elecciones-2025","tag-lospennato"],"jetpack_publicize_connections":[],"_links":{"self":[{"href":"https:\/\/www.enorsai.com\/noticias\/wp-json\/wp\/v2\/posts\/4025","targetHints":{"allow":["GET"]}}],"collection":[{"href":"https:\/\/www.enorsai.com\/noticias\/wp-json\/wp\/v2\/posts"}],"about":[{"href":"https:\/\/www.enorsai.com\/noticias\/wp-json\/wp\/v2\/types\/post"}],"author":[{"embeddable":true,"href":"https:\/\/www.enorsai.com\/noticias\/wp-json\/wp\/v2\/users\/12"}],"replies":[{"embeddable":true,"href":"https:\/\/www.enorsai.com\/noticias\/wp-json\/wp\/v2\/comments?post=4025"}],"version-history":[{"count":1,"href":"https:\/\/www.enorsai.com\/noticias\/wp-json\/wp\/v2\/posts\/4025\/revisions"}],"predecessor-version":[{"id":4028,"href":"https:\/\/www.enorsai.com\/noticias\/wp-json\/wp\/v2\/posts\/4025\/revisions\/4028"}],"wp:featuredmedia":[{"embeddable":true,"href":"https:\/\/www.enorsai.com\/noticias\/wp-json\/wp\/v2\/media\/4027"}],"wp:attachment":[{"href":"https:\/\/www.enorsai.com\/noticias\/wp-json\/wp\/v2\/media?parent=4025"}],"wp:term":[{"taxonomy":"category","embeddable":true,"href":"https:\/\/www.enorsai.com\/noticias\/wp-json\/wp\/v2\/categories?post=4025"},{"taxonomy":"post_tag","embeddable":true,"href":"https:\/\/www.enorsai.com\/noticias\/wp-json\/wp\/v2\/tags?post=4025"}],"curies":[{"name":"wp","href":"https:\/\/api.w.org\/{rel}","templated":true}]}}