{"id":4021,"date":"2025-05-10T08:50:05","date_gmt":"2025-05-10T11:50:05","guid":{"rendered":"https:\/\/www.enorsai.com\/noticias\/?p=4021"},"modified":"2025-05-10T08:50:29","modified_gmt":"2025-05-10T11:50:29","slug":"hostigamiento-a-las-voces-criticas-milei-denuncio-a-tres-periodistas-en-la-justicia-el-liberalismo-te-la-debo","status":"publish","type":"post","link":"https:\/\/www.enorsai.com\/noticias\/politica\/hostigamiento-a-las-voces-criticas-milei-denuncio-a-tres-periodistas-en-la-justicia-el-liberalismo-te-la-debo\/","title":{"rendered":"\u00a1Hostigamiento a las voces cr\u00edticas! Milei denunci\u00f3 a tres periodistas en la\u00a0Justicia (el liberalismo te la debo)"},"content":{"rendered":"\n<p><strong><em>Lo hizo en los Tribunales de Retiro y la investigaci\u00f3n qued\u00f3 a cargo, por sorteo, del juez federal Daniel Rafecas.<\/em><\/strong><\/p>\n\n\n\n<p>(Por Roque Perez) <strong>El presidente Javier Milei denunci\u00f3 a un periodista por presuntas \u00abcalumnias o falsa imputaci\u00f3n\u00bb e \u00abinjurias\u00bb<\/strong>\u00a0en los tribunales de Retiro y la investigaci\u00f3n qued\u00f3 a cargo por sorteo del juez federal Daniel Rafecas.<\/p>\n\n\n\n<p><strong>En una nueva escalada contra la libertad de expresi\u00f3n, el Presidente present\u00f3 tres denuncias penales por \u201ccalumnias e injurias\u201d<\/strong>&nbsp;contra los periodistas&nbsp;<strong>Carlos Pagni, Viviana Canosa y Ari Lijalad<\/strong>.<\/p>\n\n\n\n<p>La ofensiva judicial no es un hecho aislado:&nbsp;<strong>se inscribe en una pol\u00edtica sistem\u00e1tica de hostigamiento, estigmatizaci\u00f3n y agresiones verbales contra cualquier voz cr\u00edtica, que va desde los insultos en redes sociales hasta la asfixia econ\u00f3mica a medios no alineados.<\/strong><\/p>\n\n\n\n<p>\u00abNo odiamos lo suficiente a los periodistas\u00bb, hab\u00eda dicho Milei hace unos d\u00edas. En su gobierno los medios cr\u00edticos son castigados, los periodistas estigmatizados y los organismos internacionales alertan sobre un deterioro acelerado.<\/p>\n\n\n\n<p>En solo dos a\u00f1os,&nbsp;<strong>Argentina cay\u00f3 47 puestos en el ranking mundial de libertad de prensa<\/strong>, ingresando al grupo de pa\u00edses con \u201cproblemas significativos\u201d para ejercer el periodismo.<\/p>\n\n\n\n<p><\/p>\n","protected":false},"excerpt":{"rendered":"<p>Lo hizo en los Tribunales de Retiro y la investigaci\u00f3n qued\u00f3 a cargo, por sorteo, del juez federal Daniel Rafecas. (Por Roque Perez) El presidente Javier Milei denunci\u00f3 a un periodista por presuntas \u00abcalumnias o falsa imputaci\u00f3n\u00bb e \u00abinjurias\u00bb\u00a0en los tribunales de Retiro y la investigaci\u00f3n qued\u00f3 a cargo por sorteo del juez federal Daniel&#8230;<\/p>\n","protected":false},"author":7,"featured_media":4022,"comment_status":"open","ping_status":"open","sticky":false,"template":"","format":"standard","meta":{"_monsterinsights_skip_tracking":false,"_monsterinsights_sitenote_active":false,"_monsterinsights_sitenote_note":"","_monsterinsights_sitenote_category":0,"footnotes":"","jetpack_publicize_message":"","jetpack_publicize_feature_enabled":true,"jetpack_social_post_already_shared":true,"jetpack_social_options":{"image_generator_settings":{"template":"highway","default_image_id":0,"font":"","enabled":false},"version":2}},"categories":[2],"tags":[1408,45,1343],"class_list":["post-4021","post","type-post","status-publish","format-standard","has-post-thumbnail","hentry","category-politica","tag-libertad-de-prensa","tag-milei","tag-periodismo"],"jetpack_publicize_connections":[],"_links":{"self":[{"href":"https:\/\/www.enorsai.com\/noticias\/wp-json\/wp\/v2\/posts\/4021","targetHints":{"allow":["GET"]}}],"collection":[{"href":"https:\/\/www.enorsai.com\/noticias\/wp-json\/wp\/v2\/posts"}],"about":[{"href":"https:\/\/www.enorsai.com\/noticias\/wp-json\/wp\/v2\/types\/post"}],"author":[{"embeddable":true,"href":"https:\/\/www.enorsai.com\/noticias\/wp-json\/wp\/v2\/users\/7"}],"replies":[{"embeddable":true,"href":"https:\/\/www.enorsai.com\/noticias\/wp-json\/wp\/v2\/comments?post=4021"}],"version-history":[{"count":2,"href":"https:\/\/www.enorsai.com\/noticias\/wp-json\/wp\/v2\/posts\/4021\/revisions"}],"predecessor-version":[{"id":4024,"href":"https:\/\/www.enorsai.com\/noticias\/wp-json\/wp\/v2\/posts\/4021\/revisions\/4024"}],"wp:featuredmedia":[{"embeddable":true,"href":"https:\/\/www.enorsai.com\/noticias\/wp-json\/wp\/v2\/media\/4022"}],"wp:attachment":[{"href":"https:\/\/www.enorsai.com\/noticias\/wp-json\/wp\/v2\/media?parent=4021"}],"wp:term":[{"taxonomy":"category","embeddable":true,"href":"https:\/\/www.enorsai.com\/noticias\/wp-json\/wp\/v2\/categories?post=4021"},{"taxonomy":"post_tag","embeddable":true,"href":"https:\/\/www.enorsai.com\/noticias\/wp-json\/wp\/v2\/tags?post=4021"}],"curies":[{"name":"wp","href":"https:\/\/api.w.org\/{rel}","templated":true}]}}