{"id":402,"date":"2025-01-31T20:54:15","date_gmt":"2025-01-31T20:54:15","guid":{"rendered":"https:\/\/www.enorsai.com\/noticias\/?p=402"},"modified":"2025-01-31T20:54:15","modified_gmt":"2025-01-31T20:54:15","slug":"el-bolson-en-llamas-deja-en-evidencia-las-fallas-en-politicas-de-prevencion-de-incendios-del-gobierno-nacional-y-provincial","status":"publish","type":"post","link":"https:\/\/www.enorsai.com\/noticias\/sociedad\/el-bolson-en-llamas-deja-en-evidencia-las-fallas-en-politicas-de-prevencion-de-incendios-del-gobierno-nacional-y-provincial\/","title":{"rendered":"El Bols\u00f3n en Llamas: Deja en evidencia las fallas en pol\u00edticas de prevenci\u00f3n de Incendios del gobierno nacional y provincial"},"content":{"rendered":"\n<p><em><strong>M\u00e1s de 1.600 hect\u00e1reas devastadas, 70 viviendas consumidas por las llamas y una gesti\u00f3n provincial y nacional que deja m\u00e1s interrogantes que respuestas frente a la emergencia ambiental.  <br><\/strong><\/em><br>Mientras los vecinos luchan por salvar lo poco que les queda y los brigadistas se enfrentan al fuego con recursos limitados, el gobierno de Javier Milei queda al margen de una cat\u00e1strofe que desnuda la falta de pol\u00edticas p\u00fablicas para prevenir y enfrentar incendios forestales en Argentina.  <br><br>La postal es desoladora: bosques transformados en cenizas, familias enteras evacuadas y un aire que se vuelve irrespirable en la regi\u00f3n de El Bols\u00f3n. Desde el jueves, el incendio forestal que comenz\u00f3 en el sendero del Caj\u00f3n del Azul ha arrasado con m\u00e1s de 1.600 hect\u00e1reas, dejando un reguero de destrucci\u00f3n a su paso. Lo que para muchos era un para\u00edso natural, hoy se ha convertido en el epicentro de una tragedia que pone en evidencia la fragilidad de las pol\u00edticas p\u00fablicas frente a la creciente amenaza de los incendios forestales en Argentina.  <br><br>El desastre, calificado como \u00abmonumental\u00bb por los propios vecinos, no solo ha reducido a cenizas viviendas y chacras, sino que tambi\u00e9n ha afectado estructuras fundamentales como una escuela y una salita de salud en Mall\u00edn Ahogado. M\u00e1s de 100 familias han sido evacuadas, muchas de ellas con lo puesto, mientras el fuego sigue avanzando a una velocidad implacable, alimentado por los fuertes vientos y las altas temperaturas.  <\/p>\n\n\n\n<div class=\"wp-block-jetpack-related-posts\">\n<h3 class=\"wp-block-heading\">Te puede interesar<\/h3>\n<\/div>\n\n\n\n<p><br><br>Aunque brigadistas, bomberos y voluntarios trabajan incansablemente para contener las llamas, el panorama sigue siendo cr\u00edtico. Con apenas un helic\u00f3ptero y un avi\u00f3n hidrante disponibles para una regi\u00f3n en llamas, queda claro que los recursos destinados al combate de incendios son insuficientes. El titular del Servicio de Prevenci\u00f3n y Lucha contra Incendios Forestales (SPLIF), Orlando B\u00e1ez, no dud\u00f3 en expresar su preocupaci\u00f3n, mientras solicitaba con urgencia m\u00e1s apoyo log\u00edstico.  <br><br>La participaci\u00f3n del Sistema Nacional de Manejo del Fuego, con apenas un hidroavi\u00f3n, es otra muestra de la precariedad estructural para enfrentar este tipo de emergencias. A pesar de la movilizaci\u00f3n de brigadistas y recursos desde Bariloche y otras localidades cercanas, la falta de una estrategia robusta y de largo plazo para prevenir y combatir incendios forestales queda al descubierto.  <br><br>La emergencia en El Bols\u00f3n no es un caso aislado. Los incendios forestales en Argentina se han convertido en un problema recurrente, agravado por el cambio clim\u00e1tico, pero tambi\u00e9n por la desidia gubernamental. En este contexto, el gobierno de Javier Milei ha optado por priorizar el ajuste fiscal y desmantelar programas clave, dejando a las provincias sin herramientas suficientes para prevenir y combatir este tipo de desastres.  <br><br>Es imposible ignorar que, mientras las llamas consumen el paisaje patag\u00f3nico, los recortes en \u00e1reas sensibles como el manejo de bosques y la prevenci\u00f3n de incendios se vuelven una sentencia de muerte para comunidades enteras. La desarticulaci\u00f3n de pol\u00edticas p\u00fablicas destinadas al cuidado ambiental y la falta de inversi\u00f3n en infraestructura de emergencia son decisiones que hoy cobran un precio alt\u00edsimo.  <br><br>A esto se suma la ausencia de un discurso oficial contundente que reconozca la magnitud del problema y proponga soluciones concretas. El gobernador de R\u00edo Negro, Alberto Weretilneck, viaj\u00f3 a la zona afectada y particip\u00f3 en comit\u00e9s de emergencia, pero las acciones parecen llegar tarde y de manera insuficiente.  <br><br>Si bien a\u00fan se investigan las causas del incendio, la simultaneidad de focos en la regi\u00f3n levanta sospechas sobre su origen. No ser\u00eda la primera vez que se se\u00f1ala la intencionalidad detr\u00e1s de estos desastres, impulsada por intereses vinculados a la especulaci\u00f3n inmobiliaria y la expansi\u00f3n de tierras para actividades comerciales.  <br><br>La falta de regulaciones estrictas y la debilidad en la aplicaci\u00f3n de las leyes ambientales no solo facilitan estos delitos, sino que tambi\u00e9n perpet\u00faan un sistema que prioriza el lucro por encima del bienestar de las comunidades y el cuidado del medio ambiente.  <br><br>M\u00e1s all\u00e1 de las hect\u00e1reas quemadas, el verdadero impacto de esta tragedia se mide en las vidas arrasadas por el fuego. Familias que pierden sus hogares, ni\u00f1os que ven su escuela convertida en cenizas y trabajadores que enfrentan la incertidumbre de no saber si podr\u00e1n recuperar lo que el fuego les arrebat\u00f3.  <br><br>Los m\u00e1s de 1.500 turistas atrapados en las monta\u00f1as y los vecinos que han tenido que autoevacuarse son un recordatorio de que las emergencias no discriminan. Sin embargo, la respuesta del Estado parece hacerlo, al priorizar intereses econ\u00f3micos y pol\u00edticos por encima de la seguridad y el bienestar de sus ciudadanos.  <br><br>Mientras las llamas siguen avanzando, la inacci\u00f3n del gobierno de Javier Milei y la falta de una estrategia clara para abordar estas crisis se vuelven insostenibles. El desastre en El Bols\u00f3n no puede ser tratado como un evento aislado, sino como parte de una crisis ambiental y social m\u00e1s amplia que exige medidas inmediatas y a largo plazo.  <br><br>Es hora de que el gobierno deje de mirar hacia otro lado y asuma su responsabilidad. Invertir en prevenci\u00f3n, fortalecer los sistemas de respuesta y garantizar la protecci\u00f3n de los recursos naturales no es solo una cuesti\u00f3n de pol\u00edtica p\u00fablica, sino de humanidad.  <br><br>Los incendios en El Bols\u00f3n son una tragedia que podr\u00eda haberse mitigado con planificaci\u00f3n y compromiso. Hoy, mientras las cenizas caen sobre la Patagonia, la pregunta que queda en el aire es: \u00bfqu\u00e9 m\u00e1s tendr\u00e1 que arder para que reaccionemos?<\/p>\n\n\n\n<p><strong>Fuentes<\/strong>:<\/p>\n\n\n\n<ul class=\"wp-block-list\">\n<li><a href=\"https:\/\/www.rionegro.com.ar\/sociedad\/incendios-en-el-bolson-por-que-dicen-que-es-en-la-zona-de-confluencia-3988868\/\">https:\/\/www.rionegro.com.ar\/sociedad\/incendios-en-el-bolson-por-que-dicen-que-es-en-la-zona-de-confluencia-3988868\/<\/a><\/li>\n\n\n\n<li><a href=\"https:\/\/www.pagina12.com.ar\/800742-incendios-en-el-bolson-un-desastre-monumental-que-podria-ser\">https:\/\/www.pagina12.com.ar\/800742-incendios-en-el-bolson-un-desastre-monumental-que-podria-ser<\/a><\/li>\n\n\n\n<li><a href=\"https:\/\/www.infobae.com\/sociedad\/2025\/01\/31\/incendio-en-el-bolson-el-fuego-arraso-mas-de-1600-hectareas-y-destruyo-una-escuela-y-una-salita-de-salud\/\">https:\/\/www.infobae.com\/sociedad\/2025\/01\/31\/incendio-en-el-bolson-el-fuego-arraso-mas-de-1600-hectareas-y-destruyo-una-escuela-y-una-salita-de-salud\/<\/a><\/li>\n<\/ul>\n\n\n","protected":false},"excerpt":{"rendered":"<p>M\u00e1s de 1.600 hect\u00e1reas y 70 viviendas arrasadas en El Bols\u00f3n revelan la falta de pol\u00edticas p\u00fablicas para enfrentar incendios forestales. Mientras los vecinos luchan por sobrevivir, el gobierno de Milei prioriza el ajuste y deja a las provincias sin recursos, agravando una tragedia ambiental y social anunciada.<\/p>\n","protected":false},"author":9,"featured_media":444,"comment_status":"open","ping_status":"open","sticky":false,"template":"","format":"standard","meta":{"_monsterinsights_skip_tracking":false,"_monsterinsights_sitenote_active":false,"_monsterinsights_sitenote_note":"","_monsterinsights_sitenote_category":0,"footnotes":"","jetpack_publicize_message":"","jetpack_publicize_feature_enabled":true,"jetpack_social_post_already_shared":true,"jetpack_social_options":{"image_generator_settings":{"template":"highway","default_image_id":0,"font":"","enabled":false},"version":2}},"categories":[4],"tags":[58,119,121,122,120],"class_list":["post-402","post","type-post","status-publish","format-standard","has-post-thumbnail","hentry","category-sociedad","tag-ajuste","tag-incendios","tag-medioambiente","tag-negligencia","tag-patagonia"],"jetpack_publicize_connections":[],"_links":{"self":[{"href":"https:\/\/www.enorsai.com\/noticias\/wp-json\/wp\/v2\/posts\/402","targetHints":{"allow":["GET"]}}],"collection":[{"href":"https:\/\/www.enorsai.com\/noticias\/wp-json\/wp\/v2\/posts"}],"about":[{"href":"https:\/\/www.enorsai.com\/noticias\/wp-json\/wp\/v2\/types\/post"}],"author":[{"embeddable":true,"href":"https:\/\/www.enorsai.com\/noticias\/wp-json\/wp\/v2\/users\/9"}],"replies":[{"embeddable":true,"href":"https:\/\/www.enorsai.com\/noticias\/wp-json\/wp\/v2\/comments?post=402"}],"version-history":[{"count":2,"href":"https:\/\/www.enorsai.com\/noticias\/wp-json\/wp\/v2\/posts\/402\/revisions"}],"predecessor-version":[{"id":445,"href":"https:\/\/www.enorsai.com\/noticias\/wp-json\/wp\/v2\/posts\/402\/revisions\/445"}],"wp:featuredmedia":[{"embeddable":true,"href":"https:\/\/www.enorsai.com\/noticias\/wp-json\/wp\/v2\/media\/444"}],"wp:attachment":[{"href":"https:\/\/www.enorsai.com\/noticias\/wp-json\/wp\/v2\/media?parent=402"}],"wp:term":[{"taxonomy":"category","embeddable":true,"href":"https:\/\/www.enorsai.com\/noticias\/wp-json\/wp\/v2\/categories?post=402"},{"taxonomy":"post_tag","embeddable":true,"href":"https:\/\/www.enorsai.com\/noticias\/wp-json\/wp\/v2\/tags?post=402"}],"curies":[{"name":"wp","href":"https:\/\/api.w.org\/{rel}","templated":true}]}}