{"id":4018,"date":"2025-05-10T08:35:50","date_gmt":"2025-05-10T11:35:50","guid":{"rendered":"https:\/\/www.enorsai.com\/noticias\/?p=4018"},"modified":"2025-05-16T10:27:54","modified_gmt":"2025-05-16T13:27:54","slug":"tercero-comodo-santa-fe-le-dio-la-espalda-a-milei-el-primer-fracaso-electoral-de-la-libertad-avanza","status":"publish","type":"post","link":"https:\/\/www.enorsai.com\/noticias\/politica\/tercero-comodo-santa-fe-le-dio-la-espalda-a-milei-el-primer-fracaso-electoral-de-la-libertad-avanza\/","title":{"rendered":"\u00a1Tercero c\u00f3modo! Santa Fe le dio la espalda a Milei, el primer fracaso electoral de La Libertad Avanza"},"content":{"rendered":"\n<p><strong><em>En su debut provincial, el partido oficialista qued\u00f3 tercero, detr\u00e1s del radicalismo y el peronismo. La estrategia de Karina Milei y la falta de alianzas locales expusieron las debilidades del armado libertario. \u00bfSe vienen otros fracasos en Salta y Chaco?<\/em><\/strong><\/p>\n\n\n\n<p>(Por Nicol\u00e1s Valdez) Las elecciones en Santa Fe marcaron el inicio del calendario electoral 2025 y dejaron un mensaje contundente: el experimento libertario no logr\u00f3 seducir a un electorado que, entre la incertidumbre econ\u00f3mica y el desgaste del discurso anti-casta, opt\u00f3 por opciones m\u00e1s consolidadas.<\/p>\n\n\n\n<p>El 13 de abril de 2025, Santa Fe se convirti\u00f3 en el escenario del primer test electoral del a\u00f1o. Los resultados fueron un baldazo de agua fr\u00eda para el oficialismo nacional: La Libertad Avanza, el partido del presidente Javier Milei, obtuvo apenas el 14,11% de los votos, quedando en un lejano tercer lugar detr\u00e1s del gobernador radical Maximiliano Pullaro (34,61%) y del peronista Juan Monteverde (15,15%).<\/p>\n\n\n\n<p>La derrota en Santa Fe no solo representa un traspi\u00e9 electoral, sino que tambi\u00e9n expone las falencias estructurales del armado libertario. La estrategia de Karina Milei, centrada en el \u00abpurismo\u00bb y en evitar alianzas con figuras locales, como Amalia Granata, debilit\u00f3 la performance del candidato Nicol\u00e1s Mayoraz . Granata, con su lista \u00abSomos Vida y Libertad\u00bb, obtuvo un 12,35%, evidenciando que una alianza podr\u00eda haber fortalecido al espacio libertario.<\/p>\n\n\n\n<p>La falta de una estructura partidaria s\u00f3lida en las provincias y la ausencia de referentes locales con arraigo complican la expansi\u00f3n de La Libertad Avanza. El propio asesor presidencial, Santiago Caputo, reconoci\u00f3 la necesidad de replantear la estrategia electoral tras la derrota en Santa Fe .<\/p>\n\n\n\n<p>En Rosario, sin embargo, el candidato libertario Juan Pedro Aleart logr\u00f3 una destacada performance, obteniendo el 31,33% de los votos y posicion\u00e1ndose como el m\u00e1s votado en la convencional departamental . Este resultado muestra que, en ciertos distritos urbanos, el discurso libertario a\u00fan encuentra eco.<\/p>\n\n\n\n<p>La derrota en Santa Fe tambi\u00e9n gener\u00f3 tensiones internas en el oficialismo. Mientras algunos sectores, como el representado por Karina Milei, insisten en mantener una l\u00ednea dura y evitar alianzas, otros, como el encabezado por Caputo, abogan por una mayor apertura y pragmatismo electoral. Esta divisi\u00f3n interna podr\u00eda complicar a\u00fan m\u00e1s el panorama de La Libertad Avanza de cara a las pr\u00f3ximas elecciones provinciales.<\/p>\n\n\n\n<p>En las redes sociales, el rev\u00e9s electoral gener\u00f3 una ola de cr\u00edticas hacia el gobierno nacional. Usuarios destacaron la desconexi\u00f3n del oficialismo con las problem\u00e1ticas locales y cuestionaron la falta de propuestas concretas para resolver la crisis econ\u00f3mica. El hashtag #FracasoLibertario se convirti\u00f3 en tendencia en Twitter, reflejando el descontento de una parte del electorado.<\/p>\n\n\n\n<p>La derrota en Santa Fe es un llamado de atenci\u00f3n para La Libertad Avanza. El experimento libertario, basado en el discurso anti-casta y en promesas de ajuste fiscal, enfrenta el desaf\u00edo de consolidarse en un pa\u00eds atravesado por la desigualdad y la pobreza. Sin una estrategia clara y sin alianzas que le permitan ampliar su base de apoyo, el oficialismo corre el riesgo de repetir este resultado en otras provincias.<\/p>\n\n\n\n<p>El futuro de La Libertad Avanza depender\u00e1 de su capacidad para adaptarse a las realidades locales y para ofrecer soluciones concretas a los problemas que aquejan a la ciudadan\u00eda. De lo contrario, el sue\u00f1o libertario podr\u00eda desvanecerse tan r\u00e1pido como surgi\u00f3.<\/p>\n\n\n\n<p><strong>Fuentes<\/strong><\/p>\n\n\n\n<ul class=\"wp-block-list\">\n<li><a href=\"https:\/\/radio-tvvalleviejo.com\/elecciones-en-santa-fe-pullaro-esta-claramente-arriba-con-gran-eleccion-de-monteverde-y-la-libertad-avanza-en-rosario-aunque-con-una-mala-para-karina-milei\/?utm_source=chatgpt.com\">https:\/\/radio-tvvalleviejo.com\/elecciones-en-santa-fe-pullaro-esta-claramente-arriba-con-gran-eleccion-de-monteverde-y-la-libertad-avanza-en-rosario-aunque-con-una-mala-para-karina-milei\/<\/a><\/li>\n\n\n\n<li><a href=\"https:\/\/www.labrujula24.com\/notas\/2025\/04\/14\/reves-para-milei-en-santa-fe-la-libertad-avanza-quedo-tercera-en-el-primer-test-electoral-del-ano-n431521\/?utm_source=chatgpt.com\">https:\/\/www.labrujula24.com\/notas\/2025\/04\/14\/reves-para-milei-en-santa-fe-la-libertad-avanza-quedo-tercera-en-el-primer-test-electoral-del-ano-n431521\/<\/a><\/li>\n\n\n\n<li><a href=\"https:\/\/www.lanacion.com.ar\/politica\/quien-gano-las-elecciones-en-santa-fe-2025-nid14042025\/?utm_source=chatgpt.com\">https:\/\/www.lanacion.com.ar\/politica\/quien-gano-las-elecciones-en-santa-fe-2025-nid14042025\/<\/a><\/li>\n\n\n\n<li><a href=\"https:\/\/lapalabracritica.com\/2025\/04\/16\/reves-para-javier-milei-en-santa-fe-la-libertad-avanza-obtuvo-el-tercer-lugar\/?utm_source=chatgpt.com\">https:\/\/lapalabracritica.com\/2025\/04\/16\/reves-para-javier-milei-en-santa-fe-la-libertad-avanza-obtuvo-el-tercer-lugar\/<\/a><\/li>\n\n\n\n<li><a href=\"https:\/\/www.infobae.com\/politica\/2025\/05\/02\/santiago-caputo-y-sus-alfiles-se-involucran-de-lleno-en-dos-elecciones-del-interior-tras-la-derrota-en-santa-fe\/?utm_source=chatgpt.com\">https:\/\/www.infobae.com\/politica\/2025\/05\/02\/santiago-caputo-y-sus-alfiles-se-involucran-de-lleno-en-dos-elecciones-del-interior-tras-la-derrota-en-santa-fe\/<\/a><\/li>\n<\/ul>\n","protected":false},"excerpt":{"rendered":"<p>En su primer test electoral del 2025, La Libertad Avanza sufri\u00f3 un duro rev\u00e9s en Santa Fe: qued\u00f3 tercera, lejos del radicalismo y el peronismo. El rechazo a la estrategia de Karina Milei y la falta de alianzas locales expusieron las debilidades del armado libertario. El experimento empieza a naufragar.<\/p>\n","protected":false},"author":11,"featured_media":4019,"comment_status":"open","ping_status":"open","sticky":false,"template":"","format":"standard","meta":{"_monsterinsights_skip_tracking":false,"_monsterinsights_sitenote_active":false,"_monsterinsights_sitenote_note":"","_monsterinsights_sitenote_category":0,"footnotes":"","jetpack_publicize_message":"\ud83d\udcc9 Santa Fe dijo NO al experimento libertario: La Libertad Avanza qued\u00f3 tercera y expuso sus fracturas internas. El primer golpe electoral a Milei lleg\u00f3, y fue duro. \u00bfSe le desarma el modelo? \ud83d\uddf3\ufe0f\ud83c\udde6\ud83c\uddf7","jetpack_publicize_feature_enabled":true,"jetpack_social_post_already_shared":false,"jetpack_social_options":{"image_generator_settings":{"template":"highway","enabled":false},"version":2}},"categories":[1286,2],"tags":[43,1275,190,27,605,45,363,72,940,1270],"class_list":["post-4018","post","type-post","status-publish","format-standard","has-post-thumbnail","hentry","category-destacadas","category-politica","tag-crisis","tag-derrota","tag-elecciones","tag-gobierno","tag-libertarios","tag-milei","tag-peronismo","tag-politica","tag-radicalismo","tag-santafe"],"jetpack_publicize_connections":[],"_links":{"self":[{"href":"https:\/\/www.enorsai.com\/noticias\/wp-json\/wp\/v2\/posts\/4018","targetHints":{"allow":["GET"]}}],"collection":[{"href":"https:\/\/www.enorsai.com\/noticias\/wp-json\/wp\/v2\/posts"}],"about":[{"href":"https:\/\/www.enorsai.com\/noticias\/wp-json\/wp\/v2\/types\/post"}],"author":[{"embeddable":true,"href":"https:\/\/www.enorsai.com\/noticias\/wp-json\/wp\/v2\/users\/11"}],"replies":[{"embeddable":true,"href":"https:\/\/www.enorsai.com\/noticias\/wp-json\/wp\/v2\/comments?post=4018"}],"version-history":[{"count":1,"href":"https:\/\/www.enorsai.com\/noticias\/wp-json\/wp\/v2\/posts\/4018\/revisions"}],"predecessor-version":[{"id":4020,"href":"https:\/\/www.enorsai.com\/noticias\/wp-json\/wp\/v2\/posts\/4018\/revisions\/4020"}],"wp:featuredmedia":[{"embeddable":true,"href":"https:\/\/www.enorsai.com\/noticias\/wp-json\/wp\/v2\/media\/4019"}],"wp:attachment":[{"href":"https:\/\/www.enorsai.com\/noticias\/wp-json\/wp\/v2\/media?parent=4018"}],"wp:term":[{"taxonomy":"category","embeddable":true,"href":"https:\/\/www.enorsai.com\/noticias\/wp-json\/wp\/v2\/categories?post=4018"},{"taxonomy":"post_tag","embeddable":true,"href":"https:\/\/www.enorsai.com\/noticias\/wp-json\/wp\/v2\/tags?post=4018"}],"curies":[{"name":"wp","href":"https:\/\/api.w.org\/{rel}","templated":true}]}}