{"id":4007,"date":"2025-05-09T21:57:52","date_gmt":"2025-05-10T00:57:52","guid":{"rendered":"http:\/\/www.enorsai.com\/noticias\/?p=4007"},"modified":"2025-05-09T21:57:52","modified_gmt":"2025-05-10T00:57:52","slug":"que-se-vota-este-domingo-elecciones-en-chaco-y-salta-bajo-la-sombra-del-experimento-milei","status":"publish","type":"post","link":"https:\/\/www.enorsai.com\/noticias\/politica\/que-se-vota-este-domingo-elecciones-en-chaco-y-salta-bajo-la-sombra-del-experimento-milei\/","title":{"rendered":"\u00bfQu\u00e9 se vota este domingo? Elecciones en Chaco y Salta bajo la sombra del experimento Milei"},"content":{"rendered":"\n<p><strong><em>Mientras el gobierno nacional profundiza el ajuste y desmantela el Estado, dos provincias clave renuevan sus legislaturas en medio de alianzas impensadas, ausencias democr\u00e1ticas y una fuerte fragmentaci\u00f3n pol\u00edtica.<\/em><\/strong><\/p>\n\n\n\n<p>Este domingo 11 de mayo, Chaco y Salta enfrentar\u00e1n elecciones legislativas con sistemas distintos, pero con un mismo interrogante: \u00bfhasta qu\u00e9 punto el experimento libertario sigue contaminando la democracia provincial? Entre la alianza Zdero\u2013Milei y el desembarco de Olmedo con los libertarios salte\u00f1os, el mapa pol\u00edtico vuelve a inclinarse hacia la derecha. La participaci\u00f3n ciudadana se juega en un tablero ama\u00f1ado por pactos de poder, decisiones inconsultas y un modelo que prioriza la represi\u00f3n sobre la representaci\u00f3n.<\/p>\n\n\n\n<p>\u00bfQu\u00e9 se vota este domingo? La pregunta, aunque sencilla, encierra una trama de poder m\u00e1s densa que lo que la superficie permite ver. En Chaco y Salta, las urnas se abren con una carga simb\u00f3lica que excede la mera renovaci\u00f3n legislativa. En realidad, lo que est\u00e1 en juego es si la ola libertaria \u2014sostenida por pactos, oportunismos y viejas estructuras recicladas\u2014 logra consolidarse en los territorios, o si las fuerzas populares comienzan a marcar el freno.<\/p>\n\n\n\n<p>En Chaco, m\u00e1s de un mill\u00f3n de chaque\u00f1os est\u00e1n llamados a elegir 16 de las 32 bancas de la C\u00e1mara de Diputados provincial. Pero el dato no menor es que estas elecciones se celebran sin las tradicionales PASO. S\u00ed, sin primarias. La Legislatura chaque\u00f1a, dominada por el oficialismo, elimin\u00f3 de un plumazo una herramienta fundamental de participaci\u00f3n ciudadana, cercenando la posibilidad de dirimir internas abiertas y transparentes. \u00bfDemocracia? Solo en los papeles.<\/p>\n\n\n\n<p>En su lugar, se impuso la boleta partidaria tradicional. Un retroceso evidente que favorece a los aparatos y dificulta al electorado, sobre todo en un contexto de polarizaci\u00f3n artificial y fragmentaci\u00f3n real. Como si eso fuera poco, Chaco tambi\u00e9n desentonar\u00e1 con el resto del pa\u00eds al no utilizar la Boleta \u00danica de Papel en las generales de octubre. \u00bfCasualidad o dise\u00f1o? A esta altura, la pregunta tambi\u00e9n parece tener respuesta.<\/p>\n\n\n\n<p>Pero el verdadero n\u00facleo pol\u00edtico de estas elecciones chaque\u00f1as est\u00e1 en la ins\u00f3lita pero reveladora alianza entre el gobernador radical Leandro Zdero y La Libertad Avanza, el partido de Javier Milei. Bajo el nombre \u201cChaco Puede + La Libertad Avanza\u201d, el oficialismo provincial decidi\u00f3 entregarse al experimento libertario con tal de sostener su hegemon\u00eda. El encargado de encabezar esta lista oficialista es Julio Ferro, actual subsecretario de Legal y T\u00e9cnica, un t\u00e9cnico de perfil bajo que representa el engranaje burocr\u00e1tico de una maquinaria pol\u00edtica cada vez m\u00e1s alejada de la calle.<\/p>\n\n\n\n<p>Zdero, que lleg\u00f3 al poder present\u00e1ndose como \u201crenovador\u201d, hoy se abraza al gobierno nacional que pulveriz\u00f3 las jubilaciones, desfinanci\u00f3 universidades y desmantela el sistema cient\u00edfico. \u00bfQu\u00e9 modelo representa entonces este frente? \u00bfUno federal, aut\u00f3nomo, con agenda chaque\u00f1a? Nada de eso. El gobernador radical prefiere acomodarse al poder de turno, aunque ese poder venga acompa\u00f1ado de motosierra, insultos y represi\u00f3n.<\/p>\n\n\n\n<p>Del otro lado, el peronismo intenta recuperar terreno con Jorge Capitanich como figura central. El tres veces gobernador chaque\u00f1o lidera el Frente Chaco Merece M\u00e1s, acompa\u00f1ado por Mar\u00eda Luisa Chomiak, diputada nacional, y P\u00edo Sander, intendente de Castelli. Tambi\u00e9n juegan los intendentes disidentes Atlanto Honcheruk y Magda Ayala desde el espacio Frente Primero Chaco. El escenario opositor, sin embargo, no logra ofrecer una imagen de unidad clara ni una estrategia s\u00f3lida frente a la amenaza autoritaria que se gesta con el binomio Milei\u2013Zdero.<\/p>\n\n\n\n<p>Los que completan el men\u00fa electoral chaque\u00f1o son espacios como el Partido Obrero, Lealtad Popular, Ahora Vos Chaco, Bases para la Libertad y Nuevo Espacio Chaco Independiente. Todos ellos, con escasa presencia medi\u00e1tica y escasos recursos, intentan romper el cerco bipartidista en una provincia marcada por la desigualdad, la falta de infraestructura y la creciente represi\u00f3n estatal.<\/p>\n\n\n\n<p>S\u00ed, represi\u00f3n. Porque Chaco no solo vota legisladores este domingo, tambi\u00e9n arrastra cuentas pendientes por operativos violentos, detenciones arbitrarias y una creciente criminalizaci\u00f3n de la protesta. En ese clima se elige, en ese clima se decide. Y no es menor.<\/p>\n\n\n\n<hr class=\"wp-block-separator has-alpha-channel-opacity\"\/>\n\n\n\n<p>A mil kil\u00f3metros al oeste, en Salta, el escenario es igual de complejo. Aqu\u00ed, los salte\u00f1os deber\u00e1n elegir 12 senadores y 30 diputados provinciales en el marco de su sistema bicameral, adem\u00e1s de 121 concejales en 25 municipios y 232 convencionales municipales. Una elecci\u00f3n multitarea que exige atenci\u00f3n, participaci\u00f3n y, sobre todo, sentido cr\u00edtico.<\/p>\n\n\n\n<p>A diferencia de Chaco, Salta implementa desde hace a\u00f1os la Boleta \u00danica Electr\u00f3nica, un sistema que mezcla tecnolog\u00eda con papel y que promete agilidad, aunque no exento de pol\u00e9micas sobre transparencia y control real del voto. Mientras tanto, el mapa pol\u00edtico se fragmenta en m\u00e1s de 15 frentes y partidos que compiten por espacios en un escenario cada vez m\u00e1s vol\u00e1til.<\/p>\n\n\n\n<p>El gobernador Gustavo S\u00e1enz \u2014con pasado peronista, massista y ahora aut\u00f3nomo\u2014 intenta sostener su control con una coalici\u00f3n ecl\u00e9ctica. Pero su principal rival es la Alianza por la Unidad de los Salte\u00f1os, que lleva como candidato al m\u00e9dico Bernardo Biella, s\u00edmbolo de una oposici\u00f3n \u201ctibia\u201d, de tono t\u00e9cnico, que hasta ahora no logr\u00f3 encarnar un verdadero antagonismo al poder provincial.<\/p>\n\n\n\n<p>El dato llamativo es la consolidaci\u00f3n del Frente Liberal Salte\u00f1o, alianza entre La Libertad Avanza y el partido de Alfredo Olmedo, aquel exdiputado que se paseaba con una campera amarilla por los canales y promet\u00eda \u201cmano dura\u201d como \u00fanica respuesta a los problemas sociales. \u00bfDe verdad ese es el futuro pol\u00edtico que se vota? \u00bfEstamos dispuestos a validar el autoritarismo con boleta electr\u00f3nica?<\/p>\n\n\n\n<p>Tambi\u00e9n participan otros frentes, como el Justicialista Salte\u00f1o, Vamos por Salta \u2014que postula a Flavia Roy\u00f3n, exfuncionaria de Massa y actual rostro reciclado del oportunismo pol\u00edtico\u2014 y el Frente de Izquierda, con el hist\u00f3rico Claudio del Pl\u00e1 como candidato. Una dispersi\u00f3n que, lejos de ampliar opciones, termina diluyendo fuerzas en un contexto donde la concentraci\u00f3n del poder se acelera.<\/p>\n\n\n\n<p>A todo esto se suma un hecho que no deber\u00eda pasar desapercibido: en Salta tambi\u00e9n se eligen convencionales municipales, aquellos encargados de redactar o reformar las cartas org\u00e1nicas de los distritos. Es decir, se decide sobre las reglas del juego democr\u00e1tico en los territorios. Y sin embargo, la discusi\u00f3n p\u00fablica sobre esto es pr\u00e1cticamente inexistente. El vac\u00edo de debate es tambi\u00e9n una forma de violencia institucional.<\/p>\n\n\n\n<hr class=\"wp-block-separator has-alpha-channel-opacity\"\/>\n\n\n\n<p>Entonces, \u00bfqu\u00e9 se vota este domingo? Se vota poder. Se vota si seguimos tolerando pactos oscuros entre gobernadores oportunistas y un gobierno nacional que desprecia la democracia representativa. Se vota si permitimos que los territorios provinciales se conviertan en laboratorios del ajuste, sin resistencia, sin discusi\u00f3n, sin memoria.<\/p>\n\n\n\n<p>La ausencia de las PASO en Chaco, la fragilidad institucional en Salta, las alianzas impensadas con los libertarios, la criminalizaci\u00f3n del conflicto social y la fragmentaci\u00f3n opositora son s\u00edntomas de un mal mayor: la naturalizaci\u00f3n del modelo Milei como referencia pol\u00edtica aceptable.<\/p>\n\n\n\n<p>Pero no todo est\u00e1 dicho. Las urnas tambi\u00e9n pueden ser trinchera. Y aunque el escenario est\u00e9 manipulado, aunque las reglas se hayan torcido, todav\u00eda hay espacio para un voto consciente, informado y con memoria.<\/p>\n\n\n\n<p>Porque cuando el poder se organiza para ajustar, desfinanciar y reprimir, el pueblo tiene la obligaci\u00f3n moral de organizarse para resistir.<\/p>\n\n\n\n<p>Fuentes:<\/p>\n\n\n\n<ul class=\"wp-block-list\">\n<li><a href=\"https:\/\/www.pagina12.com.ar\/824504-elecciones-chaco-que-se-vota-este-domingo-11-de-mayo\">https:\/\/www.pagina12.com.ar\/824504-elecciones-chaco-que-se-vota-este-domingo-11-de-mayo<\/a><\/li>\n\n\n\n<li><a href=\"https:\/\/www.pagina12.com.ar\/824491-elecciones-provinciales-que-se-elige-este-domingo-en-salta\">https:\/\/www.pagina12.com.ar\/824491-elecciones-provinciales-que-se-elige-este-domingo-en-salta<\/a><\/li>\n<\/ul>\n","protected":false},"excerpt":{"rendered":"<p>Mientras el gobierno nacional profundiza el ajuste y desmantela el Estado, dos provincias clave renuevan sus legislaturas en medio de alianzas impensadas, ausencias democr\u00e1ticas y una fuerte fragmentaci\u00f3n pol\u00edtica. Este domingo 11 de mayo, Chaco y Salta enfrentar\u00e1n elecciones legislativas con sistemas distintos, pero con un mismo interrogante: \u00bfhasta qu\u00e9 punto el experimento libertario sigue&#8230;<\/p>\n","protected":false},"author":1,"featured_media":4008,"comment_status":"open","ping_status":"open","sticky":false,"template":"","format":"standard","meta":{"_monsterinsights_skip_tracking":false,"_monsterinsights_sitenote_active":false,"_monsterinsights_sitenote_note":"","_monsterinsights_sitenote_category":0,"footnotes":"","jetpack_publicize_message":"","jetpack_publicize_feature_enabled":true,"jetpack_social_post_already_shared":true,"jetpack_social_options":{"image_generator_settings":{"template":"highway","default_image_id":0,"font":"","enabled":false},"version":2}},"categories":[2],"tags":[],"class_list":["post-4007","post","type-post","status-publish","format-standard","has-post-thumbnail","hentry","category-politica"],"jetpack_publicize_connections":[],"_links":{"self":[{"href":"https:\/\/www.enorsai.com\/noticias\/wp-json\/wp\/v2\/posts\/4007","targetHints":{"allow":["GET"]}}],"collection":[{"href":"https:\/\/www.enorsai.com\/noticias\/wp-json\/wp\/v2\/posts"}],"about":[{"href":"https:\/\/www.enorsai.com\/noticias\/wp-json\/wp\/v2\/types\/post"}],"author":[{"embeddable":true,"href":"https:\/\/www.enorsai.com\/noticias\/wp-json\/wp\/v2\/users\/1"}],"replies":[{"embeddable":true,"href":"https:\/\/www.enorsai.com\/noticias\/wp-json\/wp\/v2\/comments?post=4007"}],"version-history":[{"count":1,"href":"https:\/\/www.enorsai.com\/noticias\/wp-json\/wp\/v2\/posts\/4007\/revisions"}],"predecessor-version":[{"id":4009,"href":"https:\/\/www.enorsai.com\/noticias\/wp-json\/wp\/v2\/posts\/4007\/revisions\/4009"}],"wp:featuredmedia":[{"embeddable":true,"href":"https:\/\/www.enorsai.com\/noticias\/wp-json\/wp\/v2\/media\/4008"}],"wp:attachment":[{"href":"https:\/\/www.enorsai.com\/noticias\/wp-json\/wp\/v2\/media?parent=4007"}],"wp:term":[{"taxonomy":"category","embeddable":true,"href":"https:\/\/www.enorsai.com\/noticias\/wp-json\/wp\/v2\/categories?post=4007"},{"taxonomy":"post_tag","embeddable":true,"href":"https:\/\/www.enorsai.com\/noticias\/wp-json\/wp\/v2\/tags?post=4007"}],"curies":[{"name":"wp","href":"https:\/\/api.w.org\/{rel}","templated":true}]}}