{"id":3996,"date":"2025-05-09T06:53:49","date_gmt":"2025-05-09T09:53:49","guid":{"rendered":"https:\/\/www.enorsai.com\/noticias\/?p=3996"},"modified":"2025-05-09T06:54:54","modified_gmt":"2025-05-09T09:54:54","slug":"leon-xiv-el-nuevo-papa-que-desafia-las-politicas-antiinmigracion-de-trump","status":"publish","type":"post","link":"https:\/\/www.enorsai.com\/noticias\/sociedad\/leon-xiv-el-nuevo-papa-que-desafia-las-politicas-antiinmigracion-de-trump\/","title":{"rendered":"Le\u00f3n XIV: El nuevo Papa que desaf\u00eda las pol\u00edticas antiinmigraci\u00f3n de Trump"},"content":{"rendered":"\n<p><em><strong>Un pont\u00edfice con ra\u00edces latinoamericanas y una postura cr\u00edtica hacia las pol\u00edticas migratorias de Estados Unidos<\/strong><\/em><\/p>\n\n\n\n<p>(Por Sof\u00eda Arregui) El 8 de mayo de 2025, la Iglesia Cat\u00f3lica anunci\u00f3 la elecci\u00f3n de su nuevo l\u00edder espiritual: Robert Francis Prevost, quien adopt\u00f3 el nombre de Le\u00f3n XIV. Este nombramiento marca un hito hist\u00f3rico, ya que es el primer papa estadounidense y el primer agustino en ocupar el cargo. Sin embargo, m\u00e1s all\u00e1 de su nacionalidad, lo que destaca es su profunda conexi\u00f3n con Am\u00e9rica Latina y su postura cr\u00edtica hacia las pol\u00edticas migratorias del presidente de Estados Unidos, Donald Trump.<\/p>\n\n\n\n<p>Prevost, de 69 a\u00f1os, naci\u00f3 en Chicago, pero su formaci\u00f3n y vocaci\u00f3n sacerdotal se consolidaron en Per\u00fa, donde trabaj\u00f3 como misionero y fue obispo de Chiclayo. En su primer discurso como pont\u00edfice, expres\u00f3 su gratitud hacia su di\u00f3cesis peruana y habl\u00f3 en espa\u00f1ol, reflejando su cercan\u00eda con la regi\u00f3n. Su elecci\u00f3n fue recibida con entusiasmo por fieles en Roma y reconocida oficialmente por el presidente Trump, quien destac\u00f3 el car\u00e1cter hist\u00f3rico de su designaci\u00f3n.<\/p>\n\n\n\n<p>No obstante, las diferencias entre el nuevo papa y el mandatario estadounidense son evidentes. Prevost ha sido cr\u00edtico de las pol\u00edticas antiinmigraci\u00f3n de Trump, que incluyen deportaciones masivas y medidas restrictivas contra los migrantes. En redes sociales, ha compartido publicaciones que denuncian el sufrimiento de los migrantes y ha respaldado art\u00edculos que abogan por una postura de misericordia y justicia hacia ellos. Su sensibilidad por los migrantes se alinea con la postura de su predecesor, el papa Francisco, quien tambi\u00e9n rechaz\u00f3 las pol\u00edticas del republicano y llam\u00f3 a los cat\u00f3licos en Estados Unidos a resistir contra ellas.<\/p>\n\n\n\n<p>El arzobispo de San Antonio (Texas), Gustavo Garc\u00eda-Siller, expres\u00f3 su confianza en que Le\u00f3n XIV abogar\u00e1 por la dignidad de los migrantes y refugiados en el pa\u00eds. Garc\u00eda-Siller, quien coincidi\u00f3 con Prevost en Chicago, destac\u00f3 el compromiso del nuevo pont\u00edfice con los migrantes en todo el mundo. Este respaldo es especialmente relevante en un contexto de recrudecimiento de las pol\u00edticas contra migrantes por parte del presidente Trump.<\/p>\n\n\n\n<p>La elecci\u00f3n de Le\u00f3n XIV representa una continuidad con el legado de Francisco, quien promovi\u00f3 una Iglesia m\u00e1s inclusiva y comprometida con los marginados. Prevost, como prefecto del Dicasterio para los Obispos, comparti\u00f3 con el papa argentino los criterios y perspectivas que Francisco imprimi\u00f3 en su gesti\u00f3n al frente de la Iglesia. Su elecci\u00f3n en el segundo d\u00eda del c\u00f3nclave puede entenderse como un signo de la fortaleza con la que arriba al pontificado y del consenso entre los cardenales sobre su idoneidad para liderar la Iglesia en esta coyuntura.<\/p>\n\n\n\n<p>En su primera intervenci\u00f3n p\u00fablica como m\u00e1xima autoridad de la Iglesia Cat\u00f3lica, Le\u00f3n XIV ofreci\u00f3 una serie de indicios que permiten situarlo como un continuador del proceso de renovaci\u00f3n lanzado por su antecesor. Habl\u00f3 de \u00abla paz, del di\u00e1logo y la inclusi\u00f3n de todos\u00bb, en la misma t\u00f3nica de su predecesor. Adem\u00e1s, hizo referencia al principio de la sinodalidad, que el papa argentino us\u00f3 para renovar la Iglesia promoviendo mayores niveles de participaci\u00f3n, incluyendo a laicos, mujeres y varones, tambi\u00e9n en cargos de gesti\u00f3n y toma de decisiones.<\/p>\n\n\n\n<figure class=\"wp-block-embed aligncenter is-type-rich is-provider-twitter wp-block-embed-twitter\"><div class=\"wp-block-embed__wrapper\">\nhttps:\/\/twitter.com\/drprevost\/status\/1889907998753173882\n<\/div><\/figure>\n\n\n\n<p>El nuevo papa tambi\u00e9n enfrenta desaf\u00edos significativos, como la crisis de abusos sexuales, la reforma interna del Vaticano, la p\u00e9rdida de fieles en Occidente y el papel de la mujer en la Iglesia. Su elecci\u00f3n de nombre, Le\u00f3n XIV, hace referencia al papa Le\u00f3n XIII, autor de la enc\u00edclica \u00abRerum novarum\u00bb, considerada el principal documento de la doctrina social de la Iglesia. Este gesto simboliza su compromiso con la justicia social y la opci\u00f3n por los pobres.<\/p>\n\n\n\n<p>En resumen, la elecci\u00f3n de Le\u00f3n XIV como nuevo papa representa una continuidad con el legado de Francisco y una postura cr\u00edtica hacia las pol\u00edticas migratorias de Trump. Su profunda conexi\u00f3n con Am\u00e9rica Latina y su compromiso con los marginados lo posicionan como un l\u00edder espiritual dispuesto a enfrentar los desaf\u00edos de la Iglesia y del mundo contempor\u00e1neo.<\/p>\n\n\n\n<p>Fuentes:<\/p>\n\n\n\n<ul class=\"wp-block-list\">\n<li><a href=\"https:\/\/www.pagina12.com.ar\/824217-el-nuevo-papa-leon-xiv-es-critico-de-las-politicas-antiinmig\">https:\/\/www.pagina12.com.ar\/824217-el-nuevo-papa-leon-xiv-es-critico-de-las-politicas-antiinmig<\/a><\/li>\n\n\n\n<li><a href=\"https:\/\/www.pagina12.com.ar\/824225-en-el-camino-de-francisco\">https:\/\/www.pagina12.com.ar\/824225-en-el-camino-de-francisco<\/a><\/li>\n\n\n\n<li><a href=\"https:\/\/www.elperiodicodearagon.com\/sociedad\/2025\/05\/08\/nuevo-papa-robert-francis-prevost-leon-xiv-retos-iglesia-catolica-117183239.html?utm_source=chatgpt.com\">https:\/\/www.elperiodicodearagon.com\/sociedad\/2025\/05\/08\/nuevo-papa-robert-francis-prevost-leon-xiv-retos-iglesia-catolica-117183239.html<\/a><\/li>\n\n\n\n<li><a href=\"https:\/\/latinus.us\/eu\/2025\/5\/8\/el-papa-leon-xiv-abogara-por-la-dignidad-de-migrantes-arzobispo-de-texas-141588.html?utm_source=chatgpt.com\">https:\/\/latinus.us\/eu\/2025\/5\/8\/el-papa-leon-xiv-abogara-por-la-dignidad-de-migrantes-arzobispo-de-texas-141588.html<\/a><\/li>\n\n\n\n<li><a href=\"https:\/\/www.huffingtonpost.es\/sociedad\/habemus-papam-fumata-blanca-anuncia-iglesia-catolica-nuevo-papa.html?utm_source=chatgpt.com\">https:\/\/www.huffingtonpost.es\/sociedad\/habemus-papam-fumata-blanca-anuncia-iglesia-catolica-nuevo-papa.html<\/a><\/li>\n<\/ul>\n\n\n\n<p><\/p>\n\n\n\n<figure class=\"wp-block-image size-large\"><a href=\"https:\/\/whatsapp.com\/channel\/0029VajtHJu6WaKoVCk7my3q\"><img decoding=\"async\" src=\"https:\/\/i0.wp.com\/www.enorsai.com\/noticias\/wp-content\/uploads\/2025\/02\/WhatsApp-Publicidad.png?resize=768%2C432&amp;ssl=1\" alt=\"\"\/><\/a><\/figure>\n","protected":false},"excerpt":{"rendered":"<p>Le\u00f3n XIV, el nuevo Papa nacido en EE.UU. pero forjado en Per\u00fa, asume el pontificado con una fuerte impronta latinoamericana. Cr\u00edtico de las pol\u00edticas migratorias de Donald Trump, promete una Iglesia inclusiva, solidaria y comprometida con los marginados. Su elecci\u00f3n marca continuidad con el legado social de Francisco.<\/p>\n","protected":false},"author":12,"featured_media":3997,"comment_status":"open","ping_status":"open","sticky":false,"template":"","format":"standard","meta":{"_monsterinsights_skip_tracking":false,"_monsterinsights_sitenote_active":false,"_monsterinsights_sitenote_note":"","_monsterinsights_sitenote_category":0,"footnotes":"","jetpack_publicize_message":"\ud83c\uddfb\ud83c\udde6\ud83c\udf0e \u00a1Nuevo Papa con coraz\u00f3n latinoamericano! Le\u00f3n XIV, cr\u00edtico de las pol\u00edticas migratorias de Trump, llega al Vaticano con un mensaje de inclusi\u00f3n y justicia social. \u00bfQu\u00e9 significa su elecci\u00f3n para el futuro de la Iglesia?","jetpack_publicize_feature_enabled":true,"jetpack_social_post_already_shared":false,"jetpack_social_options":{"image_generator_settings":{"template":"highway","enabled":false},"version":2}},"categories":[4],"tags":[1404,1402,1328,1354,70,1403,1332,1401,318,1329],"class_list":["post-3996","post","type-post","status-publish","format-standard","has-post-thumbnail","hentry","category-sociedad","tag-americalatina-2","tag-catolicismo","tag-iglesia","tag-inclusion","tag-justicia","tag-leonxiv","tag-migracion","tag-papa","tag-trump","tag-vaticano"],"jetpack_publicize_connections":[],"_links":{"self":[{"href":"https:\/\/www.enorsai.com\/noticias\/wp-json\/wp\/v2\/posts\/3996","targetHints":{"allow":["GET"]}}],"collection":[{"href":"https:\/\/www.enorsai.com\/noticias\/wp-json\/wp\/v2\/posts"}],"about":[{"href":"https:\/\/www.enorsai.com\/noticias\/wp-json\/wp\/v2\/types\/post"}],"author":[{"embeddable":true,"href":"https:\/\/www.enorsai.com\/noticias\/wp-json\/wp\/v2\/users\/12"}],"replies":[{"embeddable":true,"href":"https:\/\/www.enorsai.com\/noticias\/wp-json\/wp\/v2\/comments?post=3996"}],"version-history":[{"count":2,"href":"https:\/\/www.enorsai.com\/noticias\/wp-json\/wp\/v2\/posts\/3996\/revisions"}],"predecessor-version":[{"id":4000,"href":"https:\/\/www.enorsai.com\/noticias\/wp-json\/wp\/v2\/posts\/3996\/revisions\/4000"}],"wp:featuredmedia":[{"embeddable":true,"href":"https:\/\/www.enorsai.com\/noticias\/wp-json\/wp\/v2\/media\/3997"}],"wp:attachment":[{"href":"https:\/\/www.enorsai.com\/noticias\/wp-json\/wp\/v2\/media?parent=3996"}],"wp:term":[{"taxonomy":"category","embeddable":true,"href":"https:\/\/www.enorsai.com\/noticias\/wp-json\/wp\/v2\/categories?post=3996"},{"taxonomy":"post_tag","embeddable":true,"href":"https:\/\/www.enorsai.com\/noticias\/wp-json\/wp\/v2\/tags?post=3996"}],"curies":[{"name":"wp","href":"https:\/\/api.w.org\/{rel}","templated":true}]}}