{"id":3975,"date":"2025-05-08T12:40:27","date_gmt":"2025-05-08T15:40:27","guid":{"rendered":"https:\/\/www.enorsai.com\/noticias\/?p=3975"},"modified":"2025-05-08T13:37:30","modified_gmt":"2025-05-08T16:37:30","slug":"con-la-tuya-los-viaticos-del-gobierno-de-zdero-mas-de-65-millones-en-viajes-de-funcionarios","status":"publish","type":"post","link":"https:\/\/www.enorsai.com\/noticias\/politica\/con-la-tuya-los-viaticos-del-gobierno-de-zdero-mas-de-65-millones-en-viajes-de-funcionarios\/","title":{"rendered":"\u00a1Con la tuya! Los vi\u00e1ticos del gobierno de Zdero: M\u00e1s de $65 millones en viajes de funcionarios"},"content":{"rendered":"\n<p><strong><em>Pol\u00e9mica en el Chaco: mientras el gobernador Leandro Zdero ajusta presupuesto en escuelas y hospitales, su gesti\u00f3n despilfarra enormes sumas en vi\u00e1ticos. En cuatro meses de 2025, el Estado chaque\u00f1o destin\u00f3 m\u00e1s de $65 millones a gastos de viaje de funcionarios. La oposici\u00f3n denuncia que este dinero se convirti\u00f3 en un sobresueldo encubierto para un pu\u00f1ado de funcionarios afines, agravando la crisis de una provincia con m\u00e1s del 60% de pobreza.<br><\/em><\/strong><br>(Por Walter Onorato) En Chaco se escucha el clamor indignado de docentes y m\u00e9dicos: \u00bfc\u00f3mo es posible que en plena \u201causteridad\u201d estos funcionarios viajen sin l\u00edmite gastando cifras obscenas, mientras las escuelas y hospitales se caen a pedazos? Los datos oficiales abren interrogantes sobre la transparencia del manejo p\u00fablico y revelan la paradoja de un discurso de austeridad, al igual que el gobierno de Javier Milei, que se despilfarra en privilegios.<\/p>\n\n\n\n<p><br><strong>Ajuste de bolsillo vs gastos ostentosos<\/strong><br><br>El contraste es brutal. Docentes y m\u00e9dicos enfrentan recortes presupuestarios \u2013 con salarios congelados y falta de insumos b\u00e1sicos en aulas y hospitales \u2013 mientras el gobierno de Zdero \u201cgast\u00f3 m\u00e1s de $65 millones en vi\u00e1ticos\u201d solo entre enero y abril de 2025. La lista de beneficiarios resulta escandalosa: el segundo mayor gasto lo encabezaron dos subsecretarios de segunda l\u00ednea, y no el gobernador. Seg\u00fan registros oficiales, la Subsecretaria de Educaci\u00f3n Isabel Sanchuk recibi\u00f3 $7.064.159 en cuatro meses, y el subsecretario de Coordinaci\u00f3n del Gabinete Econ\u00f3mico Guillermo Ag\u00fcero cobr\u00f3 $7.046.690 en el mismo per\u00edodo. Ambos montos superan con creces al resto: para dimensionar, el propio gobernador Zdero apenas cobr\u00f3 $2.322.450 en vi\u00e1ticos en esos cuatro meses, apenas un tercio de lo que embols\u00f3 Ag\u00fcero.<br><br>En otras palabras, nueve funcionarios de menor jerarqu\u00eda han gastado m\u00e1s en vi\u00e1ticos que el propio gobernador. \u00bfC\u00f3mo se explica que encargados de despachos administrativos viajen m\u00e1s que el mandatario provincial, al mismo tiempo que escuelas cierran aulas por falta de gas y hospitales reasignan turnos por falta de insumos? Las cifras hablan solas: el gasto en movilidad estatal se ha disparado bajo un gobierno que se proclama \u201caustero\u201d. Incluso el diputado opositor Sebasti\u00e1n Ben\u00edtez Molas calific\u00f3 de \u201cbochornoso\u201d este derroche, se\u00f1alando que los \u201cpaladines de la austeridad y el orden financiero\u201d gastan millones en vi\u00e1ticos.<\/p>\n\n\n\n<figure class=\"wp-block-image size-large\"><img loading=\"lazy\" decoding=\"async\" width=\"800\" height=\"579\" src=\"https:\/\/www.enorsai.com\/noticias\/wp-content\/uploads\/2025\/05\/bbx_52974919_baf8280185090226414440.jpg\" alt=\"\" class=\"wp-image-3978\" srcset=\"https:\/\/www.enorsai.com\/noticias\/wp-content\/uploads\/2025\/05\/bbx_52974919_baf8280185090226414440.jpg 800w, https:\/\/www.enorsai.com\/noticias\/wp-content\/uploads\/2025\/05\/bbx_52974919_baf8280185090226414440-300x217.jpg 300w, https:\/\/www.enorsai.com\/noticias\/wp-content\/uploads\/2025\/05\/bbx_52974919_baf8280185090226414440-768x556.jpg 768w\" sizes=\"auto, (max-width: 800px) 100vw, 800px\" \/><\/figure>\n\n\n\n<p><br><strong>Contraste social: salarios m\u00ednimos vs privilegios<\/strong><br><br>La magnitud del despilfarro es dif\u00edcil de creer sin comparaciones. El salario m\u00ednimo nacional ronda los $202.800 mensuales, y un docente chaque\u00f1o cobra en promedio unos $900.000 al mes. En este contexto, los casi $7 millones de Ag\u00fcero equivalen a m\u00e1s de 9 meses de salario docente en apenas cuatro meses de vi\u00e1ticos. \u201cEn una provincia con m\u00e1s del 60% de pobreza, estos n\u00fameros son una cachetada\u201d, fustig\u00f3 Ben\u00edtez Molas. Cada peso derrochado en viajes podr\u00eda haber sido una compra de medicinas, una mejora en un aula, un aumento docente \u2014 en cambio, se convierte en un complemento \u201chabitual\u201d al sueldo de algunos funcionarios.<br><br>Este contraste genera indignaci\u00f3n. Es l\u00f3gico preguntarse: \u00bfpor qu\u00e9 en Chaco la \u201causteridad\u201d no alcanza a quienes m\u00e1s viajan? La brutal realidad es que, mientras el ministerio de Educaci\u00f3n ajusta sueldos para cumplir metas fiscales, los mismos funcionarios de ese ministerio viajan al exterior o por la provincia a costa del erario. Todos conocen la situaci\u00f3n real: docentes y m\u00e9dicos carecen de lo m\u00ednimo para trabajar, pero pocos hablan de la gala de gastos de los cuadros pol\u00edticos. Con salarios de hambre en la salud y la educaci\u00f3n, las asignaciones de vi\u00e1ticos se convierten en un agravio moral.<\/p>\n\n\n\n<p><br><strong>Sobresueldos encubiertos y falta de transparencia<\/strong><br><br>Los propios cr\u00edticos admiten la complejidad: en ocasiones, viajar es necesario para gobernar. Pero en Chaco el extremo de los casos obliga a hacer pausas. Si hay funcionarios que \u201cdeber\u00edan estar en su escritorio\u201d pero acaban viajando m\u00e1s que el gobernador, algo no cuadra. Como advirti\u00f3 Ben\u00edtez Molas, hay solo dos explicaciones posibles: o las funciones est\u00e1n mal asignadas (\u00bfqu\u00e9 hacen tantos viajes sin bajar al territorio?) o se usa el vi\u00e1tico como forma de complementar sueldos. \u201cAmbas cosas son graves\u201d, resumi\u00f3 el legislador.<br><br>En la pr\u00e1ctica, los vi\u00e1ticos dejaron de ser la excepci\u00f3n presupuestaria para convertirse en \u201cuna v\u00eda paralela de ingresos\u201d dentro del gabinete. El listado completo arroja otro dato preocupante: 24 funcionarios cobraron vi\u00e1ticos en el primer cuatrimestre de 2025. Cargos intermedios, direcciones t\u00e9cnicas, vicepresidencias de consorcios: muchos de ellos ejercen tareas de escritorio, no puestos de alta exposici\u00f3n territorial. Este mecanismo opaco y desproporcionado desdibuja toda l\u00f3gica de austeridad. A ojos del ciudadano com\u00fan, la sospecha se profundiza: \u00bfpara qu\u00e9 sirve realmente este dinero si no sale de las oficinas? De secretar\u00eda a residencia oficial, el fondo se gasta sin justificaci\u00f3n cre\u00edble.<\/p>\n\n\n\n<p><br><br><strong>Voces cr\u00edticas: hipocres\u00eda y \u201ctomadura de pelo\u201d<\/strong><br><br>La queja no proviene s\u00f3lo de la oposici\u00f3n tradicional. En marzo de 2025 el intendente de Colonia Elisa, Pedro Maidana (del mismo partido provincial), explot\u00f3 en indignaci\u00f3n. En radio dio en el clavo: calific\u00f3 al gobernador Zdero de \u201chip\u00f3crita\u201d por aumentarse los vi\u00e1ticos \u201cde forma obscena\u201d al asumir, mientras a los docentes y estatales \u201cpor un lado no le dan aumentos\u201d y a ellos \u201cse suben los vi\u00e1ticos\u201d en un gesto que, dijo, les *\u201ctoma el pelo a la sociedad chaque\u00f1a\u201d*. El dato es expl\u00edcito: a trav\u00e9s del Decreto Provincial N.\u00ba 329\/25, firmado por Zdero, los vi\u00e1ticos oficializados a funcionarios subieron entre un 332% y un 566% respecto a la gesti\u00f3n anterior. En medio de este escenario \u201cagobiante\u201d, Maidana describi\u00f3 tal medida como *\u201cuna tomada de pelo a la sociedad, el colmo de la hipocres\u00eda\u201d*.<br><br>El intendente sostuvo que este agravio tiene rostro social: el gobierno \u201cus\u00f3 a los docentes para la campa\u00f1a, al igual que a los residentes del Hospital Perrando\u201d, prometi\u00f3 mejoras y reconocimientos, pero finalmente ignora a estos sectores en su dolor. Estos comentarios no son flor de un d\u00eda. Casi al mismo tiempo, grupos de trabajadores reclamaban que, pese al compromiso p\u00fablico de un gobierno \u00absevero con el gasto ajeno\u00bb, se permitieran tal escalada en vi\u00e1ticos internos. La palabra \u201csobresueldo\u201d empez\u00f3 a repetirse en foros y redes. En Colonia Elisa ya preparan colectas de firmas por paritarias, mientras el oficialismo voltea la cara para no o\u00edr las sirenas de alarma en hospitales y escuelas.<\/p>\n\n\n\n<p><br><br><strong>La paradoja austera: discurso nacional vs privilegios locales<\/strong><br><br>Esta controversia llega con un fuerte componente pol\u00edtico. Zdero forma parte de la coalici\u00f3n que encabeza el presidente Javier Milei, caracterizada por su discurso de orden fiscal y \u201cfin del gasto pol\u00edtico\u201d. A nivel nacional, el gobierno cerr\u00f3 programas sociales y congel\u00f3 presupuesto, diciendo que todas las cuentas se revisan con lupa. Sin embargo, en el Chaco el gui\u00f3n es otro: se destinaron millones m\u00e1s para los bolsillos de funcionarios leales, contradiciendo de facto ese libreto de austeridad. Como preguntan los vecinos, \u00bfd\u00f3nde queda el rigor que predican cuando incluso los lujos de los viajes crecieron de golpe?<br><br>Resulta perturbador: mientras en Buenos Aires Milei anunciaba recortes dr\u00e1sticos, su aliado chaque\u00f1o firmaba un aumento de vi\u00e1ticos de hasta 566%. La explicaci\u00f3n oficial invoca ajustes por inflaci\u00f3n o comparativas inyectadas, pero la ciudadan\u00eda siente que es puro acomodamiento para un club selecto. En tiempos electorales, este doble discurso se paga caro. Queda claro que el hambre financiera de Zdero no es por el Estado, sino por los privilegios de sus cercanos.<\/p>\n\n\n\n<p><br><br><strong>Impacto en educaci\u00f3n y salud: \u00bfqui\u00e9n paga la cuenta?<\/strong><br><br>En \u00faltimas, los principales damnificados de esta fiesta de vi\u00e1ticos son los sectores ya precarizados. Con lo que un s\u00f3lo subsecretario cobraba en vi\u00e1ticos se podr\u00eda haber cubierto medio a\u00f1o de sueldo para varios maestros o mantenido en marcha una guardia m\u00e9dica local. Cada kil\u00f3metro viajado por el gabinete signific\u00f3 una milla de distancia de las urgencias sociales. Las protestas docentes que ped\u00edan di\u00e1logo no reciben respuesta, y las cadenas de m\u00e9dicos que exig\u00edan insumos no logran reemplazar los fondos fugados al burocratismo. As\u00ed lo advirti\u00f3 Maidana: \u201cya es hora de ponerse el overol, de trabajar de verdad con estos sectores\u2026 sin doble discurso\u201d.<br><br>Mientras tanto, padres se preguntan si el diario ajuste del presupuesto estar\u00e1 financiando otra gira oficial; alumnos se enteran de que en lugar de mejoras, el gobierno impuso un decreto que encarece los vi\u00e1ticos a sus maestros. Es imposible olvidar que el discurso del \u201csacrificio de todos\u201d se escucha hueco cuando son siempre otros quienes se escapan.<\/p>\n\n\n\n<p><br><br><strong>Exigir transparencia y equidad<\/strong><br><br>La bronca colectiva no es una ocurrencia s\u00fabita: es la acumulaci\u00f3n de a\u00f1os de promesas incumplidas. En este escenario, las autoridades deber\u00e1n rendir cuentas m\u00e1s all\u00e1 de los comunicados oficiales. La sociedad chaque\u00f1a necesita respuestas: \u00bfqui\u00e9n verific\u00f3 esos viajes? \u00bfCu\u00e1ntos destinos fueron s\u00f3lo estad\u00eda? Exigir transparencia es ya un clamor.<br><br>Por ahora, los vi\u00e1ticos millonarios son una se\u00f1al clara de prioridades invertidas. La pr\u00f3xima vez que un funcionario repita \u201cajuste\u201d o \u201corden financiero\u201d, la gente se acordar\u00e1 de esta historia. Hasta que haya sanciones y un cambio real en los mecanismos, cada nuevo viaje lujoso ser\u00e1 visto como un insulto y cada promesa de austeridad como una burla. Al final, la lecci\u00f3n parece contundente: la lucha no es solo contra faltantes en las escuelas o las guardias, sino contra un modelo de privilegio que se resiste al control ciudadano. Como dijo el intendente Maidana, este modelo es \u201cimposible\u201d y solo la presi\u00f3n social exigir\u00e1 las medidas urgentes que la gente merece.<\/p>\n\n\n\n<p><br>Fuentes: <\/p>\n\n\n\n<ul class=\"wp-block-list\">\n<li><a href=\"https:\/\/www.chacoahora.com\/nota.asp?id=119891&amp;t=Austero-Zdero-gasta-millones-en-viaticos-mientras-ajusta-a-las-escuelas-y-hospitales#:~:text=Image%3A%20Mientras%20docentes%20y%20m%C3%A9dicos,de%20%2465%20millones%20en%20vi%C3%A1ticos\">https:\/\/www.chacoahora.com\/nota.asp?id=119891&amp;t=Austero-Zdero-gasta-millones-en-viaticos-mientras-ajusta-a-las-escuelas-y-hospitales<\/a><\/li>\n\n\n\n<li><a href=\"https:\/\/litigio.com.ar\/2025\/03\/07\/duras-criticas-del-intendente-de-colonia-elisa-a-la-gestion-de-zdero-se-sube-los-viaticos-y-los-docentes-siguen-sin-aumentos\/#:~:text=Seg%C3%BAn%20el%20jefe%20comunal%2C%20la,pelo%20a%20la%20sociedad%20chaque%C3%B1a%E2%80%9D\">https:\/\/litigio.com.ar\/2025\/03\/07\/duras-criticas-del-intendente-de-colonia-elisa-a-la-gestion-de-zdero-se-sube-los-viaticos-y-los-docentes-siguen-sin-aumentos\/<\/a><\/li>\n<\/ul>\n","protected":false},"excerpt":{"rendered":"<p>Mientras el discurso oficial predica austeridad, el gobierno de Leandro Zdero en Chaco gasta millones en vi\u00e1ticos para funcionarios. El doble discurso expone una casta pol\u00edtica que ajusta al pueblo pero no se priva de privilegios. El ajuste es selectivo y siempre recae sobre los mismos: los sectores populares.<\/p>\n","protected":false},"author":2,"featured_media":3983,"comment_status":"open","ping_status":"open","sticky":false,"template":"","format":"standard","meta":{"_monsterinsights_skip_tracking":false,"_monsterinsights_sitenote_active":false,"_monsterinsights_sitenote_note":"","_monsterinsights_sitenote_category":0,"footnotes":"","jetpack_publicize_message":"\u26a0\ufe0f Nos hablan de sacrificio mientras viajan con vi\u00e1ticos millonarios. En Chaco, el gobierno de Zdero aplica el ajuste s\u00f3lo para el pueblo, no para sus funcionarios. La casta no se fue\u2026 \u00a1tom\u00f3 el poder! \ud83d\udcb8\ud83d\udcc9 #BastaDePrivilegios","jetpack_publicize_feature_enabled":true,"jetpack_social_post_already_shared":false,"jetpack_social_options":{"image_generator_settings":{"template":"highway","enabled":false},"version":2}},"categories":[2],"tags":[58,1398,75,1041,27,927,45,820,1397,1360],"class_list":["post-3975","post","type-post","status-publish","format-standard","has-post-thumbnail","hentry","category-politica","tag-ajuste","tag-austeridad","tag-corrupcion","tag-funcionarios","tag-gobierno","tag-hipocresia","tag-milei","tag-privilegios","tag-viaticos","tag-zdero"],"jetpack_publicize_connections":[],"_links":{"self":[{"href":"https:\/\/www.enorsai.com\/noticias\/wp-json\/wp\/v2\/posts\/3975","targetHints":{"allow":["GET"]}}],"collection":[{"href":"https:\/\/www.enorsai.com\/noticias\/wp-json\/wp\/v2\/posts"}],"about":[{"href":"https:\/\/www.enorsai.com\/noticias\/wp-json\/wp\/v2\/types\/post"}],"author":[{"embeddable":true,"href":"https:\/\/www.enorsai.com\/noticias\/wp-json\/wp\/v2\/users\/2"}],"replies":[{"embeddable":true,"href":"https:\/\/www.enorsai.com\/noticias\/wp-json\/wp\/v2\/comments?post=3975"}],"version-history":[{"count":5,"href":"https:\/\/www.enorsai.com\/noticias\/wp-json\/wp\/v2\/posts\/3975\/revisions"}],"predecessor-version":[{"id":3982,"href":"https:\/\/www.enorsai.com\/noticias\/wp-json\/wp\/v2\/posts\/3975\/revisions\/3982"}],"wp:featuredmedia":[{"embeddable":true,"href":"https:\/\/www.enorsai.com\/noticias\/wp-json\/wp\/v2\/media\/3983"}],"wp:attachment":[{"href":"https:\/\/www.enorsai.com\/noticias\/wp-json\/wp\/v2\/media?parent=3975"}],"wp:term":[{"taxonomy":"category","embeddable":true,"href":"https:\/\/www.enorsai.com\/noticias\/wp-json\/wp\/v2\/categories?post=3975"},{"taxonomy":"post_tag","embeddable":true,"href":"https:\/\/www.enorsai.com\/noticias\/wp-json\/wp\/v2\/tags?post=3975"}],"curies":[{"name":"wp","href":"https:\/\/api.w.org\/{rel}","templated":true}]}}