{"id":3970,"date":"2025-05-08T09:37:52","date_gmt":"2025-05-08T12:37:52","guid":{"rendered":"http:\/\/www.enorsai.com\/noticias\/?p=3970"},"modified":"2025-05-09T07:55:48","modified_gmt":"2025-05-09T10:55:48","slug":"milei-ordeno-cerrar-un-museo-dedicado-al-che-guevara","status":"publish","type":"post","link":"https:\/\/www.enorsai.com\/noticias\/cultura\/milei-ordeno-cerrar-un-museo-dedicado-al-che-guevara\/","title":{"rendered":"Milei orden\u00f3 cerrar un museo dedicado al \u00abChe\u00bb\u00a0Guevara"},"content":{"rendered":"\n<p>Se trata del edificio La Pastera, situado en San Mart\u00edn de Los Andes.<\/p>\n\n\n\n<p>(Por Roque Perez) En un nuevo ataque a la cultura y a la identidad nacional, el gobierno de Milei decidi\u00f3 revocar un contrato entre el Estado Nacional y la Asociaci\u00f3n de Trabajadores del Estado (ATE) para la administraci\u00f3n del\u00a0<strong>edificio La Pastera, en San Mart\u00edn de los Andes, Neuqu\u00e9n<\/strong>, donde desde hace m\u00e1s de quince a\u00f1os funciona un\u00a0<strong>museo dedicado al revolucionario Ernesto \u00abChe\u00bb Guevara<\/strong>.<\/p>\n\n\n\n<p>Se trata de&nbsp;<strong>uno de los lugares en los que Guevara y su amigo Alberto Granado estuvieron alojados a comienzos de 1952<\/strong>, durante el m\u00edtico viaje que emprendieron por Sudam\u00e9rica a bordo de la motocicleta \u00abLa Poderosa II\u00bb.<\/p>\n\n\n\n<p>El museo, que tiene reconocimiento internacional, forma parte del circuito&nbsp;<strong>\u00abLos Caminos del Che en Argentina\u00bb<\/strong>, un programa de turismo cultural que cuenta con el aval de la Secretar\u00eda de Turismo de la Naci\u00f3n y que promociona otros museos y espacios de homenaje al Che como el Museo Casa Ernesto Che Guevara de Alta Gracia (C\u00f3rdoba), el Hogar Misionero del Che en Caraguatay (Misiones) y la ciudad natal de Guevara, Rosario (Santa Fe).<\/p>\n\n\n\n<p>El anuncio lo hizo el vocero presidencial&nbsp;<strong>Manuel Adorni<\/strong>, en su habitual conferencia de prensa en Casa Rosada. El funcionario remarc\u00f3 que el comodato \u00abimplicaba&nbsp;<strong>el uso de recursos del Estado para recrear la vida de este terrorista<\/strong>\u00ab.<\/p>\n","protected":false},"excerpt":{"rendered":"<p>Se trata del edificio La Pastera, situado en San Mart\u00edn de Los Andes. (Por Roque Perez) En un nuevo ataque a la cultura y a la identidad nacional, el gobierno de Milei decidi\u00f3 revocar un contrato entre el Estado Nacional y la Asociaci\u00f3n de Trabajadores del Estado (ATE) para la administraci\u00f3n del\u00a0edificio La Pastera, en&#8230;<\/p>\n","protected":false},"author":7,"featured_media":3971,"comment_status":"open","ping_status":"open","sticky":false,"template":"","format":"standard","meta":{"_monsterinsights_skip_tracking":false,"_monsterinsights_sitenote_active":false,"_monsterinsights_sitenote_note":"","_monsterinsights_sitenote_category":0,"footnotes":"","jetpack_publicize_message":"","jetpack_publicize_feature_enabled":true,"jetpack_social_post_already_shared":true,"jetpack_social_options":{"image_generator_settings":{"template":"highway","default_image_id":0,"font":"","enabled":false},"version":2}},"categories":[5],"tags":[1394,45,1395,540,1396],"class_list":["post-3970","post","type-post","status-publish","format-standard","has-post-thumbnail","hentry","category-cultura","tag-che-guevara","tag-milei","tag-museo","tag-neuquen","tag-san-martin-de-los-andes"],"jetpack_publicize_connections":[],"_links":{"self":[{"href":"https:\/\/www.enorsai.com\/noticias\/wp-json\/wp\/v2\/posts\/3970","targetHints":{"allow":["GET"]}}],"collection":[{"href":"https:\/\/www.enorsai.com\/noticias\/wp-json\/wp\/v2\/posts"}],"about":[{"href":"https:\/\/www.enorsai.com\/noticias\/wp-json\/wp\/v2\/types\/post"}],"author":[{"embeddable":true,"href":"https:\/\/www.enorsai.com\/noticias\/wp-json\/wp\/v2\/users\/7"}],"replies":[{"embeddable":true,"href":"https:\/\/www.enorsai.com\/noticias\/wp-json\/wp\/v2\/comments?post=3970"}],"version-history":[{"count":1,"href":"https:\/\/www.enorsai.com\/noticias\/wp-json\/wp\/v2\/posts\/3970\/revisions"}],"predecessor-version":[{"id":3972,"href":"https:\/\/www.enorsai.com\/noticias\/wp-json\/wp\/v2\/posts\/3970\/revisions\/3972"}],"wp:featuredmedia":[{"embeddable":true,"href":"https:\/\/www.enorsai.com\/noticias\/wp-json\/wp\/v2\/media\/3971"}],"wp:attachment":[{"href":"https:\/\/www.enorsai.com\/noticias\/wp-json\/wp\/v2\/media?parent=3970"}],"wp:term":[{"taxonomy":"category","embeddable":true,"href":"https:\/\/www.enorsai.com\/noticias\/wp-json\/wp\/v2\/categories?post=3970"},{"taxonomy":"post_tag","embeddable":true,"href":"https:\/\/www.enorsai.com\/noticias\/wp-json\/wp\/v2\/tags?post=3970"}],"curies":[{"name":"wp","href":"https:\/\/api.w.org\/{rel}","templated":true}]}}