{"id":3959,"date":"2025-05-07T11:28:49","date_gmt":"2025-05-07T14:28:49","guid":{"rendered":"http:\/\/www.enorsai.com\/noticias\/?p=3959"},"modified":"2025-05-07T11:28:49","modified_gmt":"2025-05-07T14:28:49","slug":"la-desesperacion-por-silenciar-al-proyecto-nacional-y-popular-cuando-ficha-limpia-es-sinonimo-de-proscripcion","status":"publish","type":"post","link":"https:\/\/www.enorsai.com\/noticias\/politica\/la-desesperacion-por-silenciar-al-proyecto-nacional-y-popular-cuando-ficha-limpia-es-sinonimo-de-proscripcion\/","title":{"rendered":"La desesperaci\u00f3n por silenciar al proyecto nacional y popular: Cuando \u00abFicha Limpia\u00bb es sin\u00f3nimo de proscripci\u00f3n"},"content":{"rendered":"\n<p><strong><em>El Partido Justicialista denuncia una nueva embestida del poder real contra Cristina Fern\u00e1ndez de Kirchner, bajo la fachada de moralidad institucional, en un intento desesperado por silenciar al proyecto nacional y popular.<\/em><\/strong><\/p>\n\n\n\n<p>(Por Nicolas Valdez) Con la excusa de \u201cdepurar\u201d las listas electorales, el Senado de la Naci\u00f3n se apresta a sancionar la llamada \u201cLey de Ficha Limpia\u201d, una iniciativa impulsada por sectores que jam\u00e1s representaron al pueblo, cuyo \u00fanico objetivo es proscribir pol\u00edticamente a la principal dirigente del campo popular. El PJ rechaza la medida y denuncia su car\u00e1cter antidemocr\u00e1tico, en un contexto de persecuci\u00f3n judicial, manipulaci\u00f3n medi\u00e1tica y disciplinamiento pol\u00edtico.<\/p>\n\n\n\n<p>En una Argentina marcada por un brutal ajuste econ\u00f3mico, por el desmantelamiento del Estado y por una creciente concentraci\u00f3n del poder en manos de sectores financieros, se reabre un cap\u00edtulo que expone el n\u00facleo autoritario del proyecto libertario: el intento de proscripci\u00f3n pol\u00edtica a trav\u00e9s del ropaje de la legalidad.<\/p>\n\n\n\n<p>El Partido Justicialista lo denuncia sin rodeos: la llamada \u201cLey de Ficha Limpia\u201d que se apresta a debatir el Senado de la Naci\u00f3n no es otra cosa que un nuevo intento de exclusi\u00f3n pol\u00edtica contra Cristina Fern\u00e1ndez de Kirchner. No se trata de una iniciativa aislada, ni de una medida genuinamente inspirada en la \u00e9tica p\u00fablica. Se trata, lisa y llanamente, de la continuidad de una estrategia sistem\u00e1tica de persecuci\u00f3n que lleva a\u00f1os ejecut\u00e1ndose con precisi\u00f3n quir\u00fargica.<\/p>\n\n\n\n<p>Cristina, dos veces presidenta de la Naci\u00f3n y recientemente vicepresidenta, ha sido el blanco permanente de un aparato de poder que excede lo institucional. Un poder que se asienta en los s\u00f3tanos de la democracia: una parte del Poder Judicial colonizada por intereses corporativos, medios de comunicaci\u00f3n funcionales al discurso del odio, empresarios del privilegio y actores pol\u00edticos cuya \u00fanica doctrina es la obediencia al capital concentrado.<\/p>\n\n\n\n<p>La \u201cFicha Limpia\u201d no es un invento nuevo, pero su tratamiento actual tiene nombre, apellido y fecha. Llega en el momento en que el oficialismo, encabezado por Javier Milei, atraviesa su peor crisis de legitimidad social. Cuando se vac\u00edan las universidades, se pauperiza a los trabajadores, se eliminan los medicamentos para jubilados y se subordina la soberan\u00eda nacional al mandato del Fondo Monetario Internacional. En ese contexto, la figura de Cristina emerge como una amenaza. No por su capacidad electoral \u2014que tambi\u00e9n\u2014, sino porque representa una memoria colectiva: la memoria de que otro pa\u00eds es posible.<\/p>\n\n\n\n<p>La ofensiva judicial contra Cristina tiene larga data. Desde causas construidas con testigos truchos y sin pruebas, hasta condenas dictadas por jueces que compart\u00edan partidos de tenis y viajes secretos a Lago Escondido con funcionarios macristas y empresarios de medios. No hay independencia judicial cuando los fiscales almuerzan con los acusados y los jueces duermen bajo el mismo techo que los medios hegem\u00f3nicos. Esa es la matriz del lawfare que hoy busca institucionalizarse bajo el barniz de una ley.<\/p>\n\n\n\n<p>El caso Vialidad fue la culminaci\u00f3n grotesca de esa ingenier\u00eda jur\u00eddica. Una sentencia arbitraria, sin sustento probatorio, que pretendi\u00f3 borrar pol\u00edticamente a la dirigente m\u00e1s importante del campo popular. Como esa maniobra no logr\u00f3 el objetivo, ahora se busca revestir la proscripci\u00f3n con ropaje legal. La ley que se debatir\u00e1 en el Senado es el \u00faltimo eslab\u00f3n de esa cadena persecutoria: un intento de sacar a Cristina de la cancha sin asumir el costo pol\u00edtico de una proscripci\u00f3n directa.<\/p>\n\n\n\n<figure class=\"wp-block-embed is-type-rich is-provider-twitter wp-block-embed-twitter\"><div class=\"wp-block-embed__wrapper\">\n<blockquote class=\"twitter-tweet\" data-width=\"550\" data-dnt=\"true\"><p lang=\"es\" dir=\"ltr\">NO HAY FICHA LIMPIA CUANDO EL VERDADERO OBJETIVO ES ENSUCIAR LA VOLUNTAD POPULAR <br><br>El Partido Justicialista rechaza categ\u00f3ricamente este nuevo intento de exclusi\u00f3n pol\u00edtica contra su presidenta, Cristina Fern\u00e1ndez de Kirchner, dos veces Presidenta de la Naci\u00f3n, ex Vicepresidenta\u2026<\/p>&mdash; Partido Justicialista (@p_justicialista) <a href=\"https:\/\/twitter.com\/p_justicialista\/status\/1920113268015645112?ref_src=twsrc%5Etfw\">May 7, 2025<\/a><\/blockquote><script async src=\"https:\/\/platform.twitter.com\/widgets.js\" charset=\"utf-8\"><\/script>\n<\/div><\/figure>\n\n\n\n<p>Pero el PJ va m\u00e1s all\u00e1 en su denuncia. Recuerda, con la gravedad que el hecho merece, que el intento de magnicidio del 1\u00ba de septiembre de 2022 no fue un hecho aislado. Fue la expresi\u00f3n m\u00e1s brutal del odio construido durante a\u00f1os, azuzado desde las tapas de los diarios, amplificado por las pantallas, y legitimado por una justicia que a\u00fan hoy no ha investigado ni a los responsables intelectuales ni a sus posibles v\u00ednculos pol\u00edticos y financieros.<\/p>\n\n\n\n<p>El poder que no tolera a Cristina no teme su candidatura. Teme lo que ella representa. Una Argentina con soberan\u00eda pol\u00edtica, independencia econ\u00f3mica y justicia social. Una Argentina en la que los derechos no se mercantilizan y el Estado no es una mercanc\u00eda que se subasta en Wall Street.<\/p>\n\n\n\n<p>La \u00abFicha Limpia\u00bb, en su formulaci\u00f3n actual, no busca limpiar nada. Busca ensuciar. Ensuciar la voluntad popular, condicionar la oferta electoral, impedir que el pueblo elija libremente a sus representantes. Pretende esconder, bajo el ropaje del republicanismo, una decisi\u00f3n profundamente antidemocr\u00e1tica. Porque no hay democracia posible cuando se veta a quienes defienden al pueblo. Porque no hay rep\u00fablica con una justicia colonizada por intereses econ\u00f3micos.<\/p>\n\n\n\n<p>Desde el Partido Justicialista la posici\u00f3n es clara, tajante e irrenunciable. Se rechaza categ\u00f3ricamente esta operaci\u00f3n de disciplinamiento pol\u00edtico. Se denuncia esta ley como un intento de proscripci\u00f3n disfrazado de moralidad institucional. Y se reafirma el compromiso con la defensa irrestricta de los derechos pol\u00edticos de todos y todas.<\/p>\n\n\n\n<figure class=\"wp-block-embed is-type-rich is-provider-twitter wp-block-embed-twitter\"><div class=\"wp-block-embed__wrapper\">\n<blockquote class=\"twitter-tweet\" data-width=\"550\" data-dnt=\"true\"><p lang=\"es\" dir=\"ltr\">ESTO NO ES JUSTICIA. ESTO ES UNA VENGANZA. <a href=\"https:\/\/t.co\/1Fj3mPF9WJ\">pic.twitter.com\/1Fj3mPF9WJ<\/a><\/p>&mdash; El Profe Romero (@romerodiario) <a href=\"https:\/\/twitter.com\/romerodiario\/status\/1920114616039797165?ref_src=twsrc%5Etfw\">May 7, 2025<\/a><\/blockquote><script async src=\"https:\/\/platform.twitter.com\/widgets.js\" charset=\"utf-8\"><\/script>\n<\/div><\/figure>\n\n\n\n<p>No se trata solo de Cristina. Se trata de la calidad democr\u00e1tica. Se trata de impedir que el poder real imponga, por la fuerza de los juzgados y la manipulaci\u00f3n medi\u00e1tica, lo que no puede imponer en las urnas.<\/p>\n\n\n\n<p>En un pa\u00eds donde los Macri siguen impunes a pesar de las causas por contrabando, evasi\u00f3n, blanqueo de capitales y endeudamiento fraudulento con el FMI; donde se persigue a docentes por \u201cadoctrinar\u201d mientras se premia a los represores; donde se recorta a los jubilados y se aumenta el presupuesto de las fuerzas de seguridad: \u00bfqui\u00e9n tiene la autoridad moral para hablar de \u00e9tica p\u00fablica?<\/p>\n\n\n\n<p>La verdadera ficha limpia no se sanciona con una ley. Se construye con coherencia pol\u00edtica, compromiso democr\u00e1tico y respeto por la voluntad popular. Y en ese terreno, los impulsores de esta ley tienen mucho que explicar. Porque si de limpieza hablamos, habr\u00e1 que empezar por barrer a los que legislan en nombre del pueblo, pero sirven a los intereses del capital.<\/p>\n\n\n\n<p>Como se\u00f1al\u00f3 el comunicado del Partido Justicialista, \u201cno hay ficha limpia cuando el verdadero objetivo es ensuciar la voluntad popular\u201d. Y esa es, precisamente, la batalla que se est\u00e1 librando. No es una discusi\u00f3n t\u00e9cnica ni una reforma normativa. Es un cap\u00edtulo m\u00e1s de la guerra del poder real contra el pueblo. Y en esa disputa, como siempre, el peronismo no se entrega, no se arrodilla, no transa.<\/p>\n\n\n\n<p><\/p>\n","protected":false},"excerpt":{"rendered":"<p>La llamada \u201cFicha Limpia\u201d no es m\u00e1s que una maniobra de proscripci\u00f3n pol\u00edtica. Impulsada por el oficialismo, busca eliminar del juego democr\u00e1tico a Cristina Fern\u00e1ndez de Kirchner. Esta ley no limpia nada: ensucia la voluntad popular y blanquea una justicia funcional al poder econ\u00f3mico.<\/p>\n","protected":false},"author":11,"featured_media":3960,"comment_status":"open","ping_status":"open","sticky":false,"template":"","format":"standard","meta":{"_monsterinsights_skip_tracking":false,"_monsterinsights_sitenote_active":false,"_monsterinsights_sitenote_note":"","_monsterinsights_sitenote_category":0,"footnotes":"","jetpack_publicize_message":"\ud83e\udde8 La ley de \u201cFicha Limpia\u201d no busca transparencia, busca borrar del mapa a Cristina Fern\u00e1ndez de Kirchner. Es un intento m\u00e1s de proscripci\u00f3n encubierta por un r\u00e9gimen que no tolera oposici\u00f3n ni memoria.\n\ud83d\udce2 \u00a1No hay rep\u00fablica con una justicia servil al poder econ\u00f3mico!\n#FichaLimpia #Lawfare ","jetpack_publicize_feature_enabled":true,"jetpack_social_post_already_shared":false,"jetpack_social_options":{"image_generator_settings":{"template":"highway","enabled":false},"version":2}},"categories":[2],"tags":[1391,209,265,70,234,45,363,1039,72,1392],"class_list":["post-3959","post","type-post","status-publish","format-standard","has-post-thumbnail","hentry","category-politica","tag-cristinafernandez","tag-democracia","tag-fichalimpia","tag-justicia","tag-lawfare","tag-milei","tag-peronismo","tag-poder","tag-politica","tag-proscripcion"],"jetpack_publicize_connections":[],"_links":{"self":[{"href":"https:\/\/www.enorsai.com\/noticias\/wp-json\/wp\/v2\/posts\/3959","targetHints":{"allow":["GET"]}}],"collection":[{"href":"https:\/\/www.enorsai.com\/noticias\/wp-json\/wp\/v2\/posts"}],"about":[{"href":"https:\/\/www.enorsai.com\/noticias\/wp-json\/wp\/v2\/types\/post"}],"author":[{"embeddable":true,"href":"https:\/\/www.enorsai.com\/noticias\/wp-json\/wp\/v2\/users\/11"}],"replies":[{"embeddable":true,"href":"https:\/\/www.enorsai.com\/noticias\/wp-json\/wp\/v2\/comments?post=3959"}],"version-history":[{"count":1,"href":"https:\/\/www.enorsai.com\/noticias\/wp-json\/wp\/v2\/posts\/3959\/revisions"}],"predecessor-version":[{"id":3961,"href":"https:\/\/www.enorsai.com\/noticias\/wp-json\/wp\/v2\/posts\/3959\/revisions\/3961"}],"wp:featuredmedia":[{"embeddable":true,"href":"https:\/\/www.enorsai.com\/noticias\/wp-json\/wp\/v2\/media\/3960"}],"wp:attachment":[{"href":"https:\/\/www.enorsai.com\/noticias\/wp-json\/wp\/v2\/media?parent=3959"}],"wp:term":[{"taxonomy":"category","embeddable":true,"href":"https:\/\/www.enorsai.com\/noticias\/wp-json\/wp\/v2\/categories?post=3959"},{"taxonomy":"post_tag","embeddable":true,"href":"https:\/\/www.enorsai.com\/noticias\/wp-json\/wp\/v2\/tags?post=3959"}],"curies":[{"name":"wp","href":"https:\/\/api.w.org\/{rel}","templated":true}]}}