{"id":3950,"date":"2025-05-07T07:34:33","date_gmt":"2025-05-07T10:34:33","guid":{"rendered":"https:\/\/www.enorsai.com\/noticias\/?p=3950"},"modified":"2025-05-07T07:34:33","modified_gmt":"2025-05-07T10:34:33","slug":"se-termino-el-relato-la-carne-no-para-de-subir-y-ya-escalo-mas-que-la-inflacion-oficial","status":"publish","type":"post","link":"https:\/\/www.enorsai.com\/noticias\/economia\/se-termino-el-relato-la-carne-no-para-de-subir-y-ya-escalo-mas-que-la-inflacion-oficial\/","title":{"rendered":"Se termin\u00f3 el relato: la carne no para de subir y ya escal\u00f3 m\u00e1s que la inflaci\u00f3n oficial"},"content":{"rendered":"\n<p><strong><em>La carne volvi\u00f3 a subir fuerte en abril: trep\u00f3 4% mensual y ya acumula un 24% en el a\u00f1o. Supera por lejos a la inflaci\u00f3n y golpea el bolsillo.<\/em><\/strong><\/p>\n\n\n\n<p>El precio de la carne vacuna volvi\u00f3 a marcar un alza preocupante en abril: subi\u00f3 4% en promedio y ya acumula un incremento del 24,07% en lo que va de 2025. La cifra contrasta fuertemente con la inflaci\u00f3n general informada por el INDEC, que alcanz\u00f3 apenas el 8,6% en el primer trimestre y se proyecta en torno al 2,5% o 3% para abril.<\/p>\n\n\n\n<p>Los datos surgen del relevamiento mensual del Instituto de Promoci\u00f3n de la Carne Vacuna Argentina (IPCVA), que mide precios en 80 carnicer\u00edas y 40 supermercados del AMBA. El trabajo de campo se realiz\u00f3 durante la primera y tercera semana de abril.<\/p>\n\n\n\n<p>El precio promedio por kilo de los 24 cortes relevados se ubic\u00f3 en $11.465, lo que representa una suba interanual del 60,1%. El incremento se sinti\u00f3 con mayor fuerza en las carnicer\u00edas, donde los aumentos promediaron el 4,8% mensual, frente al 2,6% que se registr\u00f3 en supermercados.<\/p>\n\n\n\n<p>Cortes con mayores subas en abril<\/p>\n\n\n\n<p>El informe del IPCVA tambi\u00e9n detall\u00f3 qu\u00e9 cortes de carne vacuna fueron los que m\u00e1s aumentaron durante abril. Las principales alzas se dieron en el osobuco y la paleta, con un 6,5%, seguidos por la colita de cuadril (5,7%) y la tapa de nalga y el roast beef (5,4%).<\/p>\n\n\n\n<p>En el otro extremo, los cortes que menos se incrementaron fueron el matambre (1%), el vac\u00edo (2,4%) y la carnaza com\u00fan (2,5%).<\/p>\n\n\n\n<p>Por zonas geogr\u00e1ficas del conurbano bonaerense, los precios subieron 6,1% en el Norte del GBA, 5,1% en el Sur, 4,1% en el Oeste y apenas 2,4% en Capital Federal.<\/p>\n\n\n\n<p>Las otras carnes tambi\u00e9n suben, pero a distinto ritmo<\/p>\n\n\n\n<p>Aunque la carne vacuna lidera el acumulado anual, en abril fue superada por el pollo fresco, que subi\u00f3 10,7% mensual. En lo que va de 2025, el pollo acumula un 15,6% de suba, mientras que el alza interanual alcanz\u00f3 el 47,6%.<\/p>\n\n\n\n<p>En tanto, el pechito de cerdo mostr\u00f3 una suba m\u00e1s moderada: 3,1% en abril, 7,18% en lo que va del a\u00f1o y un 61,3% en la comparaci\u00f3n interanual.<\/p>\n\n\n\n<p>Diferencias seg\u00fan el nivel socioecon\u00f3mico<\/p>\n\n\n\n<p>El informe del IPCVA tambi\u00e9n analiz\u00f3 c\u00f3mo impactaron los aumentos seg\u00fan el nivel socioecon\u00f3mico de los barrios. En los puntos de venta que atienden a sectores altos, los precios subieron un 2,7%; en los de clase media, un 5,1%; y en los de sectores bajos, un 3,4%.<\/p>\n\n\n\n<p>La recomposici\u00f3n de los valores de la carne vacuna, que en 2024 hab\u00edan quedado por debajo de la inflaci\u00f3n, parece consolidarse este a\u00f1o con un ritmo de suba sostenido, y que ya empieza a generar preocupaci\u00f3n entre los consumidores.<\/p>\n\n\n\n<p>Por Juan Manuel Villarreal para Grupo La Provincia<\/p>\n","protected":false},"excerpt":{"rendered":"<p>La carne volvi\u00f3 a subir fuerte en abril: trep\u00f3 4% mensual y ya acumula un 24% en el a\u00f1o. Supera por lejos a la inflaci\u00f3n y golpea el bolsillo. El precio de la carne vacuna volvi\u00f3 a marcar un alza preocupante en abril: subi\u00f3 4% en promedio y ya acumula un incremento del 24,07% en&#8230;<\/p>\n","protected":false},"author":5,"featured_media":2831,"comment_status":"open","ping_status":"open","sticky":false,"template":"","format":"standard","meta":{"_monsterinsights_skip_tracking":false,"_monsterinsights_sitenote_active":false,"_monsterinsights_sitenote_note":"","_monsterinsights_sitenote_category":0,"footnotes":"","jetpack_publicize_message":"","jetpack_publicize_feature_enabled":true,"jetpack_social_post_already_shared":true,"jetpack_social_options":{"image_generator_settings":{"template":"highway","default_image_id":0,"font":"","enabled":false},"version":2}},"categories":[3],"tags":[58,43,227],"class_list":["post-3950","post","type-post","status-publish","format-standard","has-post-thumbnail","hentry","category-economia","tag-ajuste","tag-crisis","tag-inflacion"],"jetpack_publicize_connections":[],"_links":{"self":[{"href":"https:\/\/www.enorsai.com\/noticias\/wp-json\/wp\/v2\/posts\/3950","targetHints":{"allow":["GET"]}}],"collection":[{"href":"https:\/\/www.enorsai.com\/noticias\/wp-json\/wp\/v2\/posts"}],"about":[{"href":"https:\/\/www.enorsai.com\/noticias\/wp-json\/wp\/v2\/types\/post"}],"author":[{"embeddable":true,"href":"https:\/\/www.enorsai.com\/noticias\/wp-json\/wp\/v2\/users\/5"}],"replies":[{"embeddable":true,"href":"https:\/\/www.enorsai.com\/noticias\/wp-json\/wp\/v2\/comments?post=3950"}],"version-history":[{"count":1,"href":"https:\/\/www.enorsai.com\/noticias\/wp-json\/wp\/v2\/posts\/3950\/revisions"}],"predecessor-version":[{"id":3951,"href":"https:\/\/www.enorsai.com\/noticias\/wp-json\/wp\/v2\/posts\/3950\/revisions\/3951"}],"wp:featuredmedia":[{"embeddable":true,"href":"https:\/\/www.enorsai.com\/noticias\/wp-json\/wp\/v2\/media\/2831"}],"wp:attachment":[{"href":"https:\/\/www.enorsai.com\/noticias\/wp-json\/wp\/v2\/media?parent=3950"}],"wp:term":[{"taxonomy":"category","embeddable":true,"href":"https:\/\/www.enorsai.com\/noticias\/wp-json\/wp\/v2\/categories?post=3950"},{"taxonomy":"post_tag","embeddable":true,"href":"https:\/\/www.enorsai.com\/noticias\/wp-json\/wp\/v2\/tags?post=3950"}],"curies":[{"name":"wp","href":"https:\/\/api.w.org\/{rel}","templated":true}]}}