{"id":3933,"date":"2025-05-06T12:38:25","date_gmt":"2025-05-06T15:38:25","guid":{"rendered":"https:\/\/www.enorsai.com\/noticias\/?p=3933"},"modified":"2025-05-06T17:14:43","modified_gmt":"2025-05-06T20:14:43","slug":"bullrich-ya-no-disimula-nada-del-fusil-a-los-globos-y-ahora-al-leon-libertario","status":"publish","type":"post","link":"https:\/\/www.enorsai.com\/noticias\/politica\/bullrich-ya-no-disimula-nada-del-fusil-a-los-globos-y-ahora-al-leon-libertario\/","title":{"rendered":"Bullrich ya no disimula nada: Del fusil a los globos, y ahora al le\u00f3n libertario"},"content":{"rendered":"\n<p><strong><em>La ministra de Seguridad oficializar\u00e1 su incorporaci\u00f3n a La Libertad Avanza, sellando su \u00faltima mutaci\u00f3n pol\u00edtica en un largo historial de oportunismo ideol\u00f3gico. Su carrera, que comenz\u00f3 en la juventud peronista armada, revela un recorrido marcado por la traici\u00f3n, el cinismo y la falta absoluta de coherencia pol\u00edtica.<\/em><\/strong><\/p>\n\n\n\n<p>(Por Osvaldo Peralta) Patricia Bullrich vuelve a cambiar de piel: tras haber sido parte del peronismo revolucionario, del menemismo, del radicalismo, del macrismo y hasta de su propio sello electoral, ahora se suma formalmente al oficialismo libertario. La conversi\u00f3n m\u00e1s reciente de quien fuera parte activa del desastre del 2001 demuestra que en la pol\u00edtica argentina, el oportunismo no tiene l\u00edmites ni verg\u00fcenza.<\/p>\n\n\n\n<p>En un movimiento que no sorprende a nadie pero deber\u00eda escandalizar a todos, Patricia Bullrich oficializar\u00e1 su incorporaci\u00f3n a La Libertad Avanza, seg\u00fan confirmaron fuentes del entorno libertario y del Ministerio de Seguridad. Con este paso, la ex candidata presidencial por Juntos por el Cambio se suma al proyecto ultraderechista de Javier Milei, cerrando el ciclo de una carrera pol\u00edtica tan zigzagueante como peligrosa para la democracia.<\/p>\n\n\n\n<p>No se trata de una novedad: Bullrich ya actuaba como aliada informal del presidente desde que acept\u00f3 continuar como ministra de Seguridad en su gobierno, legitimando el avance represivo sobre las protestas sociales y defendiendo con fervor los protocolos inconstitucionales que buscan criminalizar la protesta y garantizar \u201corden\u201d a pura bala. Sin embargo, su pase formal al partido de Milei expone crudamente lo que muchos en redes sociales y espacios pol\u00edticos vienen denunciando: el absoluto desprecio de Bullrich por cualquier principio ideol\u00f3gico. Para ella, la pol\u00edtica no es una herramienta de transformaci\u00f3n, sino una v\u00eda para conservar poder, a cualquier costo.<\/p>\n\n\n\n<p>Su historia lo demuestra. Bullrich comenz\u00f3 su militancia en los a\u00f1os setenta en la Juventud Peronista y fue parte activa de Montoneros, la organizaci\u00f3n armada que buscaba una revoluci\u00f3n socialista en el pa\u00eds. Desde aquel tiempo de fusiles y m\u00edstica setentista, pas\u00f3 a formar parte del menemismo en los a\u00f1os noventa, apoyando privatizaciones, indultos y ajustes. Ya en la debacle del 2001, fue ministra de Trabajo del gobierno de la Alianza, y como tal, firm\u00f3 recortes jubilatorios, despidos masivos en el Estado y leyes laborales a medida del FMI, siendo directamente responsable de pol\u00edticas que desembocaron en la peor crisis institucional y econ\u00f3mica del pa\u00eds. El 19 y 20 de diciembre de ese a\u00f1o, mientras el pueblo era masacrado en las calles, ella defend\u00eda el ajuste con una sonrisa.<\/p>\n\n\n\n<figure class=\"wp-block-image size-large\"><img loading=\"lazy\" decoding=\"async\" width=\"1024\" height=\"577\" src=\"https:\/\/www.enorsai.com\/noticias\/wp-content\/uploads\/2025\/05\/EnOrsai-16-1024x577.png\" alt=\"\" class=\"wp-image-3941\" srcset=\"https:\/\/www.enorsai.com\/noticias\/wp-content\/uploads\/2025\/05\/EnOrsai-16-1024x577.png 1024w, https:\/\/www.enorsai.com\/noticias\/wp-content\/uploads\/2025\/05\/EnOrsai-16-300x169.png 300w, https:\/\/www.enorsai.com\/noticias\/wp-content\/uploads\/2025\/05\/EnOrsai-16-768x433.png 768w, https:\/\/www.enorsai.com\/noticias\/wp-content\/uploads\/2025\/05\/EnOrsai-16-1536x865.png 1536w, https:\/\/www.enorsai.com\/noticias\/wp-content\/uploads\/2025\/05\/EnOrsai-16.png 1640w\" sizes=\"auto, (max-width: 1024px) 100vw, 1024px\" \/><\/figure>\n\n\n\n<p>Lejos de retirarse de la pol\u00edtica tras el desastre, fund\u00f3 su propio sello, Uni\u00f3n por Todos, que m\u00e1s tarde integr\u00f3 la Coalici\u00f3n C\u00edvica de Elisa Carri\u00f3, y finalmente recal\u00f3 en el PRO de Mauricio Macri. Fue ministra de Seguridad durante su gobierno y una de las principales impulsoras de la doctrina Chocobar: represi\u00f3n, bala f\u00e1cil y blindaje medi\u00e1tico. Ya no hablaba de los desaparecidos, sino que justificaba que \u00abel que quiera andar armado, que ande armado\u00bb. Su desprecio por los derechos humanos y la protesta social se profundiz\u00f3, transform\u00e1ndose en una defensora del Estado policial.<\/p>\n\n\n\n<p>Con la llegada de Javier Milei al poder, y tras su propia derrota electoral en 2023, Bullrich no dud\u00f3 en traicionar el frente que ella misma encabezaba. No consult\u00f3 con sus aliados, ni con su electorado. Simplemente acept\u00f3 continuar como ministra, esta vez bajo un modelo anarco-capitalista que contradice incluso los principios de orden conservador que ella dec\u00eda representar. Hoy, con su incorporaci\u00f3n oficial a La Libertad Avanza, demuestra que est\u00e1 dispuesta a avalar la entrega del pa\u00eds al capital financiero, el vaciamiento del Estado y la represi\u00f3n abierta como \u00fanico m\u00e9todo de control social.<\/p>\n\n\n\n<p>Las redes no tardaron en reaccionar. \u201cPatricia Bullrich es la s\u00edntesis perfecta del cinismo pol\u00edtico argentino\u201d, escribi\u00f3 el periodista Ari Lijalad en X (ex Twitter). \u201cPas\u00f3 por Montoneros, el menemismo, la Alianza, Carri\u00f3, Macri y ahora Milei. Un recorrido que s\u00f3lo se explica por el odio, el oportunismo y la ambici\u00f3n de poder\u201d, agreg\u00f3. El dirigente sindical Hugo Yasky tambi\u00e9n apunt\u00f3: \u201cLo de Bullrich no es ideolog\u00eda, es negocio. Es el poder por el poder mismo. No importa si hay que reprimir jubilados o abrazarse al FMI. Siempre est\u00e1 del lado de los que oprimen\u201d.<\/p>\n\n\n\n<p>El recorrido partidario de Patricia Bullrich podr\u00eda llenar varias p\u00e1ginas, pero aqu\u00ed un breve repaso de su camale\u00f3nica carrera:<\/p>\n\n\n\n<ul class=\"wp-block-list\">\n<li><strong>Montoneros \/ Juventud Peronista<\/strong>: Militante activa en los a\u00f1os 70.<\/li>\n\n\n\n<li><strong>PJ tradicional (1983)<\/strong>: Ingreso a la vida institucional desde el peronismo.<\/li>\n\n\n\n<li><strong>Menemismo (d\u00e9cada del 90)<\/strong>: Funcionaria y defensora del modelo neoliberal.<\/li>\n\n\n\n<li><strong>Alianza (UCR-Frepaso)<\/strong>: Ministra de Trabajo de Fernando de la R\u00faa, impulsora del ajuste del 2001.<\/li>\n\n\n\n<li><strong>Uni\u00f3n por Todos (2003)<\/strong>: Creaci\u00f3n de su propio partido de derecha.<\/li>\n\n\n\n<li><strong>Coalici\u00f3n C\u00edvica (2007)<\/strong>: Alianza con Elisa Carri\u00f3.<\/li>\n\n\n\n<li><strong>PRO (desde 2010)<\/strong>: Integrante del partido de Macri, ministra de Seguridad.<\/li>\n\n\n\n<li><strong>Juntos por el Cambio (2015-2023)<\/strong>: Presidenta del PRO, candidata presidencial.<\/li>\n\n\n\n<li><strong>La Libertad Avanza (2024)<\/strong>: Incorporaci\u00f3n formal al gobierno de Javier Milei.<\/li>\n<\/ul>\n\n\n\n<p>Este derrotero es m\u00e1s que una curiosidad ideol\u00f3gica: es un peligro para la democracia. En cada uno de sus giros pol\u00edticos, Bullrich ha estado al servicio de las elites, del capital concentrado y de los sectores m\u00e1s autoritarios del poder. Nunca del lado del pueblo. Hoy, como ministra de Milei, contin\u00faa esa senda, validando un gobierno que avanza sobre los derechos laborales, las universidades, la soberan\u00eda econ\u00f3mica y los sectores m\u00e1s vulnerables.<\/p>\n\n\n\n<p>Su pase a La Libertad Avanza no representa una sorpresa, sino la confirmaci\u00f3n de una constante: Patricia Bullrich nunca tuvo ideolog\u00eda, s\u00f3lo ambici\u00f3n. Y en su camino hacia el poder ha estado siempre dispuesta a traicionar a quien sea, incluso a sus propias ideas.<\/p>\n\n\n\n<p><\/p>\n","protected":false},"excerpt":{"rendered":"<p>La ministra de Seguridad oficializar\u00e1 su incorporaci\u00f3n a La Libertad Avanza, sellando su \u00faltima mutaci\u00f3n pol\u00edtica en un largo historial de oportunismo ideol\u00f3gico. Su carrera, que comenz\u00f3 en la juventud peronista armada, revela un recorrido marcado por la traici\u00f3n, el cinismo y la falta absoluta de coherencia pol\u00edtica. (Por Osvaldo Peralta) Patricia Bullrich vuelve a&#8230;<\/p>\n","protected":false},"author":9,"featured_media":3934,"comment_status":"open","ping_status":"open","sticky":false,"template":"","format":"standard","meta":{"_monsterinsights_skip_tracking":false,"_monsterinsights_sitenote_active":false,"_monsterinsights_sitenote_note":"","_monsterinsights_sitenote_category":0,"footnotes":"","jetpack_publicize_message":"","jetpack_publicize_feature_enabled":true,"jetpack_social_post_already_shared":true,"jetpack_social_options":{"image_generator_settings":{"template":"highway","default_image_id":0,"font":"","enabled":false},"version":2}},"categories":[2],"tags":[45,431],"class_list":["post-3933","post","type-post","status-publish","format-standard","has-post-thumbnail","hentry","category-politica","tag-milei","tag-patricia-bullrich"],"jetpack_publicize_connections":[],"_links":{"self":[{"href":"https:\/\/www.enorsai.com\/noticias\/wp-json\/wp\/v2\/posts\/3933","targetHints":{"allow":["GET"]}}],"collection":[{"href":"https:\/\/www.enorsai.com\/noticias\/wp-json\/wp\/v2\/posts"}],"about":[{"href":"https:\/\/www.enorsai.com\/noticias\/wp-json\/wp\/v2\/types\/post"}],"author":[{"embeddable":true,"href":"https:\/\/www.enorsai.com\/noticias\/wp-json\/wp\/v2\/users\/9"}],"replies":[{"embeddable":true,"href":"https:\/\/www.enorsai.com\/noticias\/wp-json\/wp\/v2\/comments?post=3933"}],"version-history":[{"count":3,"href":"https:\/\/www.enorsai.com\/noticias\/wp-json\/wp\/v2\/posts\/3933\/revisions"}],"predecessor-version":[{"id":3943,"href":"https:\/\/www.enorsai.com\/noticias\/wp-json\/wp\/v2\/posts\/3933\/revisions\/3943"}],"wp:featuredmedia":[{"embeddable":true,"href":"https:\/\/www.enorsai.com\/noticias\/wp-json\/wp\/v2\/media\/3934"}],"wp:attachment":[{"href":"https:\/\/www.enorsai.com\/noticias\/wp-json\/wp\/v2\/media?parent=3933"}],"wp:term":[{"taxonomy":"category","embeddable":true,"href":"https:\/\/www.enorsai.com\/noticias\/wp-json\/wp\/v2\/categories?post=3933"},{"taxonomy":"post_tag","embeddable":true,"href":"https:\/\/www.enorsai.com\/noticias\/wp-json\/wp\/v2\/tags?post=3933"}],"curies":[{"name":"wp","href":"https:\/\/api.w.org\/{rel}","templated":true}]}}