{"id":3931,"date":"2025-05-06T09:15:27","date_gmt":"2025-05-06T12:15:27","guid":{"rendered":"https:\/\/www.enorsai.com\/noticias\/?p=3931"},"modified":"2025-05-06T09:15:27","modified_gmt":"2025-05-06T12:15:27","slug":"otra-ruptura-libertaria-se-quebro-el-grupo-de-senadores-en-provincia-y-la-sangria-no-se-detiene","status":"publish","type":"post","link":"https:\/\/www.enorsai.com\/noticias\/politica\/otra-ruptura-libertaria-se-quebro-el-grupo-de-senadores-en-provincia-y-la-sangria-no-se-detiene\/","title":{"rendered":"Otra ruptura libertaria: se quebr\u00f3 el grupo de senadores en Provincia y la sangr\u00eda no se detiene"},"content":{"rendered":"\n<p>Estalla la interna libertaria en provincia de Buenos Aires: tres senadores rompen con Milei y lanzan un nuevo bloque con sello peronista y cr\u00edticas al PRO.<\/p>\n\n\n\n<p>El armado libertario en la provincia de Buenos Aires atraviesa su mayor crisis desde la irrupci\u00f3n de Javier Milei en la pol\u00edtica nacional. A la disidencia en la C\u00e1mara de Diputados bonaerense se suma ahora un quiebre clave en el Senado: los legisladores Sergio Vargas, Carlos Kikuchi y Silvana Ventura abandonaron formalmente el bloque de La Libertad Avanza para conformar \u201cUni\u00f3n, Renovaci\u00f3n y Fe\u201d, una nueva bancada que apuesta a consolidar una tercera v\u00eda con impronta peronista de centroderecha.<\/p>\n\n\n\n<p>El anuncio oficial se realizar\u00e1 este viernes desde un hotel c\u00e9ntrico de La Plata, y marcar\u00e1 una ruptura definitiva con el sector que comanda Sebasti\u00e1n Pareja, principal armador de Milei en territorio bonaerense. \u201cNos unimos bajo Uni\u00f3n, Renovaci\u00f3n y Fe, dejando atr\u00e1s los acuerdos que no nos representan\u201d, confirm\u00f3 Vargas en di\u00e1logo con El \u00c1gora, en lo que constituye una se\u00f1al clara del desgaste interno del mile\u00edsmo.<\/p>\n\n\n\n<p>Del libertarismo puro a la centroderecha peronista<\/p>\n\n\n\n<p>Sergio Vargas, referente de Punta Alta y ahora presidente del nuevo bloque, aclar\u00f3 que la decisi\u00f3n trasciende una simple cuesti\u00f3n de nombres. \u201cQueremos conformar un espacio que contemple el peronismo de centroderecha, lejos de las divisiones y percepciones del kirchnerismo\u201d, explic\u00f3, al tiempo que carg\u00f3 contra los acuerdos sellados por Pareja con sectores del PRO. \u201cNo podemos validar acuerdos con quienes competimos cara a cara en distritos como Bah\u00eda Blanca. Hay que honrar a quienes militaron desde el primer d\u00eda\u201d, apunt\u00f3.<\/p>\n\n\n\n<p>Este movimiento se suma al bloque hom\u00f3nimo en la C\u00e1mara Baja, que ya re\u00fane a nueve diputados provinciales, entre ellos Gustavo Cuervo, Fabi\u00e1n Luayza y Constanza Moragues Santos, consolidando una estructura con presencia legislativa y territorial.<\/p>\n\n\n\n<p>El nuevo bloque no es solo una construcci\u00f3n institucional en la Legislatura. Seg\u00fan precis\u00f3 Vargas, Uni\u00f3n, Renovaci\u00f3n y Fe tendr\u00e1 representaci\u00f3n en varios distritos clave, como Bah\u00eda Blanca, donde el concejal Carlos Alonso ya tom\u00f3 distancia del oficialismo libertario. Adem\u00e1s, anticip\u00f3 que una veintena de concejales bonaerenses participar\u00e1 del acto de lanzamiento.<\/p>\n\n\n\n<p>Con respaldo pol\u00edtico y presencia territorial, el flamante espacio busca canalizar el desencanto de militantes y dirigentes que acompa\u00f1aron el proyecto mile\u00edsta desde el inicio, pero que hoy se sienten desplazados. \u201cMuchos que han puesto recursos propios y han acompa\u00f1ado desde el primer d\u00eda se sintieron desplazados y les pusieron coordinadores que ven\u00edan del PRO\u201d, reclam\u00f3 Vargas.<\/p>\n\n\n\n<p>Puentes hacia una nueva alianza<\/p>\n\n\n\n<p>Lejos de aislarse, el nuevo bloque ya entabl\u00f3 di\u00e1logos con figuras nacionales que tambi\u00e9n buscaron despegarse del kirchnerismo y del PRO. Vargas revel\u00f3 que mantiene una \u201cl\u00ednea de trabajo\u201d con Emilio Monz\u00f3, Florencio Randazzo y Miguel \u00c1ngel Pichetto, referentes del peronismo no kirchnerista que podr\u00edan confluir en una alianza amplia de cara a 2025.<\/p>\n\n\n\n<p>La estrategia, seg\u00fan sus impulsores, es dar forma a una alternativa pol\u00edtica que represente los valores originales de La Libertad Avanza sin depender de la Casa Rosada ni del macrismo residual. \u201cEsto no es confrontaci\u00f3n por confrontar, sino recuperar a quienes trabajaron desde el inicio y construir una alternativa coherente con nuestros principios\u201d, subray\u00f3 Vargas.<\/p>\n\n\n\n<p>La grieta interna libertaria: m\u00e1s salidas en puerta<\/p>\n\n\n\n<p>La fractura legislativa de LLA no es un hecho aislado. En los \u00faltimos meses, dirigentes como Joaqu\u00edn de la Torre tambi\u00e9n abandonaron el bloque oficialista para crear espacios propios. De la Torre fund\u00f3 su monobloque \u00abDerecha Popular\u00bb y, seg\u00fan Vargas, mantienen conversaciones para posibles alianzas distritales.<\/p>\n\n\n\n<p>Desde diciembre de 2023, varios legisladores y armadores comenzaron a tejer redes fuera del control del c\u00edrculo cercano a Milei y Villarruel. La falta de di\u00e1logo con la Casa Rosada y la cr\u00edtica p\u00fablica de la vicepresidenta nacional tras una votaci\u00f3n en la Legislatura provincial terminaron de cristalizar el distanciamiento. A esto se suma el trabajo sostenido de diputados como Cuervo y Luayza en la construcci\u00f3n de una \u00abtercera v\u00eda\u00bb con identidad bonaerense y autonom\u00eda discursiva.<\/p>\n\n\n\n<p>Sin referencia nacional, pero con ambiciones de expansi\u00f3n<\/p>\n\n\n\n<p>Uno de los principales desaf\u00edos de Uni\u00f3n, Renovaci\u00f3n y Fe ser\u00e1 consolidar su liderazgo sin un referente nacional claro. \u201cNos integramos con una mirada de pol\u00edtica nacional, pero con una mirada en la pol\u00edtica provincial\u201d, explic\u00f3 Vargas. La prioridad, aseguran, es intervenir en las elecciones provinciales y municipales, atrayendo a cuadros medios y j\u00f3venes desencantados con la conducci\u00f3n actual del oficialismo libertario.<\/p>\n\n\n\n<p>Desde el entorno del bloque no descartan nuevas fugas de los concejos deliberantes del conurbano. \u201cHay mucha gente, incluso que todav\u00eda est\u00e1 dentro de LLA, que no est\u00e1 muy feliz en el espacio y est\u00e1n plante\u00e1ndose muchas cosas\u201d, desliz\u00f3 una fuente cercana al armado, lo que anticipa una posible sangr\u00eda de cuadros en las pr\u00f3ximas semanas.<\/p>\n\n\n\n<p>Por Pamela Orellana para Grupo La Provincia<\/p>\n","protected":false},"excerpt":{"rendered":"<p>Estalla la interna libertaria en provincia de Buenos Aires: tres senadores rompen con Milei y lanzan un nuevo bloque con sello peronista y cr\u00edticas al PRO. El armado libertario en la provincia de Buenos Aires atraviesa su mayor crisis desde la irrupci\u00f3n de Javier Milei en la pol\u00edtica nacional. A la disidencia en la C\u00e1mara&#8230;<\/p>\n","protected":false},"author":5,"featured_media":2738,"comment_status":"open","ping_status":"open","sticky":false,"template":"","format":"standard","meta":{"_monsterinsights_skip_tracking":false,"_monsterinsights_sitenote_active":false,"_monsterinsights_sitenote_note":"","_monsterinsights_sitenote_category":0,"footnotes":"","jetpack_publicize_message":"","jetpack_publicize_feature_enabled":true,"jetpack_social_post_already_shared":true,"jetpack_social_options":{"image_generator_settings":{"template":"highway","default_image_id":0,"font":"","enabled":false},"version":2}},"categories":[2],"tags":[43,232,45],"class_list":["post-3931","post","type-post","status-publish","format-standard","has-post-thumbnail","hentry","category-politica","tag-crisis","tag-estafa","tag-milei"],"jetpack_publicize_connections":[],"_links":{"self":[{"href":"https:\/\/www.enorsai.com\/noticias\/wp-json\/wp\/v2\/posts\/3931","targetHints":{"allow":["GET"]}}],"collection":[{"href":"https:\/\/www.enorsai.com\/noticias\/wp-json\/wp\/v2\/posts"}],"about":[{"href":"https:\/\/www.enorsai.com\/noticias\/wp-json\/wp\/v2\/types\/post"}],"author":[{"embeddable":true,"href":"https:\/\/www.enorsai.com\/noticias\/wp-json\/wp\/v2\/users\/5"}],"replies":[{"embeddable":true,"href":"https:\/\/www.enorsai.com\/noticias\/wp-json\/wp\/v2\/comments?post=3931"}],"version-history":[{"count":1,"href":"https:\/\/www.enorsai.com\/noticias\/wp-json\/wp\/v2\/posts\/3931\/revisions"}],"predecessor-version":[{"id":3932,"href":"https:\/\/www.enorsai.com\/noticias\/wp-json\/wp\/v2\/posts\/3931\/revisions\/3932"}],"wp:featuredmedia":[{"embeddable":true,"href":"https:\/\/www.enorsai.com\/noticias\/wp-json\/wp\/v2\/media\/2738"}],"wp:attachment":[{"href":"https:\/\/www.enorsai.com\/noticias\/wp-json\/wp\/v2\/media?parent=3931"}],"wp:term":[{"taxonomy":"category","embeddable":true,"href":"https:\/\/www.enorsai.com\/noticias\/wp-json\/wp\/v2\/categories?post=3931"},{"taxonomy":"post_tag","embeddable":true,"href":"https:\/\/www.enorsai.com\/noticias\/wp-json\/wp\/v2\/tags?post=3931"}],"curies":[{"name":"wp","href":"https:\/\/api.w.org\/{rel}","templated":true}]}}