{"id":391,"date":"2025-01-31T10:47:40","date_gmt":"2025-01-31T10:47:40","guid":{"rendered":"https:\/\/www.enorsai.com\/noticias\/?p=391"},"modified":"2025-01-31T12:17:27","modified_gmt":"2025-01-31T12:17:27","slug":"en-pleno-recoleta-le-roban-al-primo-de-patricia-bullrich","status":"publish","type":"post","link":"https:\/\/www.enorsai.com\/noticias\/politica\/en-pleno-recoleta-le-roban-al-primo-de-patricia-bullrich\/","title":{"rendered":"En pleno Recoleta le roban al primo de Patricia Bullrich"},"content":{"rendered":"\n<p>Fue en una cafeter\u00eda luego de que el familiar de la ministra de Seguridad retirara el dinero de un banco.<\/p>\n\n<p>Tres delincuentes\u00a0<strong>le robaron cerca de $7 millones<\/strong>\u00a0a un primo de la ministra de Seguridad,\u00a0<strong>Patricia Bullrich<\/strong>, luego de que retirara esa cantidad de dinero en un banco y se dirigiera a una cafeter\u00eda del barrio porte\u00f1o de\u00a0<strong>Recoleta.<\/strong><\/p>\n<p>Seg\u00fan consign\u00f3 la agencia\u00a0<em>Noticias Argentinas<\/em>, fuentes policiales confirmaron que la v\u00edctima, que se llama<strong>\u00a0Jaime Bullrich<\/strong>, de 59 a\u00f1os y a quien en 2019 le hab\u00edan decretado la quiebra, se encontraba en una cafeter\u00eda ubicada sobre la\u00a0<strong>Avenida Pueyrred\u00f3n al 1800<\/strong>, a metros del cruce con\u00a0<strong>French<\/strong>, cuando fue asaltado por un grupo de delincuentes.<\/p>\n<p>En tal sentido, los ladrones le robaron una mochila al hombre, donde se hallaba el dinero. Luego del hecho, fueron identificados por el personal policial (que en ese momento estar\u00eda viendo si hab\u00eda marcha de jubilados) y comenz\u00f3 una investigaci\u00f3n para capturarlos despu\u00e9s de que escaparan a bordo de una moto\u00a0<strong>Honda Tornado XR 250.<\/strong><\/p>\n<p>En tanto, el secretario de Seguridad porte\u00f1o,<strong>\u00a0Ezequiel Daglia<\/strong>, se comunic\u00f3 en el marco del suceso con el primo de la ministra de Seguridad, quien<strong>\u00a0no sufri\u00f3 lesiones<\/strong>, mientras que adem\u00e1s se labraron actuaciones por el delito de robo. Tambi\u00e9n ya se registraron las im\u00e1genes capturadas por las c\u00e1maras de seguridad de la zona.<\/p>\n<p>El hecho se produjo<strong>\u00a0en una zona con varios comercios<\/strong>\u00a0y que habitualmente cuenta con una gran cantidad de tr\u00e1nsito y alta circulaci\u00f3n de personas.<\/p>\n","protected":false},"excerpt":{"rendered":"<p>Fue en una cafeter\u00eda luego de que el familiar de la ministra de Seguridad retirara el dinero de un banco. Tres delincuentes\u00a0le robaron cerca de $7 millones\u00a0a un primo de la ministra de Seguridad,\u00a0Patricia Bullrich, luego de que retirara esa cantidad de dinero en un banco y se dirigiera a una cafeter\u00eda del barrio porte\u00f1o&#8230;<\/p>\n","protected":false},"author":7,"featured_media":392,"comment_status":"open","ping_status":"open","sticky":false,"template":"","format":"standard","meta":{"_monsterinsights_skip_tracking":false,"_monsterinsights_sitenote_active":false,"_monsterinsights_sitenote_note":"","_monsterinsights_sitenote_category":0,"footnotes":"","jetpack_publicize_message":"Tres delincuentes le robaron cerca de $7 millones a un primo de la ministra de Seguridad, Patricia Bullrich, luego de que retirara esa cantidad de dinero de un banco","jetpack_publicize_feature_enabled":true,"jetpack_social_post_already_shared":false,"jetpack_social_options":{"image_generator_settings":{"template":"highway","enabled":false},"version":2}},"categories":[2],"tags":[],"class_list":["post-391","post","type-post","status-publish","format-standard","has-post-thumbnail","hentry","category-politica"],"jetpack_publicize_connections":[],"_links":{"self":[{"href":"https:\/\/www.enorsai.com\/noticias\/wp-json\/wp\/v2\/posts\/391","targetHints":{"allow":["GET"]}}],"collection":[{"href":"https:\/\/www.enorsai.com\/noticias\/wp-json\/wp\/v2\/posts"}],"about":[{"href":"https:\/\/www.enorsai.com\/noticias\/wp-json\/wp\/v2\/types\/post"}],"author":[{"embeddable":true,"href":"https:\/\/www.enorsai.com\/noticias\/wp-json\/wp\/v2\/users\/7"}],"replies":[{"embeddable":true,"href":"https:\/\/www.enorsai.com\/noticias\/wp-json\/wp\/v2\/comments?post=391"}],"version-history":[{"count":2,"href":"https:\/\/www.enorsai.com\/noticias\/wp-json\/wp\/v2\/posts\/391\/revisions"}],"predecessor-version":[{"id":406,"href":"https:\/\/www.enorsai.com\/noticias\/wp-json\/wp\/v2\/posts\/391\/revisions\/406"}],"wp:featuredmedia":[{"embeddable":true,"href":"https:\/\/www.enorsai.com\/noticias\/wp-json\/wp\/v2\/media\/392"}],"wp:attachment":[{"href":"https:\/\/www.enorsai.com\/noticias\/wp-json\/wp\/v2\/media?parent=391"}],"wp:term":[{"taxonomy":"category","embeddable":true,"href":"https:\/\/www.enorsai.com\/noticias\/wp-json\/wp\/v2\/categories?post=391"},{"taxonomy":"post_tag","embeddable":true,"href":"https:\/\/www.enorsai.com\/noticias\/wp-json\/wp\/v2\/tags?post=391"}],"curies":[{"name":"wp","href":"https:\/\/api.w.org\/{rel}","templated":true}]}}