{"id":3892,"date":"2025-05-05T10:38:26","date_gmt":"2025-05-05T13:38:26","guid":{"rendered":"http:\/\/www.enorsai.com\/noticias\/?p=3892"},"modified":"2025-05-05T10:45:15","modified_gmt":"2025-05-05T13:45:15","slug":"cajas-negras-en-el-pami-el-armador-politico-de-karina-milei-en-la-mira","status":"publish","type":"post","link":"https:\/\/www.enorsai.com\/noticias\/politica\/cajas-negras-en-el-pami-el-armador-politico-de-karina-milei-en-la-mira\/","title":{"rendered":"Cajas negras en el PAMI: El armador pol\u00edtico de Karina Milei en la\u00a0mira"},"content":{"rendered":"\n<p>Se investiga el desv\u00edo de fondos en las delegaciones bonaerenses.<\/p>\n\n\n\n<p>(Por Roque P\u00e9rez) Tras el inicio de una auditor\u00eda interna en el\u00a0<strong>PAMI bonaerense<\/strong>, por inexplicables desv\u00edos de fondos en sus delegaciones por parte del Ministerio de Salud, a cargo de Mario Lugones, denuncian\u00a0<strong>la existencia de \u00abcajas negras\u00bb en la agencia estatal y en la mira se encuentra Sebasti\u00e1n Pareja, el armador pol\u00edtico de Karina Milei<\/strong>\u00a0en la provincia de Buenos Aires, el hombre que acerc\u00f3 a Diego Santilli y Cristian Ritondo a las listas de La Libertad Avanza.<\/p>\n\n\n\n<p>En el programa Minuto Uno, que conduce Gustavo Sylvestre por C5N, el periodista Pablo Ib\u00e1\u00f1ez revel\u00f3 los pormenores de la cruda lucha de poder en el PAMI:&nbsp;<strong>\u00abEn las distintas oficinas de la provincia de Buenos Aires hab\u00edan encontrado manejos irregulares, en agencias manejadas por funcionarios puestos por La Libertad Avanza\u00bb.<\/strong><\/p>\n\n\n\n<p>Adem\u00e1s, agreg\u00f3:&nbsp;<strong>\u00abEl PAMI es un lugar muy pol\u00edtico, se suele poner un armador propio porque le da visibilidad y gesti\u00f3n. Le da manejo pol\u00edtico y de caja\u00bb.<\/strong><\/p>\n\n\n\n<p>En el informe, se revel\u00f3 que en los \u00faltimos d\u00edas desplazaron a&nbsp;<strong>Alberto Pascual<\/strong>, que se desempe\u00f1aba como jefe del PAMI en la localidad bonaerense de Jun\u00edn, y era tambi\u00e9n el armador de La Libertad Avanza para la cuarta secci\u00f3n electoral en la provincia y respond\u00eda a&nbsp;<strong>Sebasti\u00e1n Pareja, operador mile\u00edsta en provincia de Buenos Aires.<\/strong><\/p>\n\n\n\n<p><strong>\u00abLas diferencias que hay en La Liberta Avanza apuntan a todos dirigentes y responsables del PAMI puestos por Sebasti\u00e1n Pareja, el armador pol\u00edtico de Karina Milei en la provincia de Buenos Aires. Se mencionan a todos los referentes bonaerense del karinismo en la agencia estatal\u00bb<\/strong>, concluy\u00f3 el periodista.<\/p>\n","protected":false},"excerpt":{"rendered":"<p>Se investiga el desv\u00edo de fondos en las delegaciones bonaerenses. (Por Roque P\u00e9rez) Tras el inicio de una auditor\u00eda interna en el\u00a0PAMI bonaerense, por inexplicables desv\u00edos de fondos en sus delegaciones por parte del Ministerio de Salud, a cargo de Mario Lugones, denuncian\u00a0la existencia de \u00abcajas negras\u00bb en la agencia estatal y en la mira&#8230;<\/p>\n","protected":false},"author":7,"featured_media":3893,"comment_status":"open","ping_status":"open","sticky":false,"template":"","format":"standard","meta":{"_monsterinsights_skip_tracking":false,"_monsterinsights_sitenote_active":false,"_monsterinsights_sitenote_note":"","_monsterinsights_sitenote_category":0,"footnotes":"","jetpack_publicize_message":"","jetpack_publicize_feature_enabled":true,"jetpack_social_post_already_shared":true,"jetpack_social_options":{"image_generator_settings":{"template":"highway","default_image_id":0,"font":"","enabled":false},"version":2}},"categories":[2],"tags":[],"class_list":["post-3892","post","type-post","status-publish","format-standard","has-post-thumbnail","hentry","category-politica"],"jetpack_publicize_connections":[],"_links":{"self":[{"href":"https:\/\/www.enorsai.com\/noticias\/wp-json\/wp\/v2\/posts\/3892","targetHints":{"allow":["GET"]}}],"collection":[{"href":"https:\/\/www.enorsai.com\/noticias\/wp-json\/wp\/v2\/posts"}],"about":[{"href":"https:\/\/www.enorsai.com\/noticias\/wp-json\/wp\/v2\/types\/post"}],"author":[{"embeddable":true,"href":"https:\/\/www.enorsai.com\/noticias\/wp-json\/wp\/v2\/users\/7"}],"replies":[{"embeddable":true,"href":"https:\/\/www.enorsai.com\/noticias\/wp-json\/wp\/v2\/comments?post=3892"}],"version-history":[{"count":2,"href":"https:\/\/www.enorsai.com\/noticias\/wp-json\/wp\/v2\/posts\/3892\/revisions"}],"predecessor-version":[{"id":3895,"href":"https:\/\/www.enorsai.com\/noticias\/wp-json\/wp\/v2\/posts\/3892\/revisions\/3895"}],"wp:featuredmedia":[{"embeddable":true,"href":"https:\/\/www.enorsai.com\/noticias\/wp-json\/wp\/v2\/media\/3893"}],"wp:attachment":[{"href":"https:\/\/www.enorsai.com\/noticias\/wp-json\/wp\/v2\/media?parent=3892"}],"wp:term":[{"taxonomy":"category","embeddable":true,"href":"https:\/\/www.enorsai.com\/noticias\/wp-json\/wp\/v2\/categories?post=3892"},{"taxonomy":"post_tag","embeddable":true,"href":"https:\/\/www.enorsai.com\/noticias\/wp-json\/wp\/v2\/tags?post=3892"}],"curies":[{"name":"wp","href":"https:\/\/api.w.org\/{rel}","templated":true}]}}