{"id":3886,"date":"2025-05-05T08:23:11","date_gmt":"2025-05-05T11:23:11","guid":{"rendered":"https:\/\/www.enorsai.com\/noticias\/?p=3886"},"modified":"2025-05-05T08:23:11","modified_gmt":"2025-05-05T11:23:11","slug":"hablando-de-libertad-la-argentina-de-milei-se-desmorono-en-un-ranking-global","status":"publish","type":"post","link":"https:\/\/www.enorsai.com\/noticias\/mundo\/hablando-de-libertad-la-argentina-de-milei-se-desmorono-en-un-ranking-global\/","title":{"rendered":"Hablando de libertad: la Argentina de Milei se desmoron\u00f3 en un ranking global"},"content":{"rendered":"\n<p>Pese a que el presidente Javier Milei se declara un defensor de la libertad, sus repetidos y agresivos cuestionamientos a los medios de comunicaci\u00f3n han provocado un retroceso notable en los indicadores de libertad de expresi\u00f3n en el pa\u00eds. Hace apenas unos d\u00edas, el mandatario expres\u00f3 abiertamente su desd\u00e9n hacia el periodismo, afirmando que \u201cla gente no odia lo suficiente a los periodistas\u201d.<\/p>\n\n\n\n<p>Esta hostilidad hacia la prensa ha tenido consecuencias concretas: seg\u00fan el informe 2024 de Reporteros Sin Fronteras (RSF), Argentina cay\u00f3 47 puestos en el Ranking Mundial de Libertad de Prensa, ubic\u00e1ndose en el lugar 87 entre 180 pa\u00edses. El informe se\u00f1ala como causas principales los ataques verbales del presidente contra periodistas, la desarticulaci\u00f3n de los medios p\u00fablicos y el uso selectivo de la publicidad oficial con fines partidarios.<\/p>\n\n\n\n<p>\u00abEn Argentina, el presidente Javier Milei ha estigmatizado a periodistas, desmantelado los medios p\u00fablicos y empleado la pauta estatal como herramienta pol\u00edtica\u00bb, destaca RSF. Por ello, el pa\u00eds fue clasificado dentro del grupo de naciones con \u201cproblemas significativos\u201d en materia de libertad de prensa, junto a Malasia, Grecia y Nepal.<\/p>\n\n\n\n<p>El informe tambi\u00e9n advierte que la concentraci\u00f3n medi\u00e1tica, la polarizaci\u00f3n pol\u00edtica, la falta de pol\u00edticas que fomenten la diversidad informativa y la precarizaci\u00f3n laboral de los periodistas son otros factores que debilitan el ejercicio del periodismo en Argentina.<\/p>\n\n\n\n<p>En comparaci\u00f3n, Noruega, Estonia, Pa\u00edses Bajos, Suecia y Finlandia se mantienen entre los cinco pa\u00edses con mayor libertad de prensa. En el extremo opuesto, Eritrea, Corea del Norte, China, Siria e Ir\u00e1n ocupan los \u00faltimos lugares.<\/p>\n\n\n\n<p>Reporteros Sin Fronteras<\/p>\n\n\n\n<p>Esta organizaci\u00f3n de periodistas, tambi\u00e9n alert\u00f3 que en Am\u00e9rica Latina el periodismo enfrenta desaf\u00edos estructurales como la concentraci\u00f3n de medios, la debilidad de los sistemas p\u00fablicos de informaci\u00f3n y la precariedad laboral. Estas condiciones llevan a algunos medios a alinearse con intereses pol\u00edticos o empresariales, mientras otros, con menos recursos, se limitan a reproducir comunicados oficiales, lo que fomenta la autocensura como mecanismo de supervivencia.<\/p>\n\n\n\n<p>En la regi\u00f3n<\/p>\n\n\n\n<p>En la regi\u00f3n, pa\u00edses como Per\u00fa (130\u00ba), El Salvador (135\u00ba) y M\u00e9xico (124\u00ba), donde el periodismo es una actividad de alto riesgo, tambi\u00e9n registraron retrocesos. En contraste, Brasil, tras la salida de Jair Bolsonaro, escal\u00f3 47 posiciones y se ubica en el puesto 63. Nicaragua (172\u00ba) sigue siendo el pa\u00eds latinoamericano con peor desempe\u00f1o en este aspecto, incluso por debajo de Venezuela (160\u00ba).<\/p>\n\n\n\n<p>Por Infogei<\/p>\n","protected":false},"excerpt":{"rendered":"<p>Pese a que el presidente Javier Milei se declara un defensor de la libertad, sus repetidos y agresivos cuestionamientos a los medios de comunicaci\u00f3n han provocado un retroceso notable en los indicadores de libertad de expresi\u00f3n en el pa\u00eds. Hace apenas unos d\u00edas, el mandatario expres\u00f3 abiertamente su desd\u00e9n hacia el periodismo, afirmando que \u201cla&#8230;<\/p>\n","protected":false},"author":5,"featured_media":2732,"comment_status":"open","ping_status":"open","sticky":false,"template":"","format":"standard","meta":{"_monsterinsights_skip_tracking":false,"_monsterinsights_sitenote_active":false,"_monsterinsights_sitenote_note":"","_monsterinsights_sitenote_category":0,"footnotes":"","jetpack_publicize_message":"","jetpack_publicize_feature_enabled":true,"jetpack_social_post_already_shared":true,"jetpack_social_options":{"image_generator_settings":{"template":"highway","default_image_id":0,"font":"","enabled":false},"version":2}},"categories":[7],"tags":[43,45,72],"class_list":["post-3886","post","type-post","status-publish","format-standard","has-post-thumbnail","hentry","category-mundo","tag-crisis","tag-milei","tag-politica"],"jetpack_publicize_connections":[],"_links":{"self":[{"href":"https:\/\/www.enorsai.com\/noticias\/wp-json\/wp\/v2\/posts\/3886","targetHints":{"allow":["GET"]}}],"collection":[{"href":"https:\/\/www.enorsai.com\/noticias\/wp-json\/wp\/v2\/posts"}],"about":[{"href":"https:\/\/www.enorsai.com\/noticias\/wp-json\/wp\/v2\/types\/post"}],"author":[{"embeddable":true,"href":"https:\/\/www.enorsai.com\/noticias\/wp-json\/wp\/v2\/users\/5"}],"replies":[{"embeddable":true,"href":"https:\/\/www.enorsai.com\/noticias\/wp-json\/wp\/v2\/comments?post=3886"}],"version-history":[{"count":1,"href":"https:\/\/www.enorsai.com\/noticias\/wp-json\/wp\/v2\/posts\/3886\/revisions"}],"predecessor-version":[{"id":3887,"href":"https:\/\/www.enorsai.com\/noticias\/wp-json\/wp\/v2\/posts\/3886\/revisions\/3887"}],"wp:featuredmedia":[{"embeddable":true,"href":"https:\/\/www.enorsai.com\/noticias\/wp-json\/wp\/v2\/media\/2732"}],"wp:attachment":[{"href":"https:\/\/www.enorsai.com\/noticias\/wp-json\/wp\/v2\/media?parent=3886"}],"wp:term":[{"taxonomy":"category","embeddable":true,"href":"https:\/\/www.enorsai.com\/noticias\/wp-json\/wp\/v2\/categories?post=3886"},{"taxonomy":"post_tag","embeddable":true,"href":"https:\/\/www.enorsai.com\/noticias\/wp-json\/wp\/v2\/tags?post=3886"}],"curies":[{"name":"wp","href":"https:\/\/api.w.org\/{rel}","templated":true}]}}