{"id":3885,"date":"2025-05-05T08:36:05","date_gmt":"2025-05-05T11:36:05","guid":{"rendered":"http:\/\/www.enorsai.com\/noticias\/?p=3885"},"modified":"2025-05-05T08:36:26","modified_gmt":"2025-05-05T11:36:26","slug":"emergencia-sanitaria-milei-congela-las-obras-y-condena-a-villa-21-24-al-agua-no-segura","status":"publish","type":"post","link":"https:\/\/www.enorsai.com\/noticias\/sociedad\/emergencia-sanitaria-milei-congela-las-obras-y-condena-a-villa-21-24-al-agua-no-segura\/","title":{"rendered":"Emergencia sanitaria: Milei congela las obras y condena a Villa 21-24 al agua \u00abno segura\u00bb"},"content":{"rendered":"\n<p><strong><em>En uno de los barrios m\u00e1s postergados de la Ciudad de Buenos Aires, el 88% de los hogares no accede a agua segura. Un informe denuncia la paralizaci\u00f3n de obras y la indiferencia estatal ante una emergencia sanitaria invisibilizada.<\/em><\/strong><\/p>\n\n\n\n<p>(Por Sof\u00eda Arregui) Mientras el presidente Javier Milei promete un pa\u00eds \u00abliberado de la casta\u00bb, lo que efectivamente se libera es el abandono institucional en los territorios populares. En la Villa 21-24, el derecho humano al agua queda reducido a una ficci\u00f3n estad\u00edstica: casi la totalidad de las viviendas est\u00e1 conectada a la red, pero la mayor\u00eda recibe agua intermitente, contaminada y peligrosa para la salud. La gesti\u00f3n libertaria congela las obras de saneamiento y profundiza la desigualdad con un modelo que precariza incluso lo m\u00e1s b\u00e1sico: la supervivencia.<\/p>\n\n\n\n<h3 class=\"wp-block-heading\"><strong>El agua como privilegio y la pobreza como condena<\/strong><\/h3>\n\n\n\n<p>A fuerza de n\u00fameros fr\u00edos, el Estado construye ficciones. Seg\u00fan los datos oficiales, el 99% de las viviendas de la Villa 21-24 cuenta con cobertura de agua corriente. Pero esa estad\u00edstica, que en apariencia sugiere inclusi\u00f3n, esconde una verdad alarmante: solo el 12% de esos hogares accede realmente a \u201cagua segura\u201d, es decir, agua que se pueda consumir sin poner en riesgo la salud. El resto, el 88% restante, sobrevive con agua contaminada, conexiones precarias y presi\u00f3n insuficiente. En la Argentina de Javier Milei, el derecho humano al agua no est\u00e1 garantizado: es una estad\u00edstica tramposa m\u00e1s, \u00fatil para discursos de marketing pol\u00edtico pero letal en la vida cotidiana de los sectores populares.<\/p>\n\n\n\n<p>As\u00ed lo denuncia el reciente informe realizado por la Asociaci\u00f3n Civil por la Igualdad y la Justicia (ACIJ), la Fundaci\u00f3n Temas de la 21-24 y el Observatorio Villero de La Poderosa. El trabajo, de car\u00e1cter t\u00e9cnico y territorial, desmantela la narrativa oficial basada en datos del INDEC que solo miden la conexi\u00f3n a la red p\u00fablica, pero omiten los criterios de continuidad y calidad establecidos por los Objetivos de Desarrollo Sostenible de la ONU. Desde esa perspectiva, no alcanza con estar \u00abconectado\u00bb a un ca\u00f1o: el agua debe ser potable, constante y suficiente. Nada de eso ocurre hoy en el coraz\u00f3n de uno de los barrios m\u00e1s postergados de la Ciudad de Buenos Aires.<\/p>\n\n\n\n<h3 class=\"wp-block-heading\"><strong>Milei y la deshidrataci\u00f3n de las pol\u00edticas p\u00fablicas<\/strong><\/h3>\n\n\n\n<p>Lo que el informe desnuda con crudeza es que, bajo el actual gobierno, no solo se profundiza la desigualdad estructural, sino que se institucionaliza el abandono. El freno a las obras de saneamiento y extensi\u00f3n de la red formal es una decisi\u00f3n pol\u00edtica concreta, no una consecuencia inevitable del ajuste. Seg\u00fan el documento, exist\u00eda un convenio firmado entre Aysa y el Instituto de Vivienda de la Ciudad (IVC) en 2020 que preve\u00eda ejecutar las mejoras necesarias en tres etapas, con finalizaci\u00f3n prevista para el primer semestre de 2025. Pero esa planificaci\u00f3n fue arrasada por la motosierra presidencial.<\/p>\n\n\n\n<p>El informe es lapidario: de las obras comprometidas, solo se ejecut\u00f3 el 39% de la primera etapa. No hay integraci\u00f3n a la red troncal ni previsi\u00f3n de continuidad. La desidia estatal no es un accidente, sino una pol\u00edtica deliberada. En nombre de una supuesta \u201ceficiencia\u201d fiscal, el gobierno de Javier Milei decide qui\u00e9n accede al agua potable y qui\u00e9n se expone a enfermedades gastrointestinales, infecciones y riesgo sanitario permanente. En la l\u00f3gica libertaria, el acceso al agua dej\u00f3 de ser un derecho para transformarse en un lujo que las familias deben comprar embotellado, en un mercado donde la necesidad se vuelve mercanc\u00eda.<\/p>\n\n\n\n<h3 class=\"wp-block-heading\"><strong>La trampa del cami\u00f3n cisterna y la farsa de la emergencia perpetua<\/strong><\/h3>\n\n\n\n<p>Ante la paralizaci\u00f3n de las obras, el Gobierno de la Ciudad sostiene el abastecimiento mediante camiones cisterna. Lo que deber\u00eda ser una soluci\u00f3n transitoria y de emergencia se convierte en una pol\u00edtica institucionalizada que reproduce la precariedad. Lejos de planificar una infraestructura digna, el Estado act\u00faa como una empresa tercerizada que lleva bidones a los barrios, como si estuviera apagando incendios con baldes en lugar de construir ca\u00f1er\u00edas.<\/p>\n\n\n\n<p>Las organizaciones denuncian que apenas el 26% de los hogares tiene una conexi\u00f3n formal. El resto depende de conexiones informales, clandestinas o directamente de los camiones estatales. Esta situaci\u00f3n perpet\u00faa la desigualdad y vuelve a las comunidades vulnerables dependientes de servicios irregulares y costosos. De hecho, el 74% de las familias debe comprar agua embotellada, no por elecci\u00f3n sino por necesidad. Para hogares que viven por debajo de la l\u00ednea de pobreza, este gasto representa una carga insoportable. \u00bfHasta qu\u00e9 punto puede hablarse de \u201clibertad\u201d cuando las decisiones del gobierno fuerzan a los sectores populares a elegir entre hidratarse o alimentarse?<\/p>\n\n\n\n<h3 class=\"wp-block-heading\"><strong>Una infraestructura cloacal del siglo XIX en pleno 2025<\/strong><\/h3>\n\n\n\n<p>La degradaci\u00f3n sanitaria no se limita al acceso al agua potable. El informe tambi\u00e9n revela una realidad aberrante: buena parte del barrio ni siquiera est\u00e1 conectada a una red cloacal formal. En su lugar, las viviendas recurren a pozos ciegos, c\u00e1maras s\u00e9pticas informales y alcantarillas improvisadas por la propia comunidad. El 42% de los hogares debe arrastrar sus efluentes sanitarios en baldes. No es un guion de Dickens ni una escena del siglo XIX: es la postal de la Argentina libertaria de 2025.<\/p>\n\n\n\n<p>El uso de baldes, se\u00f1ala el informe, \u201cno permite una evacuaci\u00f3n eficiente ni segura, favorece la acumulaci\u00f3n de residuos cloacales, la obstrucci\u00f3n de las ca\u00f1er\u00edas precarias existentes y la exposici\u00f3n directa a materia fecal\u201d. Se trata de condiciones indignas, que violan todos los est\u00e1ndares de salud p\u00fablica y derechos humanos. Pero para un gobierno que desprecia la noci\u00f3n misma de derechos sociales, esta situaci\u00f3n no representa un problema. Al contrario: es funcional a su proyecto de disciplinamiento de los pobres.<\/p>\n\n\n\n<h3 class=\"wp-block-heading\"><strong>Cuando el Estado se retira, la desigualdad avanza<\/strong><\/h3>\n\n\n\n<p>Lo que ocurre en la Villa 21-24 no es un hecho aislado ni una mera consecuencia de la inercia burocr\u00e1tica. Es una expresi\u00f3n concreta del modelo de pa\u00eds que promueve el gobierno de Javier Milei: un Estado ausente en los territorios donde m\u00e1s se lo necesita y presente solo para castigar, ajustar y excluir. La \u201clibertad\u201d que pregona no tiene nada que ver con la ampliaci\u00f3n de derechos, sino con la profundizaci\u00f3n de privilegios. En ese modelo, las villas quedan condenadas a la intemperie sanitaria y a la intemperie pol\u00edtica.<\/p>\n\n\n\n<p>La par\u00e1lisis de las obras en Villa 21-24 es un espejo del desprecio estructural hacia los sectores populares. Es el resultado de un programa econ\u00f3mico que ve en la infraestructura social un gasto y no una inversi\u00f3n. Es tambi\u00e9n una muestra brutal del clasismo gubernamental que convierte la exclusi\u00f3n en pol\u00edtica p\u00fablica, naturaliza la desigualdad como si fuera un fen\u00f3meno meteorol\u00f3gico y criminaliza la pobreza mientras le niega lo m\u00e1s b\u00e1sico: el acceso al agua limpia y al saneamiento.<\/p>\n\n\n\n<h3 class=\"wp-block-heading\"><strong>La emergencia es pol\u00edtica, no t\u00e9cnica<\/strong><\/h3>\n\n\n\n<p>El informe de ACIJ, la Fundaci\u00f3n Temas de la 21-24 y La Poderosa es mucho m\u00e1s que un documento t\u00e9cnico: es una denuncia cruda, urgente y necesaria contra un modelo de gesti\u00f3n que desmantela derechos y reproduce la pobreza estructural. Lo que est\u00e1 en juego en Villa 21-24 no es simplemente una cuesti\u00f3n de infraestructura, sino una elecci\u00f3n de pa\u00eds: o se invierte en dignidad o se condena a millones al abandono.<\/p>\n\n\n\n<p>Javier Milei podr\u00e1 seguir recitando cifras macroecon\u00f3micas, pero mientras el 88% de las familias en Villa 21-24 no tenga agua segura, su relato de eficiencia ser\u00e1 apenas eso: un delirio higi\u00e9nico desde la comodidad del poder. La verdadera libertad se empieza a construir cuando el agua deja de ser una mercanc\u00eda y vuelve a ser un derecho. Mientras tanto, en las villas, la sed tambi\u00e9n es pol\u00edtica.<\/p>\n\n\n\n<p>Fuente:<\/p>\n\n\n\n<ul class=\"wp-block-list\">\n<li><a href=\"https:\/\/www.pagina12.com.ar\/823049-villa-21-24-casi-el-90-por-ciento-de-los-hogares-no-acceden-\">https:\/\/www.pagina12.com.ar\/823049-villa-21-24-casi-el-90-por-ciento-de-los-hogares-no-acceden-<\/a><\/li>\n<\/ul>\n","protected":false},"excerpt":{"rendered":"<p>En uno de los barrios m\u00e1s postergados de la Ciudad de Buenos Aires, el 88% de los hogares no accede a agua segura. Un informe denuncia la paralizaci\u00f3n de obras y la indiferencia estatal ante una emergencia sanitaria invisibilizada. (Por Sof\u00eda Arregui) Mientras el presidente Javier Milei promete un pa\u00eds \u00abliberado de la casta\u00bb, lo&#8230;<\/p>\n","protected":false},"author":12,"featured_media":3888,"comment_status":"open","ping_status":"open","sticky":false,"template":"","format":"standard","meta":{"_monsterinsights_skip_tracking":false,"_monsterinsights_sitenote_active":false,"_monsterinsights_sitenote_note":"","_monsterinsights_sitenote_category":0,"footnotes":"","jetpack_publicize_message":"","jetpack_publicize_feature_enabled":true,"jetpack_social_post_already_shared":true,"jetpack_social_options":{"image_generator_settings":{"template":"highway","default_image_id":0,"font":"","enabled":false},"version":2}},"categories":[4],"tags":[],"class_list":["post-3885","post","type-post","status-publish","format-standard","has-post-thumbnail","hentry","category-sociedad"],"jetpack_publicize_connections":[],"_links":{"self":[{"href":"https:\/\/www.enorsai.com\/noticias\/wp-json\/wp\/v2\/posts\/3885","targetHints":{"allow":["GET"]}}],"collection":[{"href":"https:\/\/www.enorsai.com\/noticias\/wp-json\/wp\/v2\/posts"}],"about":[{"href":"https:\/\/www.enorsai.com\/noticias\/wp-json\/wp\/v2\/types\/post"}],"author":[{"embeddable":true,"href":"https:\/\/www.enorsai.com\/noticias\/wp-json\/wp\/v2\/users\/12"}],"replies":[{"embeddable":true,"href":"https:\/\/www.enorsai.com\/noticias\/wp-json\/wp\/v2\/comments?post=3885"}],"version-history":[{"count":1,"href":"https:\/\/www.enorsai.com\/noticias\/wp-json\/wp\/v2\/posts\/3885\/revisions"}],"predecessor-version":[{"id":3889,"href":"https:\/\/www.enorsai.com\/noticias\/wp-json\/wp\/v2\/posts\/3885\/revisions\/3889"}],"wp:featuredmedia":[{"embeddable":true,"href":"https:\/\/www.enorsai.com\/noticias\/wp-json\/wp\/v2\/media\/3888"}],"wp:attachment":[{"href":"https:\/\/www.enorsai.com\/noticias\/wp-json\/wp\/v2\/media?parent=3885"}],"wp:term":[{"taxonomy":"category","embeddable":true,"href":"https:\/\/www.enorsai.com\/noticias\/wp-json\/wp\/v2\/categories?post=3885"},{"taxonomy":"post_tag","embeddable":true,"href":"https:\/\/www.enorsai.com\/noticias\/wp-json\/wp\/v2\/tags?post=3885"}],"curies":[{"name":"wp","href":"https:\/\/api.w.org\/{rel}","templated":true}]}}