{"id":3873,"date":"2025-05-04T13:09:49","date_gmt":"2025-05-04T16:09:49","guid":{"rendered":"https:\/\/www.enorsai.com\/noticias\/?p=3873"},"modified":"2025-05-04T13:10:07","modified_gmt":"2025-05-04T16:10:07","slug":"el-arte-de-usar-al-papa-para-hacer-antiperonismo-por-hugo-muleiro","status":"publish","type":"post","link":"https:\/\/www.enorsai.com\/noticias\/opinion\/el-arte-de-usar-al-papa-para-hacer-antiperonismo-por-hugo-muleiro\/","title":{"rendered":"El arte de usar al Papa para hacer antiperonismo. Por Hugo Muleiro"},"content":{"rendered":"\n<p><strong><em>El respaldo al Gobierno de Clar\u00edn, La Naci\u00f3n e Infobae en las noticias econ\u00f3micas y ante protestas y reclamos, que se mantiene inalterable pese a los fuegos de artificio sobre un supuesto enfrentamiento entre Milei y el \u201cperiodismo\u201d, tuvo en abril el agregado del aprovechamiento de la muerte del papa Francisco para insistir en el peronismo como \u201checho maldito\u201d y siempre, siempre, lo peor para el pa\u00eds. <\/em><\/strong><\/p>\n\n\n\n<p>(Por Hugo Muleiro) El mismo d\u00eda del deceso, el 21 de abril, La Naci\u00f3n mand\u00f3 a escribir a uno de sus redactores que Francisco \u201cno era peronista\u201d, que lo hab\u00eda negado. Fue el punto de partida de una saga de la que particip\u00f3 tambi\u00e9n Clar\u00edn y que en tres d\u00edas incluy\u00f3 al menos seis notas que recordaron que cuando fue elegido, en 2013, la entonces presidenta Cristina Kirchner habl\u00f3 de la designaci\u00f3n de un \u201cpapa latinoamericano\u201d.<\/p>\n\n\n\n<p>Cristina \u201clo odiaba\u201d, levant\u00f3 la mira Morales Sol\u00e1. Posando de ecu\u00e1nime, agreg\u00f3 que del otro lado fueron falsas las acusaciones a Francisco de haber sido protector de la \u201ccorrupci\u00f3n K\u201d, aunque \u201cse equivoc\u00f3\u201d con muchas audiencias concedidas a peronistas.<\/p>\n\n\n\n<p>Uno de los Wi\u00f1azki encontr\u00f3 en Clar\u00edn una mala actuaci\u00f3n de Cristina al regalarle un mate. Con su extremismo habitual, Roa acus\u00f3 a Francisco: \u201cse peg\u00f3 a uno de los bandos: el bando del kirchnerismo\u201d. En el mismo diario, Rub\u00edn describi\u00f3 que todos los presidentes tuvieron problemas con \u00e9l, que varios le pidieron disculpas y eso le sent\u00f3 bien, incluido Milei, pero CristinaCristinaCristina lo visit\u00f3 rodeada de peronistas y \u201ccomenz\u00f3 as\u00ed un proceso de deterioro\u201d. Milei le pidi\u00f3 perd\u00f3n, repiti\u00f3 Sirv\u00e9n en La Naci\u00f3n, pero \u201cno se sabe\u201d si Cristina lo hizo.<\/p>\n\n\n\n<p>Los tres medios se esforzaron en minimizar el papel\u00f3n de Milei de no llegar a la ceremonia en la Bas\u00edlica de San Pedro, donde hab\u00eda muchos mandatarios. Clar\u00edn quiso en especial tender un manto de olvido en la tapa del 27 de abril, con una foto del f\u00e9retro ya cerrado y la leyenda: \u201cMilei estuvo en la primera fila del funeral\u201d.<\/p>\n\n\n\n<p>Los enunciados abiertamente oficialistas en las portadas de ambos diarios y sus versiones digitales, junto a Infoabe, fueron enf\u00e1ticos y en ciertos casos alevosos en cuanto a la econom\u00eda, antes, durante y despu\u00e9s de las andanadas con las que el ocupante de la Rosada act\u00faa disgusto con los medios que tanto trabajaron para ungirlo. Acaso pueda dudar de que lo sostienen a \u00e9l, pero es evidente que defienden y reivindican a rajatabla el modelo econ\u00f3mico.<\/p>\n\n\n\n<p>Junto a la fanfarria por el apoyo del FMI, sin ninguna visi\u00f3n cr\u00edtica en espacios m\u00e1s o menos visibles, hubo esfuerzo coordinado por negar la devaluaci\u00f3n, ocultada detr\u00e1s de la consigna gubernamental \u201cfin del cepo\u201d, si bien 48 horas despu\u00e9s del anuncio se anim\u00f3 a mencionarla en Clar\u00edn el jefe de redacci\u00f3n, Kirschbaum. Hubo muchos otros t\u00edtulos de acompa\u00f1amiento, como \u201cAlimentos importados ya son m\u00e1s baratos que los nacionales\u201d (Clar\u00edn, 2\/4). Y una genialidad para ocultar el aumento del costo de vida, en el mismo diario: \u201cSe fren\u00f3 la baja de la inflaci\u00f3n en la Ciudad: 3,2 % en marzo\u201d.<\/p>\n\n\n\n<p>M\u00e1s apoyos empresarios; los exportadores esperan mejor precio para los granos; en Wall Street hubo sorpresa y elogios; economistas apoyan el nuevo r\u00e9gimen cambiario: La Naci\u00f3n necesit\u00f3 dos p\u00e1ginas el 13 de abril para tantas buenas noticias en la nueva etapa de la timba financiera y cambiaria. Por eso le quedaron s\u00f3lo seis p\u00e1rrafos disponibles para cr\u00edticas de la oposici\u00f3n \u201cm\u00e1s dura\u201d y \u201cadvertencias de los aliados\u201d.<\/p>\n\n\n\n<p>El combate medi\u00e1tico contra el paro de la CGT comenz\u00f3 dos d\u00edas antes: \u201cLa CGT est\u00e1 dividida por el paro y se acelera el debate por el cambio de autoridades\u201d, atac\u00f3 La Naci\u00f3n el 8\/4. El segundo t\u00edtulo del 9 a la ma\u00f1ana en el diario fue: \u201c36 horas de caos. Movilizaci\u00f3n en el Congreso y servicios afectados por el paro de la CGT\u201d. El de Clar\u00edn en tapa, el d\u00eda de la protesta: \u201cTercer paro de la CGT a Milei en 16 meses de gesti\u00f3n\u201d.<\/p>\n\n\n\n<p>Con el paro en curso, La Naci\u00f3n puso a la ma\u00f1ana en l\u00ednea: \u201c\u2019Estamos cansados\u2019. Largas filas en paradas de colectivos y accesos cargados para entrar a la ciudad por el paro de la CGT\u201d. En sinton\u00eda, Infobae: \u201cColectivos repletos y quejas de los trabajadores contra los jefes gremiales en las primeras horas del paro de la CGT\u201d. Por supuesto, las transmisiones televisivas de estas empresas y otras aliadas estuvieron implacablemente a tono con sus m\u00f3viles.<\/p>\n\n\n\n<p>Los t\u00edtulos post paro estaban ya cantados: \u201cOtro paro general de la CGT contra Milei que no cambia nada\u201d (Clar\u00edn) y \u201cComercios abiertos y colas para ir a trabajar: el paro de la CGT tuvo efecto limitado\u201d (La Naci\u00f3n).<\/p>\n\n\n\n<p>Esta bondad es lo que Milei no ve, seg\u00fan la amarga queja de La Naci\u00f3n el 19. Titul\u00f3: \u201cOtro ataque de Milei a una periodista de La Naci\u00f3n\u201d. Se trata de Florencia Donovan, quien \u2013explic\u00f3 el art\u00edculo- describi\u00f3 \u201cel saldo positivo de la gesti\u00f3n libertaria en el \u00e1rea econ\u00f3mica en contraste con la dura realidad discursiva de Milei\u201d.<\/p>\n\n\n\n<p>Los ataques desaforados, incluyendo la reiterada gestualidad mafiosa del asesor estrella, siguieron tanto como el esfuerzo editorial por sostener el modelo: Clar\u00edn present\u00f3 como haza\u00f1a y en lugar muy destacado la baja de 4 % que anunci\u00f3 YPF, pero releg\u00f3 a espacios invisibles las subas de la electricidad, el gas, la medicina y las escuelas privadas. Y de los alimentos, claro, gracias a la devaluaci\u00f3n. Ya el 2 de mayo, La Naci\u00f3n busc\u00f3 ocultar los aumentos con nombre gracioso: \u201cactualizaci\u00f3n\u201d.<\/p>\n\n\n\n<p>Un piquete medi\u00e1tico brilla en el per\u00edodo: Morales Sol\u00e1 avis\u00f3 el 19 que ser\u00e1 \u201cdevastador\u201d para la Corte Suprema que la condena por la \u201ccausa Vialidad\u201d sea ratificada despu\u00e9s de que Cristina Kirchner pueda ser candidata a legisladora, de manera que los supremos deben fallar antes. Les explic\u00f3: ya conocen la causa, ya resolvieron contra ella en varios recursos, s\u00f3lo tienen que examinar el tramo final. No sorprende: este \u201cperiodista independiente\u201d, que se indigna por la brutalidad de Milei, se olvida de la propia, evidente en este caso y en el pasado, como cuando pronostic\u00f3 que a Cristina la espera la guillotina.<\/p>\n\n\n\n<p><strong>PARA QUIENES GUSTAN DE LOS N\u00daMEROS. ABRIL.<\/strong><\/p>\n\n\n\n<p>T\u00cdTULOS A FAVOR DEL OFICIALISMO: 40,6 % (MAR 37,5 %)<br>T\u00cdTULOS DESVAVORABLES AL OFICIALISMO: 23,8 % (MAR 27,3 %)<br>T\u00cdTULOS EQUIDISTANTES\/NEUTRALES: 35,5 % (MAR 35,0 %)<\/p>\n\n\n\n<p>T\u00cdTULOS FAVORABLES A LA OPOSICI\u00d3N; 14,5 % (MAR 23,8 %)<br>T\u00cdTULOS DESFAVORABLES A LA OPOSICI\u00d3N: 70,9 % (MAR 52,2 %)<br>T\u00cdTULOS EQUIDISTANTES\/NEUTRALES: 14,5 % (MAR 23,8 %)<\/p>\n\n\n\n<p>TOTAL DE T\u00cdTULOS DE ACTUALIDAD POL\u00cdTICA Y ECON\u00d3MICA: 545<\/p>\n\n\n\n<p>-FAVORABLES AL OFICIALISMO M\u00c1S<br>DESFAVORABLES A LA OPOSICI\u00d3N: 47,1 % (MAR 42,5 %)<br>-DESFAVORABLES AL OFICIALISMO<br>M\u00c1S FAVORABLES A LA OPOSICI\u00d3N: 21,8 % (MAR 27,8 %)<br>-EQUIDISTANTES PARA UNOS Y OTROS: 31,0 % (MAR 29,6 %)<\/p>\n\n\n\n<p>(Rese\u00f1a de Hugo Muleiro)<\/p>\n","protected":false},"excerpt":{"rendered":"<p>El respaldo al Gobierno de Clar\u00edn, La Naci\u00f3n e Infobae en las noticias econ\u00f3micas y ante protestas y reclamos, que se mantiene inalterable pese a los fuegos de artificio sobre un supuesto enfrentamiento entre Milei y el \u201cperiodismo\u201d, tuvo en abril el agregado del aprovechamiento de la muerte del papa Francisco para insistir en el&#8230;<\/p>\n","protected":false},"author":10,"featured_media":3875,"comment_status":"open","ping_status":"open","sticky":false,"template":"","format":"standard","meta":{"_monsterinsights_skip_tracking":false,"_monsterinsights_sitenote_active":false,"_monsterinsights_sitenote_note":"","_monsterinsights_sitenote_category":0,"footnotes":"","jetpack_publicize_message":"","jetpack_publicize_feature_enabled":true,"jetpack_social_post_already_shared":true,"jetpack_social_options":{"image_generator_settings":{"template":"highway","default_image_id":0,"font":"","enabled":false},"version":2}},"categories":[17],"tags":[],"class_list":["post-3873","post","type-post","status-publish","format-standard","has-post-thumbnail","hentry","category-opinion"],"jetpack_publicize_connections":[],"_links":{"self":[{"href":"https:\/\/www.enorsai.com\/noticias\/wp-json\/wp\/v2\/posts\/3873","targetHints":{"allow":["GET"]}}],"collection":[{"href":"https:\/\/www.enorsai.com\/noticias\/wp-json\/wp\/v2\/posts"}],"about":[{"href":"https:\/\/www.enorsai.com\/noticias\/wp-json\/wp\/v2\/types\/post"}],"author":[{"embeddable":true,"href":"https:\/\/www.enorsai.com\/noticias\/wp-json\/wp\/v2\/users\/10"}],"replies":[{"embeddable":true,"href":"https:\/\/www.enorsai.com\/noticias\/wp-json\/wp\/v2\/comments?post=3873"}],"version-history":[{"count":1,"href":"https:\/\/www.enorsai.com\/noticias\/wp-json\/wp\/v2\/posts\/3873\/revisions"}],"predecessor-version":[{"id":3874,"href":"https:\/\/www.enorsai.com\/noticias\/wp-json\/wp\/v2\/posts\/3873\/revisions\/3874"}],"wp:featuredmedia":[{"embeddable":true,"href":"https:\/\/www.enorsai.com\/noticias\/wp-json\/wp\/v2\/media\/3875"}],"wp:attachment":[{"href":"https:\/\/www.enorsai.com\/noticias\/wp-json\/wp\/v2\/media?parent=3873"}],"wp:term":[{"taxonomy":"category","embeddable":true,"href":"https:\/\/www.enorsai.com\/noticias\/wp-json\/wp\/v2\/categories?post=3873"},{"taxonomy":"post_tag","embeddable":true,"href":"https:\/\/www.enorsai.com\/noticias\/wp-json\/wp\/v2\/tags?post=3873"}],"curies":[{"name":"wp","href":"https:\/\/api.w.org\/{rel}","templated":true}]}}