{"id":3866,"date":"2025-05-04T08:17:51","date_gmt":"2025-05-04T11:17:51","guid":{"rendered":"http:\/\/www.enorsai.com\/noticias\/?p=3866"},"modified":"2025-05-04T08:17:51","modified_gmt":"2025-05-04T11:17:51","slug":"milei-y-pettovello-celebraron-el-1-de-mayo-despidiendo-113-trabajadores-del-ministerio-de-capital-inhumano","status":"publish","type":"post","link":"https:\/\/www.enorsai.com\/noticias\/sociedad\/milei-y-pettovello-celebraron-el-1-de-mayo-despidiendo-113-trabajadores-del-ministerio-de-capital-inhumano\/","title":{"rendered":"Milei y Pettovello celebraron el 1\u00b0 de Mayo despidiendo 113 trabajadores del Ministerio de Capital inhumano"},"content":{"rendered":"\n<p>En una muestra brutal de cinismo pol\u00edtico y desprecio por el trabajo humano, el gobierno de Javier Milei eligi\u00f3 el 1\u00b0 de mayo para despedir a m\u00e1s de un centenar de empleados del ex Ministerio de Desarrollo Social. El ajuste no se detiene: ya son casi 45 mil las y los estatales expulsados del Estado.<\/p>\n\n\n\n<p>Mientras se llenan la boca hablando de libertad, desregulaci\u00f3n y eficiencia, el gobierno libertario arrasa con pol\u00edticas sociales hist\u00f3ricas y echa a trabajadores calificados y comprometidos. Los despidos del D\u00eda del Trabajador en Capital Humano son m\u00e1s que un ajuste: son un s\u00edmbolo de destrucci\u00f3n sistem\u00e1tica del entramado social y estatal.<\/p>\n\n\n\n<p>Que el gobierno de Javier Milei no cree en el Estado ni en los derechos laborales ya no es noticia. Pero que haya decidido ejecutar un nuevo recorte brutal el 30 de abril, v\u00edsperas del D\u00eda del Trabajador, desnuda un nivel de desprecio por la clase trabajadora que no conoce l\u00edmites. Esta vez, la motosierra libertaria arras\u00f3 con 113 trabajadores y trabajadoras del Ministerio de Capital Humano \u2014la criatura ideol\u00f3gica de Sandra Pettovello\u2014 sin indemnizaci\u00f3n, sin preaviso y, sobre todo, sin humanidad.<\/p>\n\n\n\n<p>Cada uno de ellos fue notificado por correo electr\u00f3nico. Un fr\u00edo mensaje de \u201cRH Notifica\u201d les comunicaba que el v\u00ednculo laboral hab\u00eda finalizado. La mayor\u00eda de estas personas integraba la Secretar\u00eda de Ni\u00f1ez, Adolescencia y Familia, la misma que hasta hace poco era parte del desaparecido Ministerio de Desarrollo Social. Muchos ten\u00edan a\u00f1os de experiencia, hab\u00edan aprobado ex\u00e1menes de idoneidad impuestos por la propia administraci\u00f3n de Milei y a\u00fan as\u00ed fueron descartados como piezas rotas de una maquinaria que, seg\u00fan la l\u00f3gica de este gobierno, ya no necesita lubricarse: debe simplemente demolerse.<\/p>\n\n\n\n<p>Paula Blaser Manzo, una de las despedidas, trabaj\u00f3 durante 15 a\u00f1os. El D\u00eda del Trabajador public\u00f3 un conmovedor posteo en redes sociales titulado: \u201c1\u00b0 de Mayo, D\u00eda de los Trabajadores. DESPEDIDA\u201d. No tiene derecho a indemnizaci\u00f3n. Solo le permitieron retirar sus pertenencias. No hay carta de agradecimiento, ni reconocimiento de funciones, ni una m\u00edsera explicaci\u00f3n. \u201cFormo parte de la larga lista de destrucci\u00f3n masiva de lo que era el Ministerio de Desarrollo Social\u201d, escribi\u00f3.<\/p>\n\n\n\n<p>El mensaje es claro y brutal: nadie est\u00e1 a salvo, ni siquiera quienes demostraron competencia, compromiso y vocaci\u00f3n de servicio. La motosierra no discrimina. Se alimenta de la carne viva del Estado, sobre todo de aquellas \u00e1reas que ten\u00edan por objetivo sostener los sectores m\u00e1s vulnerables de la sociedad.<\/p>\n\n\n\n<p>La paradoja es grotesca. Seg\u00fan confirm\u00f3 la Asociaci\u00f3n de Trabajadores del Estado (ATE), entre los despedidos hab\u00eda empleados de programas como Banco de Herramientas, Manos a la Obra, Argentina Recicla y Econom\u00eda Circular. Es decir, programas que ten\u00edan por objeto precisamente asistir a trabajadores de la econom\u00eda popular, autogestivos, y emprendimientos productivos comunitarios. El Estado acompa\u00f1ando a quienes el mercado desecha. Una l\u00f3gica inaceptable para el dogma libertario.<\/p>\n\n\n\n<p>\u201cParad\u00f3jicamente, en el D\u00eda de las y los Trabajadores, despidieron a trabajadores de los programas socio-productivos que acompa\u00f1aban a trabajadores de la econom\u00eda social, autogestivos\u201d, denunci\u00f3 Ingrid Manfred, secretaria general de ATE del Ministerio. En lugar de reforzar esos dispositivos, este gobierno los paraliz\u00f3 y luego directamente los derog\u00f3.<\/p>\n\n\n\n<p>Los despidos se concentran en \u00e1reas sensibles, como el Registro de Efectores, Talleres Formativos, Comercializaci\u00f3n y Mercados de Cercan\u00eda. Se trata de eslabones clave de una pol\u00edtica social federal que ven\u00eda tejiendo redes de producci\u00f3n, distribuci\u00f3n y contenci\u00f3n en barrios populares. Al destruir estos programas, el gobierno no solo deja sin trabajo a empleados estatales, sino que rompe los v\u00ednculos comunitarios que el Estado hab\u00eda ayudado a construir.<\/p>\n\n\n\n<p>\u00bfY qui\u00e9nes eran estas personas despedidas? No se trataba de \u201c\u00f1oquis\u201d ni de militantes rentados, como intenta instalar el discurso oficial. Eran trabajadores bajo contrato del llamado \u201cArt\u00edculo 9\u201d, que permite una relaci\u00f3n laboral transitoria con casi los mismos derechos que un empleado de planta permanente, pero sin indemnizaci\u00f3n garantizada. Muchos de ellos rindieron y aprobaron el examen de idoneidad exigido por Federico Sturzenegger, el actual ministro de Desregulaci\u00f3n, otro arquitecto del desguace.<\/p>\n\n\n\n<p>El gobierno, por su parte, no neg\u00f3 los despidos. Los confirm\u00f3 sin remordimientos. Seg\u00fan fuentes del propio Ministerio de Capital Humano, los contratos \u201cno se renovaron\u201d porque proven\u00edan de \u00e1reas cerradas. De los 226 empleados que ten\u00eda la Secretar\u00eda de Ni\u00f1ez, la mitad fue derivada a la Secretar\u00eda de Trabajo (tambi\u00e9n bajo la \u00f3rbita de Pettovello) y la otra mitad fue descartada.<\/p>\n\n\n\n<p>El problema es estructural y creciente. Desde que comenz\u00f3 el gobierno de Milei, ya son casi 3.000 los despidos en el ex Ministerio de Desarrollo. En todo el Estado nacional, la cifra supera los 45.000 trabajadores echados. Pero eso no es todo. Sturzenegger ya anunci\u00f3 una \u201cs\u00faper reestructuraci\u00f3n\u201d para los pr\u00f3ximos meses. La motosierra apenas afila sus dientes.<\/p>\n\n\n\n<p>Lo m\u00e1s siniestro del caso es el uso estrat\u00e9gico de la incertidumbre como herramienta de disciplinamiento. Unas 130 personas de planta permanente tambi\u00e9n recibieron correos, aunque en este caso para informarles que ser\u00edan trasladadas al \u00e1rea de Trabajo. Pero nadie sabe qu\u00e9 funciones cumplir\u00e1n, ni si su traslado es definitivo o apenas una antesala del despido. \u201cNo sabemos qu\u00e9 tenemos que hacer el lunes\u201d, dijo Augusta, una de las trabajadoras desplazadas. D\u00edas antes, les hab\u00edan prometido estabilidad. Otra mentira m\u00e1s.<\/p>\n\n\n\n<p>Este tipo de maniobras, adem\u00e1s de violar derechos laborales b\u00e1sicos, desmantela la memoria institucional y pone en jaque la eficacia del propio Estado. La destrucci\u00f3n no solo es injusta: es in\u00fatil. Nada mejora. Solo se destruye. Y detr\u00e1s de cada puesto perdido hay una pol\u00edtica social menos, una comunidad m\u00e1s vulnerable, un derecho menos garantizado.<\/p>\n\n\n\n<p>El caso de los despidos en el D\u00eda del Trabajador no es una an\u00e9cdota cruel, es una declaraci\u00f3n ideol\u00f3gica. Para Milei y sus funcionarios, el trabajo estatal no es digno ni \u00fatil. Es una carga a erradicar. As\u00ed se gobierna: desde el odio, la venganza y la ignorancia. Mientras tanto, los verdaderos beneficiarios de este ajuste no son los ciudadanos comunes, sino los grandes empresarios, los fondos de inversi\u00f3n y los especuladores financieros que aplauden cada recorte como si fuera una victoria propia.<\/p>\n\n\n\n<p>No se trata de modernizar el Estado, sino de destruirlo. No se trata de eficiencia, sino de crueldad. Y no se trata de libertad, sino de dejar a los sectores m\u00e1s vulnerables a merced del mercado, la intemperie y el olvido.<\/p>\n\n\n\n<p>Javier Milei y Sandra Pettovello no celebraron el D\u00eda del Trabajador. Lo utilizaron como una l\u00e1pida para enterrar derechos, sue\u00f1os y proyectos colectivos. Y lo hicieron con orgullo, sin mirar atr\u00e1s. Porque para este gobierno, el Estado no debe proteger: debe desaparecer.<\/p>\n\n\n\n<p><strong>Fuente:<\/strong><\/p>\n\n\n\n<ul class=\"wp-block-list\">\n<li><a href=\"https:\/\/www.infogremiales.com.ar\/motosierra-el-1-de-mayo-pettovello-despidio-a-113-empleados-de-capital-humano-el-dia-del-trabajador\/\">https:\/\/www.infogremiales.com.ar\/motosierra-el-1-de-mayo-pettovello-despidio-a-113-empleados-de-capital-humano-el-dia-del-trabajador\/<\/a><\/li>\n<\/ul>\n","protected":false},"excerpt":{"rendered":"<p>En una muestra brutal de cinismo pol\u00edtico y desprecio por el trabajo humano, el gobierno de Javier Milei eligi\u00f3 el 1\u00b0 de mayo para despedir a m\u00e1s de un centenar de empleados del ex Ministerio de Desarrollo Social. El ajuste no se detiene: ya son casi 45 mil las y los estatales expulsados del Estado&#8230;.<\/p>\n","protected":false},"author":11,"featured_media":3867,"comment_status":"open","ping_status":"open","sticky":false,"template":"","format":"standard","meta":{"_monsterinsights_skip_tracking":false,"_monsterinsights_sitenote_active":false,"_monsterinsights_sitenote_note":"","_monsterinsights_sitenote_category":0,"footnotes":"","jetpack_publicize_message":"","jetpack_publicize_feature_enabled":true,"jetpack_social_post_already_shared":true,"jetpack_social_options":{"image_generator_settings":{"template":"highway","default_image_id":0,"font":"","enabled":false},"version":2}},"categories":[4],"tags":[193,45,864,1306],"class_list":["post-3866","post","type-post","status-publish","format-standard","has-post-thumbnail","hentry","category-sociedad","tag-despidos","tag-milei","tag-petovello","tag-trabajo"],"jetpack_publicize_connections":[],"_links":{"self":[{"href":"https:\/\/www.enorsai.com\/noticias\/wp-json\/wp\/v2\/posts\/3866","targetHints":{"allow":["GET"]}}],"collection":[{"href":"https:\/\/www.enorsai.com\/noticias\/wp-json\/wp\/v2\/posts"}],"about":[{"href":"https:\/\/www.enorsai.com\/noticias\/wp-json\/wp\/v2\/types\/post"}],"author":[{"embeddable":true,"href":"https:\/\/www.enorsai.com\/noticias\/wp-json\/wp\/v2\/users\/11"}],"replies":[{"embeddable":true,"href":"https:\/\/www.enorsai.com\/noticias\/wp-json\/wp\/v2\/comments?post=3866"}],"version-history":[{"count":1,"href":"https:\/\/www.enorsai.com\/noticias\/wp-json\/wp\/v2\/posts\/3866\/revisions"}],"predecessor-version":[{"id":3868,"href":"https:\/\/www.enorsai.com\/noticias\/wp-json\/wp\/v2\/posts\/3866\/revisions\/3868"}],"wp:featuredmedia":[{"embeddable":true,"href":"https:\/\/www.enorsai.com\/noticias\/wp-json\/wp\/v2\/media\/3867"}],"wp:attachment":[{"href":"https:\/\/www.enorsai.com\/noticias\/wp-json\/wp\/v2\/media?parent=3866"}],"wp:term":[{"taxonomy":"category","embeddable":true,"href":"https:\/\/www.enorsai.com\/noticias\/wp-json\/wp\/v2\/categories?post=3866"},{"taxonomy":"post_tag","embeddable":true,"href":"https:\/\/www.enorsai.com\/noticias\/wp-json\/wp\/v2\/tags?post=3866"}],"curies":[{"name":"wp","href":"https:\/\/api.w.org\/{rel}","templated":true}]}}