{"id":3859,"date":"2025-05-03T21:27:45","date_gmt":"2025-05-04T00:27:45","guid":{"rendered":"http:\/\/www.enorsai.com\/noticias\/?p=3859"},"modified":"2025-05-03T21:27:45","modified_gmt":"2025-05-04T00:27:45","slug":"bronca-de-los-gobernadores-aliados-contra-milei-por-la-eliminacion-de-impuestos-coparticipables-para-financiar-su-relato","status":"publish","type":"post","link":"https:\/\/www.enorsai.com\/noticias\/politica\/bronca-de-los-gobernadores-aliados-contra-milei-por-la-eliminacion-de-impuestos-coparticipables-para-financiar-su-relato\/","title":{"rendered":"Bronca de los gobernadores aliados contra Milei por la eliminaci\u00f3n de impuestos coparticipables para financiar su relato"},"content":{"rendered":"\n<p><strong><em>La reciente modificaci\u00f3n del esquema de anticipos del Impuesto a las Ganancias y la eliminaci\u00f3n de la retenci\u00f3n del IVA en las importaciones generaron un duro impacto en los recursos coparticipables. Gobernadores de todo el pa\u00eds, incluidos radicales cercanos a la Casa Rosada, denuncian que Javier Milei y Luis Caputo est\u00e1n vaciando a las provincias para sostener su show ideol\u00f3gico de baja de impuestos, mientras mantienen intactos tributos no coparticipables como el impuesto al cheque, los combustibles o las retenciones.<\/em><\/strong><\/p>\n\n\n\n<p>Cuando Javier Milei proclama, micr\u00f3fono en mano, que est\u00e1 bajando impuestos como ning\u00fan otro gobierno en la historia, lo que no dice \u2014pero sienten en carne viva los gobernadores de todo el pa\u00eds\u2014 es que esos recortes no los paga la Naci\u00f3n, sino las provincias. La supuesta \u00ablibertad econ\u00f3mica\u00bb del gobierno libertario tiene un costo: la asfixia fiscal del federalismo. Y ese costo, como casi todo en su modelo, lo pagan otros.<\/p>\n\n\n\n<p>En las \u00faltimas semanas, ARCA, la agencia recaudadora nacional, implement\u00f3 dos medidas que golpearon directamente los ingresos coparticipables de las provincias. Por un lado, elimin\u00f3 el anticipo de junio del Impuesto a las Ganancias que sol\u00edan pagar las grandes empresas \u2014un 25% del total\u2014 y lo redistribuy\u00f3 en nueve cuotas iguales a lo largo del a\u00f1o. Este simple cambio contable implica un bache inmediato en la recaudaci\u00f3n de junio, mes clave en la planificaci\u00f3n de gastos provinciales, especialmente en contextos de inflaci\u00f3n e inestabilidad.<\/p>\n\n\n\n<p>Por el otro, se modific\u00f3 la mec\u00e1nica de retenci\u00f3n del IVA en las operaciones aduaneras, lo que en los hechos significa dejar de cobrar IVA sobre las importaciones. Este tributo, uno de los m\u00e1s importantes y de f\u00e1cil recaudaci\u00f3n, tambi\u00e9n es coparticipable. Es decir, que cada peso no retenido por Naci\u00f3n equivale a un peso menos para provincias y municipios.<\/p>\n\n\n\n<p>Las consecuencias no tardaron en llegar: bronca generalizada, incluso entre los gobernadores m\u00e1s cercanos a la Casa Rosada. \u00abQuedan bien con la nuestra\u00bb, se quej\u00f3 uno de ellos con bronca ante <em>La Pol\u00edtica Online<\/em>. La frase resume el malestar de los mandatarios provinciales que observan c\u00f3mo la Naci\u00f3n luce ante las c\u00e1maras su pol\u00edtica de baja de impuestos mientras ellos deben lidiar con una recaudaci\u00f3n menguante y compromisos crecientes.<\/p>\n\n\n\n<p>Pero el problema no es s\u00f3lo financiero: es profundamente pol\u00edtico. En su af\u00e1n de reducir la presencia del Estado, Milei est\u00e1 dinamitando los pilares fiscales del federalismo argentino. Y no lo hace con una reforma tributaria seria, debatida en el Congreso y con criterios equitativos. Lo hace por decreto, v\u00eda ARCA, en la m\u00e1s pura tradici\u00f3n del unitarismo fiscal que tanto dice combatir.<\/p>\n\n\n\n<p>Alfredo Cornejo, gobernador de Mendoza y radical aliado a Milei, fue uno de los pocos que se anim\u00f3 a ponerle nombre y apellido a la trampa. \u00abEs f\u00e1cil para el Gobierno nacional eliminar o bajar impuestos que son coparticipables\u00bb, denunci\u00f3 durante una conferencia en el Llao Llao. Con precisi\u00f3n quir\u00fargica, Cornejo explic\u00f3 que Naci\u00f3n concentra los tributos de recaudaci\u00f3n sencilla \u2014\u00bblos que se cazan en el zool\u00f3gico\u00bb, dijo\u2014 y que muchos de esos impuestos tienen asignaciones espec\u00edficas que no se coparticipan, como el destinado a subsidiar el transporte. \u201cQue lo eliminen o que lo coparticipen\u201d, reclam\u00f3, sin medias tintas.<\/p>\n\n\n\n<p>No es una queja aislada. Desde el Ministerio de Econom\u00eda bonaerense, Pablo L\u00f3pez advirti\u00f3 que en marzo la recaudaci\u00f3n nacional cay\u00f3 8,2% en t\u00e9rminos reales, impulsada fundamentalmente por la merma en IVA y Ganancias. Pero en el caso de los fondos coparticipables \u2014aquellos que se distribuyen entre todas las jurisdicciones\u2014 la ca\u00edda fue a\u00fan m\u00e1s grave: un 12% real. Es decir, mientras la Naci\u00f3n puede sostener sus gastos, las provincias ven c\u00f3mo se lic\u00faan sus recursos en un contexto de inflaci\u00f3n y ajuste brutal.<\/p>\n\n\n\n<p>Este nuevo cap\u00edtulo del saqueo fiscal no es un error de c\u00e1lculo: es parte de un modelo que Milei aplica con fanatismo ideol\u00f3gico. El gobierno libertario no busca una distribuci\u00f3n m\u00e1s justa ni una administraci\u00f3n m\u00e1s eficiente. Busca desfinanciar todo lo que no puede controlar. La motosierra no apunta al Estado nacional \u2014que sigue cobrando impuestos no coparticipables como el cheque, los combustibles o las retenciones agr\u00edcolas\u2014, sino al Estado federal, al que considera un obst\u00e1culo pol\u00edtico.<\/p>\n\n\n\n<p>El relato de la \u00ablibertad\u00bb se financia con plata ajena. Las provincias deben enfrentar el malestar social, pagar salarios, sostener hospitales y escuelas, mientras la Naci\u00f3n se reserva el derecho de decidir qu\u00e9 impuestos cobra y cu\u00e1les deja caer. Es una l\u00f3gica profundamente centralista que contradice los principios constitucionales del federalismo, pero que se presenta maquillada como \u00abliberalismo\u00bb.<\/p>\n\n\n\n<p>Los gobernadores lo saben. Algunos callan, por conveniencia o temor. Otros \u2014como Cornejo\u2014 empiezan a levantar la voz. Pero todos, sin excepci\u00f3n, est\u00e1n viendo c\u00f3mo sus presupuestos se evaporan mientras en Buenos Aires se celebran conferencias de prensa con anuncios grandilocuentes sobre la reducci\u00f3n de impuestos que nadie en el interior pidi\u00f3, y que nadie en el interior puede sostener.<\/p>\n\n\n\n<p>La situaci\u00f3n, adem\u00e1s, es insostenible en t\u00e9rminos pr\u00e1cticos. Con las transferencias discrecionales pr\u00e1cticamente eliminadas y los fondos coparticipables recortados, las provincias se ven forzadas a aumentar su endeudamiento, ajustar sus presupuestos o aumentar sus propios tributos, contradiciendo as\u00ed la promesa libertaria de alivio fiscal. O, peor a\u00fan, a depender de fondos de origen incierto, con condicionalidades pol\u00edticas o favores a cambio.<\/p>\n\n\n\n<p>Este vaciamiento del federalismo se inscribe en una l\u00f3gica m\u00e1s amplia de recentralizaci\u00f3n del poder, en la que Milei busca convertirse en el \u00fanico actor v\u00e1lido del escenario pol\u00edtico nacional. Pero la resistencia ya comenz\u00f3, incluso entre sus supuestos aliados. Porque no hay relato que aguante cuando faltan recursos para pagar sueldos, mantener hospitales abiertos o garantizar servicios b\u00e1sicos.<\/p>\n\n\n\n<p>La motosierra, lejos de \u201cterminar con la casta\u201d, est\u00e1 destruyendo los mecanismos de solidaridad fiscal sobre los que se construy\u00f3 el pa\u00eds. Y lo hace de manera unilateral, autoritaria y profundamente injusta. Las provincias no son una variable de ajuste: son la base misma del pacto democr\u00e1tico argentino. Dinamitarlas no es una reforma. Es una traici\u00f3n.<\/p>\n\n\n\n<p>Fuente:<\/p>\n\n\n\n<ul class=\"wp-block-list\">\n<li><a href=\"https:\/\/www.lapoliticaonline.com\/politica\/bronca-de-los-gobernadores-con-milei-porque-les-recorto-otro-impuesto-coparticipable\/\">https:\/\/www.lapoliticaonline.com\/politica\/bronca-de-los-gobernadores-con-milei-porque-les-recorto-otro-impuesto-coparticipable\/<\/a><\/li>\n<\/ul>\n\n\n\n<p><\/p>\n","protected":false},"excerpt":{"rendered":"<p>La reciente modificaci\u00f3n del esquema de anticipos del Impuesto a las Ganancias y la eliminaci\u00f3n de la retenci\u00f3n del IVA en las importaciones generaron un duro impacto en los recursos coparticipables. Gobernadores de todo el pa\u00eds, incluidos radicales cercanos a la Casa Rosada, denuncian que Javier Milei y Luis Caputo est\u00e1n vaciando a las provincias&#8230;<\/p>\n","protected":false},"author":12,"featured_media":3864,"comment_status":"open","ping_status":"open","sticky":false,"template":"","format":"standard","meta":{"_monsterinsights_skip_tracking":false,"_monsterinsights_sitenote_active":false,"_monsterinsights_sitenote_note":"","_monsterinsights_sitenote_category":0,"footnotes":"","jetpack_publicize_message":"","jetpack_publicize_feature_enabled":true,"jetpack_social_post_already_shared":true,"jetpack_social_options":{"image_generator_settings":{"template":"highway","default_image_id":0,"font":"","enabled":false},"version":2}},"categories":[2],"tags":[],"class_list":["post-3859","post","type-post","status-publish","format-standard","has-post-thumbnail","hentry","category-politica"],"jetpack_publicize_connections":[],"_links":{"self":[{"href":"https:\/\/www.enorsai.com\/noticias\/wp-json\/wp\/v2\/posts\/3859","targetHints":{"allow":["GET"]}}],"collection":[{"href":"https:\/\/www.enorsai.com\/noticias\/wp-json\/wp\/v2\/posts"}],"about":[{"href":"https:\/\/www.enorsai.com\/noticias\/wp-json\/wp\/v2\/types\/post"}],"author":[{"embeddable":true,"href":"https:\/\/www.enorsai.com\/noticias\/wp-json\/wp\/v2\/users\/12"}],"replies":[{"embeddable":true,"href":"https:\/\/www.enorsai.com\/noticias\/wp-json\/wp\/v2\/comments?post=3859"}],"version-history":[{"count":1,"href":"https:\/\/www.enorsai.com\/noticias\/wp-json\/wp\/v2\/posts\/3859\/revisions"}],"predecessor-version":[{"id":3861,"href":"https:\/\/www.enorsai.com\/noticias\/wp-json\/wp\/v2\/posts\/3859\/revisions\/3861"}],"wp:featuredmedia":[{"embeddable":true,"href":"https:\/\/www.enorsai.com\/noticias\/wp-json\/wp\/v2\/media\/3864"}],"wp:attachment":[{"href":"https:\/\/www.enorsai.com\/noticias\/wp-json\/wp\/v2\/media?parent=3859"}],"wp:term":[{"taxonomy":"category","embeddable":true,"href":"https:\/\/www.enorsai.com\/noticias\/wp-json\/wp\/v2\/categories?post=3859"},{"taxonomy":"post_tag","embeddable":true,"href":"https:\/\/www.enorsai.com\/noticias\/wp-json\/wp\/v2\/tags?post=3859"}],"curies":[{"name":"wp","href":"https:\/\/api.w.org\/{rel}","templated":true}]}}