{"id":385,"date":"2025-01-31T10:42:44","date_gmt":"2025-01-31T10:42:44","guid":{"rendered":"https:\/\/www.enorsai.com\/noticias\/?p=385"},"modified":"2025-01-31T10:56:42","modified_gmt":"2025-01-31T10:56:42","slug":"kicillof-anuncio-inversiones-millonarias-mientras-denuncia-el-impacto-negativo-del-modelo-libertario-con-la-caida-del-25-en-el-turismo-y-el-abandono-del-desarrollo-nacional","status":"publish","type":"post","link":"https:\/\/www.enorsai.com\/noticias\/politica\/kicillof-anuncio-inversiones-millonarias-mientras-denuncia-el-impacto-negativo-del-modelo-libertario-con-la-caida-del-25-en-el-turismo-y-el-abandono-del-desarrollo-nacional\/","title":{"rendered":"Crisis tur\u00edstica en Argentina: Kicillof responsabiliza a Milei"},"content":{"rendered":"\n<h2 class=\"wp-block-heading\"><em>Desde Pehu\u00e9n-C\u00f3, Axel Kicillof destac\u00f3 dos nuevas inversiones para la Provincia de Buenos Aires, pero apunt\u00f3 con dureza contra el gobierno de Javier Milei, culp\u00e1ndolo de la crisis tur\u00edstica, la ca\u00edda del consumo y la paralizaci\u00f3n de sectores productivos. El ajuste econ\u00f3mico y la destrucci\u00f3n del Estado, en el centro de la cr\u00edtica.  <\/em><\/h2>\n\n\n\n<p><em>Desde Pehu\u00e9n-C\u00f3, Axel Kicillof destac\u00f3 dos nuevas inversiones para la Provincia de Buenos Aires, pero apunt\u00f3 con dureza contra el gobierno de Javier Milei, culp\u00e1ndolo de la crisis tur\u00edstica, la ca\u00edda del consumo y la paralizaci\u00f3n de sectores productivos. El ajuste econ\u00f3mico y la destrucci\u00f3n del Estado, en el centro de la cr\u00edtica.  <br><\/em><br>El gobernador de la Provincia de Buenos Aires, Axel Kicillof, tom\u00f3 el escenario de la Segunda Conferencia de Verano en Pehu\u00e9n-C\u00f3 no solo para anunciar inversiones clave para la regi\u00f3n, sino tambi\u00e9n para disparar munici\u00f3n gruesa contra el modelo econ\u00f3mico de Javier Milei, al que calific\u00f3 como \u00abun espanto\u00bb. En un pa\u00eds que busca recuperarse de profundas crisis, las pol\u00edticas libertarias del gobierno nacional no solo no aportan soluciones, sino que agravan la situaci\u00f3n de los sectores m\u00e1s vulnerables, dejando a la industria, el turismo y el empleo al borde del colapso.  <br><br>Kicillof anunci\u00f3 que en breve comenzar\u00e1n dos inversiones de m\u00e1s de 100 millones de d\u00f3lares cada una en el Puerto de Rosales, gracias a un acuerdo con la empresa Oiltanking. \u00abEsto no solo va a fortalecer el desarrollo portuario, sino tambi\u00e9n generar empleo para los bonaerenses\u00bb, sostuvo el mandatario, destacando el rol del Estado provincial como motor de desarrollo. Sin embargo, este anuncio positivo no pudo ocultar el sombr\u00edo panorama nacional: una temporada tur\u00edstica devastada, ajustes presupuestarios y un modelo que privilegia la especulaci\u00f3n financiera por encima del desarrollo productivo.  <br><br>La cr\u00edtica m\u00e1s feroz lleg\u00f3 al abordar la crisis tur\u00edstica que enfrenta el pa\u00eds. Seg\u00fan los datos oficiales presentados por el ministro de Producci\u00f3n bonaerense, Augusto Costa, la actual temporada es un 25% peor que la anterior. Desde el 1\u00ba de diciembre, la provincia recibi\u00f3 un 6,3% menos de turistas, mientras que el consumo en los destinos tur\u00edsticos cay\u00f3 un 28%, seg\u00fan transacciones del Banco Provincia. La ocupaci\u00f3n hotelera promedio apenas alcanz\u00f3 el 77%, con estad\u00edas cada vez m\u00e1s cortas, limitadas a fines de semana largos.  <\/p>\n\n\n\n<p><\/p>\n\n\n\n<div class=\"wp-block-jetpack-related-posts\">\n<h3 class=\"wp-block-heading\">Te puede interesar<\/h3>\n<\/div>\n\n\n\n<p><br><br>\u00abEsto no es casualidad\u00bb, sentenci\u00f3 Kicillof. \u00abEstamos viviendo una ca\u00edda monumental del consumo y un \u00e9xodo de turistas hacia el exterior, resultado directo de la falta de pol\u00edticas p\u00fablicas que fomenten el turismo nacional\u00bb. Adem\u00e1s, critic\u00f3 el ajuste fiscal de Milei, que ha reducido los fondos para obras de infraestructura y promoci\u00f3n tur\u00edstica, elementos esenciales para atraer visitantes y dinamizar la econom\u00eda local.  <br><br>El gobernador no dej\u00f3 pasar la oportunidad para contraponer el rol del Estado provincial con el abandono del gobierno nacional. \u00abSin rutas, sin energ\u00eda, sin conectividad, no hay turismo\u00bb, afirm\u00f3. En un mensaje cargado de iron\u00eda, se\u00f1al\u00f3 que mientras Milei promueve un discurso de \u00abhacer grande a Argentina\u00bb, sus pol\u00edticas est\u00e1n llevando al pa\u00eds hacia un retroceso econ\u00f3mico y social sin precedentes.  <br><br>El ajuste fiscal, una de las banderas de la administraci\u00f3n de Milei, tambi\u00e9n fue blanco de duras cr\u00edticas. Kicillof denunci\u00f3 que las pol\u00edticas libertarias est\u00e1n dise\u00f1adas para beneficiar exclusivamente al sector financiero, mientras perjudican a las grandes mayor\u00edas. \u00abEl ajuste fue para los jubilados, los trabajadores y la obra p\u00fablica, pero no para los sectores vinculados a la timba financiera\u00bb, acus\u00f3.  <br><br>El caso de la disputa por la planta de licuefacci\u00f3n de gas, un proyecto de 2.900 millones de d\u00f3lares que finalmente se instal\u00f3 en R\u00edo Negro, es otro ejemplo de c\u00f3mo las pol\u00edticas del gobierno nacional han perjudicado a la Provincia de Buenos Aires. Seg\u00fan Kicillof, el gobierno de Milei utiliz\u00f3 la reglamentaci\u00f3n del R\u00e9gimen de Incentivo para Grandes Inversiones (RIGI) para presionar a las provincias, en lugar de fomentar un desarrollo equitativo y federal.  <br><br>El mandatario bonaerense tambi\u00e9n hizo referencia al impacto social y cultural de las pol\u00edticas de Milei, criticando su ret\u00f3rica divisiva y sus constantes ataques al rol del Estado. En este contexto, confirm\u00f3 su participaci\u00f3n en la Marcha Federal del Orgullo Antifascista y Antirracista, reafirmando su compromiso con la defensa de los derechos humanos y la igualdad social.  <br><br>Mientras la Provincia de Buenos Aires busca avanzar con inversiones y medidas que promuevan el desarrollo, el contraste con el modelo libertario de Milei se hace cada vez m\u00e1s evidente. \u00abEsto no es solo una diferencia de modelos econ\u00f3micos\u00bb, concluy\u00f3 Kicillof. \u00abEs una batalla por el futuro de Argentina, entre quienes creemos en la construcci\u00f3n colectiva y quienes apuestan por la destrucci\u00f3n del Estado\u00bb.  <br><br>Con un turismo en ca\u00edda libre, una econom\u00eda paralizada y un ajuste que golpea a los sectores m\u00e1s vulnerables, el modelo de Javier Milei enfrenta un creciente rechazo. La promesa de un \u00abcambio\u00bb se desmorona ante la cruda realidad: lejos de solucionar los problemas estructurales del pa\u00eds, sus pol\u00edticas los est\u00e1n profundizando.<br><br><br>Fuentes:<br><br>https:\/\/www.tiempoar.com.ar\/ta_article\/kicillof-culpo-a-milei-por-la-caida-del-turismo-la-temporada-es-25-peor-que-la-anterior\/<br><br>https:\/\/elintransigente.com\/2025\/01\/axel-kicillof-anuncio-dos-inversiones-millonarias-para-la-provincia-de-buenos-aires-y-cargo-contra-javier-milei\/<\/p>\n\n\n","protected":false},"excerpt":{"rendered":"<p>Axel Kicillof critica las pol\u00edticas de ajuste de Javier Milei, culp\u00e1ndolo de una temporada tur\u00edstica desastrosa y recorte de inversiones estrat\u00e9gicas. Denuncia la falta de apoyo al turismo y la producci\u00f3n nacional como pilares para el desarrollo. Sin Estado presente, los sectores productivos y laborales se ven gravemente afectados.<\/p>\n","protected":false},"author":1,"featured_media":403,"comment_status":"open","ping_status":"open","sticky":false,"template":"","format":"standard","meta":{"_monsterinsights_skip_tracking":false,"_monsterinsights_sitenote_active":false,"_monsterinsights_sitenote_note":"","_monsterinsights_sitenote_category":0,"footnotes":"","jetpack_publicize_message":"\ud83c\udf0a Axel Kicillof apunta contra las pol\u00edticas de Javier Milei, culp\u00e1ndolo por una temporada tur\u00edstica \ud83d\udc94 un 25% peor y la ca\u00edda de inversiones clave. \"Sin Estado no hay desarrollo\", afirm\u00f3. Turismo, industria y empleo, los grandes perjudicados del ajuste","jetpack_publicize_feature_enabled":true,"jetpack_social_post_already_shared":false,"jetpack_social_options":{"image_generator_settings":{"template":"highway","enabled":false},"version":2}},"categories":[3,2],"tags":[58,43,15,100,104],"class_list":["post-385","post","type-post","status-publish","format-standard","has-post-thumbnail","hentry","category-economia","category-politica","tag-ajuste","tag-crisis","tag-economia","tag-inversiones","tag-kicillof"],"jetpack_publicize_connections":[],"_links":{"self":[{"href":"https:\/\/www.enorsai.com\/noticias\/wp-json\/wp\/v2\/posts\/385","targetHints":{"allow":["GET"]}}],"collection":[{"href":"https:\/\/www.enorsai.com\/noticias\/wp-json\/wp\/v2\/posts"}],"about":[{"href":"https:\/\/www.enorsai.com\/noticias\/wp-json\/wp\/v2\/types\/post"}],"author":[{"embeddable":true,"href":"https:\/\/www.enorsai.com\/noticias\/wp-json\/wp\/v2\/users\/1"}],"replies":[{"embeddable":true,"href":"https:\/\/www.enorsai.com\/noticias\/wp-json\/wp\/v2\/comments?post=385"}],"version-history":[{"count":3,"href":"https:\/\/www.enorsai.com\/noticias\/wp-json\/wp\/v2\/posts\/385\/revisions"}],"predecessor-version":[{"id":412,"href":"https:\/\/www.enorsai.com\/noticias\/wp-json\/wp\/v2\/posts\/385\/revisions\/412"}],"wp:featuredmedia":[{"embeddable":true,"href":"https:\/\/www.enorsai.com\/noticias\/wp-json\/wp\/v2\/media\/403"}],"wp:attachment":[{"href":"https:\/\/www.enorsai.com\/noticias\/wp-json\/wp\/v2\/media?parent=385"}],"wp:term":[{"taxonomy":"category","embeddable":true,"href":"https:\/\/www.enorsai.com\/noticias\/wp-json\/wp\/v2\/categories?post=385"},{"taxonomy":"post_tag","embeddable":true,"href":"https:\/\/www.enorsai.com\/noticias\/wp-json\/wp\/v2\/tags?post=385"}],"curies":[{"name":"wp","href":"https:\/\/api.w.org\/{rel}","templated":true}]}}