{"id":3838,"date":"2025-05-02T13:17:54","date_gmt":"2025-05-02T16:17:54","guid":{"rendered":"https:\/\/www.enorsai.com\/noticias\/economia\/desde-el-gobierno-de-cfk-hasta-el-de-milei-la-caida-del-salario-minimo-fue-del-58-en-dolares\/"},"modified":"2025-05-02T13:54:35","modified_gmt":"2025-05-02T16:54:35","slug":"desde-el-gobierno-de-cfk-hasta-el-de-milei-la-caida-del-salario-minimo-fue-del-58-en-dolares","status":"publish","type":"post","link":"https:\/\/www.enorsai.com\/noticias\/economia\/desde-el-gobierno-de-cfk-hasta-el-de-milei-la-caida-del-salario-minimo-fue-del-58-en-dolares\/","title":{"rendered":"Desde el gobierno de CFK hasta el de Milei, la ca\u00edda del salario m\u00ednimo fue del 58% en d\u00f3lares"},"content":{"rendered":"\n<p>Mientras pa\u00edses como Chile y Uruguay consolidan salarios m\u00ednimos superiores a los 500 d\u00f3lares, Argentina se hunde en el ranking regional, apenas superando a Venezuela. <br \/><br \/>(Por Walter Onorato) La evoluci\u00f3n del salario m\u00ednimo en Sudam\u00e9rica entre 2002, 2015 y 2025 revela una tendencia preocupante para Argentina.&nbsp; Las pol\u00edticas econ\u00f3micas actuales han llevado a una depreciaci\u00f3n significativa del ingreso m\u00ednimo, situando al pa\u00eds en una posici\u00f3n alarmante dentro del continente. <br \/><br \/>En el a\u00f1o 2002, Argentina enfrentaba una de las peores crisis econ\u00f3micas de su historia.&nbsp; Sin embargo, con el tiempo, logr\u00f3 una recuperaci\u00f3n que se reflej\u00f3 en el incremento del salario m\u00ednimo.&nbsp; Para 2015, el pa\u00eds ostentaba uno de los salarios m\u00ednimos m\u00e1s altos de Sudam\u00e9rica, superando los 500 d\u00f3lares mensuales.&nbsp; Este avance fue resultado de pol\u00edticas orientadas a la mejora del poder adquisitivo y la protecci\u00f3n del trabajador. <br \/><\/p>\n\n\n\n<p>Durante el \u00faltimo a\u00f1o completo del segundo mandato de Cristina Fern\u00e1ndez de Kirchner (2015), el salario m\u00ednimo en Argentina se ubicaba en $5.588 pesos argentinos, lo que al tipo de cambio oficial de entonces (aproximadamente 9,4 pesos por d\u00f3lar) equival\u00eda a unos 595 d\u00f3lares mensuales.<br><br>No obstante, en 2025, la realidad es diametralmente opuesta.\u00a0 El salario m\u00ednimo en Argentina se sit\u00faa en aproximadamente 247 d\u00f3lares, seg\u00fan datos de enero de 2025\u00a0 . Esta cifra coloca al pa\u00eds solo por encima de Venezuela, donde el salario m\u00ednimo es de 2,36 d\u00f3lares.<\/p>\n\n\n\n<p><br><br>En contraste, Chile y Uruguay han mostrado una tendencia ascendente en sus salarios m\u00ednimos.\u00a0 Chile alcanz\u00f3 los 500.000 pesos chilenos (aproximadamente 504 d\u00f3lares) en julio de 2024, con proyecciones de incremento basadas en el \u00cdndice de Precios al Consumidor\u00a0 . Uruguay, por su parte, estableci\u00f3 un salario m\u00ednimo de 22.751 pesos uruguayos (alrededor de 583 d\u00f3lares) en 2024\u00a0 .<br><br>Brasil tambi\u00e9n ha mostrado avances, con un aumento del 7,5% en el salario m\u00ednimo, alcanzando los 1.518 reales (aproximadamente 245,7 d\u00f3lares) en enero de 2025\u00a0 . Aunque esta cifra es similar a la de Argentina, es importante destacar que Brasil ha implementado pol\u00edticas de ajuste fiscal que han permitido este incremento sin comprometer la estabilidad econ\u00f3mica. <br><br>La situaci\u00f3n en Argentina es el resultado de pol\u00edticas econ\u00f3micas que han priorizado el ajuste fiscal y la liberalizaci\u00f3n del mercado en detrimento del poder adquisitivo de los trabajadores.\u00a0 La falta de mecanismos de protecci\u00f3n frente a la inflaci\u00f3n y la devaluaci\u00f3n ha erosionado el salario m\u00ednimo, afectando directamente a los sectores m\u00e1s vulnerables de la sociedad.<\/p>\n\n\n\n<figure class=\"wp-block-embed is-type-rich is-provider-twitter wp-block-embed-twitter\"><div class=\"wp-block-embed__wrapper\">\n<blockquote class=\"twitter-tweet\" data-width=\"550\" data-dnt=\"true\"><p lang=\"es\" dir=\"ltr\">Salario m\u00ednimo de los trabajadores en cada pa\u00eds de Sudam\u00e9rica medido en d\u00f3lares.<br>Evoluci\u00f3n 2002-2015-2025<br>(Datos oficiales) <a href=\"https:\/\/t.co\/f9lGeaYLz5\">pic.twitter.com\/f9lGeaYLz5<\/a><\/p>&mdash; El Profe Romero (@romerodiario) <a href=\"https:\/\/twitter.com\/romerodiario\/status\/1918282671324582166?ref_src=twsrc%5Etfw\">May 2, 2025<\/a><\/blockquote><script async src=\"https:\/\/platform.twitter.com\/widgets.js\" charset=\"utf-8\"><\/script>\n<\/div><\/figure>\n\n\n\n<p>El desplome refleja la p\u00e9rdida brutal del poder adquisitivo del salario m\u00ednimo bajo los gobiernos que sucedieron a Cristina Kirchner \u2014especialmente durante los mandatos de Mauricio Macri y Javier Milei\u2014 debido a la combinaci\u00f3n de devaluaci\u00f3n monetaria, inflaci\u00f3n sin control y la ausencia de pol\u00edticas de protecci\u00f3n al ingreso real de los trabajadores.<br \/><br \/>Es imperativo que el gobierno argentino reeval\u00fae sus pol\u00edticas econ\u00f3micas y considere medidas que protejan y fortalezcan el salario m\u00ednimo.&nbsp; La comparaci\u00f3n con otros pa\u00edses sudamericanos demuestra que es posible implementar estrategias que equilibren el crecimiento econ\u00f3mico con la justicia social. <br \/><br \/>El salario m\u00ednimo en Sudam\u00e9rica act\u00faa como un espejo que refleja las decisiones pol\u00edticas y econ\u00f3micas de cada pa\u00eds.&nbsp; Argentina, que alguna vez lider\u00f3 en este aspecto, ahora enfrenta el desaf\u00edo de revertir una tendencia descendente que amenaza con profundizar las desigualdades y debilitar el tejido social. <\/p>\n\n\n\n<p><\/p>\n","protected":false},"excerpt":{"rendered":"<p>Mientras pa\u00edses como Chile y Uruguay consolidan salarios m\u00ednimos superiores a los 500 d\u00f3lares, Argentina se hunde en el ranking regional, apenas superando a Venezuela. (Por Walter Onorato) La evoluci\u00f3n del salario m\u00ednimo en Sudam\u00e9rica entre 2002, 2015 y 2025 revela una tendencia preocupante para Argentina.&nbsp; Las pol\u00edticas econ\u00f3micas actuales han llevado a una depreciaci\u00f3n&#8230;<\/p>\n","protected":false},"author":2,"featured_media":3837,"comment_status":"open","ping_status":"open","sticky":false,"template":"","format":"standard","meta":{"_monsterinsights_skip_tracking":false,"_monsterinsights_sitenote_active":false,"_monsterinsights_sitenote_note":"","_monsterinsights_sitenote_category":0,"footnotes":"","jetpack_publicize_message":"","jetpack_publicize_feature_enabled":true,"jetpack_social_post_already_shared":true,"jetpack_social_options":{"image_generator_settings":{"template":"highway","default_image_id":0,"font":"","enabled":false},"version":2}},"categories":[3],"tags":[88,523,45],"class_list":["post-3838","post","type-post","status-publish","format-standard","has-post-thumbnail","hentry","category-economia","tag-cfk","tag-cristina-fernandez-de-kirchner","tag-milei"],"jetpack_publicize_connections":[],"_links":{"self":[{"href":"https:\/\/www.enorsai.com\/noticias\/wp-json\/wp\/v2\/posts\/3838","targetHints":{"allow":["GET"]}}],"collection":[{"href":"https:\/\/www.enorsai.com\/noticias\/wp-json\/wp\/v2\/posts"}],"about":[{"href":"https:\/\/www.enorsai.com\/noticias\/wp-json\/wp\/v2\/types\/post"}],"author":[{"embeddable":true,"href":"https:\/\/www.enorsai.com\/noticias\/wp-json\/wp\/v2\/users\/2"}],"replies":[{"embeddable":true,"href":"https:\/\/www.enorsai.com\/noticias\/wp-json\/wp\/v2\/comments?post=3838"}],"version-history":[{"count":1,"href":"https:\/\/www.enorsai.com\/noticias\/wp-json\/wp\/v2\/posts\/3838\/revisions"}],"predecessor-version":[{"id":3839,"href":"https:\/\/www.enorsai.com\/noticias\/wp-json\/wp\/v2\/posts\/3838\/revisions\/3839"}],"wp:featuredmedia":[{"embeddable":true,"href":"https:\/\/www.enorsai.com\/noticias\/wp-json\/wp\/v2\/media\/3837"}],"wp:attachment":[{"href":"https:\/\/www.enorsai.com\/noticias\/wp-json\/wp\/v2\/media?parent=3838"}],"wp:term":[{"taxonomy":"category","embeddable":true,"href":"https:\/\/www.enorsai.com\/noticias\/wp-json\/wp\/v2\/categories?post=3838"},{"taxonomy":"post_tag","embeddable":true,"href":"https:\/\/www.enorsai.com\/noticias\/wp-json\/wp\/v2\/tags?post=3838"}],"curies":[{"name":"wp","href":"https:\/\/api.w.org\/{rel}","templated":true}]}}