{"id":3832,"date":"2025-05-01T19:41:23","date_gmt":"2025-05-01T22:41:23","guid":{"rendered":"https:\/\/www.enorsai.com\/noticias\/?p=3832"},"modified":"2025-05-01T19:41:23","modified_gmt":"2025-05-01T22:41:23","slug":"una-de-las-principales-empresas-energeticas-entrara-en-default-y-expone-la-fragilidad-del-modelo-libertario","status":"publish","type":"post","link":"https:\/\/www.enorsai.com\/noticias\/economia\/una-de-las-principales-empresas-energeticas-entrara-en-default-y-expone-la-fragilidad-del-modelo-libertario\/","title":{"rendered":"Una de las principales empresas energ\u00e9ticas entrar\u00e1 en default y expone la fragilidad del modelo libertario"},"content":{"rendered":"\n<p><strong><em>La crisis financiera del Grupo Albanesi no solo sacude al sector energ\u00e9tico, sino que tambi\u00e9n pone en evidencia las inconsistencias del gobierno de Javier Milei en materia de inversi\u00f3n p\u00fablica y gesti\u00f3n de los fondos de la ANSES.<\/em><\/strong><\/p>\n\n\n\n<p>El default t\u00e9cnico del Grupo Albanesi, uno de los principales generadores de energ\u00eda del pa\u00eds, no es un hecho aislado. Es el s\u00edntoma de un modelo econ\u00f3mico que privilegia la especulaci\u00f3n financiera sobre la inversi\u00f3n productiva y que, en su af\u00e1n por reducir el Estado, deja expuestos a los jubilados y a los sectores m\u00e1s vulnerables.<\/p>\n\n\n\n<p>El Grupo Albanesi, responsable de aproximadamente el 10% de la generaci\u00f3n t\u00e9rmica en Argentina, enfrenta una crisis financiera sin precedentes. A pesar de haber emitido un bono por US$ 350 millones en octubre de 2024 para financiar su ambicioso plan de inversiones, la empresa no logr\u00f3 sostener su estructura de deuda. La detenci\u00f3n de su presidente, Armando Los\u00f3n, en el marco de la causa de los cuadernos, agrav\u00f3 la situaci\u00f3n, cerrando las puertas al financiamiento y dejando a la compa\u00f1\u00eda al borde del colapso .<\/p>\n\n\n\n<p>En un intento desesperado por evitar el default, Albanesi obtuvo un pr\u00e9stamo sindicado de hasta US$ 80 millones en enero de 2025, con la participaci\u00f3n de varios bancos locales . Sin embargo, esta inyecci\u00f3n de capital no fue suficiente para revertir la tendencia negativa. La empresa, que hab\u00eda logrado una adhesi\u00f3n del 81% en el canje de obligaciones negociables locales en agosto de 2024, no pudo sostener la confianza de los inversores .<\/p>\n\n\n\n<p>El impacto de esta crisis no se limita al sector energ\u00e9tico. La ANSES, que hab\u00eda invertido en bonos de Albanesi, enfrenta ahora p\u00e9rdidas significativas. En un contexto donde el gobierno de Javier Milei impulsa una reforma previsional que recorta beneficios y aumenta la edad jubilatoria, la exposici\u00f3n de los fondos de la seguridad social a inversiones de alto riesgo resulta, como m\u00ednimo, irresponsable.<\/p>\n\n\n\n<p>Desde las redes sociales no tardaron en reaccionar los usuarios cuestionando la falta de control estatal y la exposici\u00f3n de los fondos p\u00fablicos a empresas privadas con antecedentes judiciales. \u00ab\u00bfD\u00f3nde est\u00e1 el Estado cuando se trata de proteger nuestros ahorros?\u00bb, preguntaba un usuario en X (antes Twitter).<\/p>\n\n\n\n<p>El caso Albanesi pone en evidencia las falencias de un modelo que prioriza la desregulaci\u00f3n y la confianza ciega en el mercado. La falta de controles, la exposici\u00f3n de los fondos p\u00fablicos a inversiones riesgosas y la ausencia de una pol\u00edtica energ\u00e9tica coherente son s\u00edntomas de un gobierno que, en su af\u00e1n por reducir el Estado, termina desprotegiendo a los ciudadanos.<\/p>\n\n\n\n<p>La crisis de Albanesi no es solo un problema empresarial. Es un llamado de atenci\u00f3n sobre las consecuencias de un modelo econ\u00f3mico que, en lugar de fortalecer al Estado y proteger a los m\u00e1s vulnerables, los expone a los vaivenes del mercado y a las decisiones de empresarios con antecedentes cuestionables.<\/p>\n\n\n\n<p>Fuentes:<\/p>\n\n\n\n<ul class=\"wp-block-list\">\n<li><a href=\"https:\/\/www.infobae.com\/economia\/networking\/2023\/06\/01\/grupo-albanesi-subio-su-calificacion-financiera\/?utm_source=chatgpt.com\">https:\/\/www.infobae.com\/economia\/networking\/2023\/06\/01\/grupo-albanesi-subio-su-calificacion-financiera\/<\/a><\/li>\n\n\n\n<li><a href=\"https:\/\/www.lapoliticaonline.com\/nota\/114447-albanesi-enfrenta-un-duro-cerrojo-financiero-por-la-causa-de-los-cuadernos\/?utm_source=chatgpt.com\">https:\/\/www.lapoliticaonline.com\/nota\/114447-albanesi-enfrenta-un-duro-cerrojo-financiero-por-la-causa-de-los-cuadernos\/<\/a><\/li>\n\n\n\n<li><a href=\"https:\/\/www.ambito.com\/energia\/grupo-albanesi-alcanzo-81-adhesion-al-canje-obligaciones-negociables-locales-n6054127?utm_source=chatgpt.com\">https:\/\/www.ambito.com\/energia\/grupo-albanesi-alcanzo-81-adhesion-al-canje-obligaciones-negociables-locales-n6054127<\/a><\/li>\n\n\n\n<li><\/li>\n<\/ul>\n","protected":false},"excerpt":{"rendered":"<p>El default del Grupo Albanesi, uno de los principales generadores energ\u00e9ticos del pa\u00eds, evidencia el colapso del modelo econ\u00f3mico de Javier Milei. La ANSES, con fondos p\u00fablicos comprometidos en esta empresa, tambi\u00e9n recibe el impacto. Un nuevo cap\u00edtulo de desregulaci\u00f3n y especulaci\u00f3n que castiga a los sectores m\u00e1s vulnerables.<\/p>\n","protected":false},"author":12,"featured_media":3833,"comment_status":"open","ping_status":"open","sticky":false,"template":"","format":"standard","meta":{"_monsterinsights_skip_tracking":false,"_monsterinsights_sitenote_active":false,"_monsterinsights_sitenote_note":"","_monsterinsights_sitenote_category":0,"footnotes":"","jetpack_publicize_message":"\ud83d\udca3 El Grupo Albanesi entr\u00f3 en default y arrastr\u00f3 a la ANSES al abismo.\n\ud83d\uded1 Una vez m\u00e1s, Milei apuesta al \"mercado\" y pierden los jubilados.\n\ud83d\udcb8 Inversiones riesgosas, empresas sospechadas y fondos p\u00fablicos en juego.\n\ud83d\udcc9 \u00bfCu\u00e1ntos m\u00e1s van a caer con este modelo?","jetpack_publicize_feature_enabled":true,"jetpack_social_post_already_shared":false,"jetpack_social_options":{"image_generator_settings":{"template":"highway","enabled":false},"version":2}},"categories":[3],"tags":[58,1373,398,460,43,44,15,813,790,45],"class_list":["post-3832","post","type-post","status-publish","format-standard","has-post-thumbnail","hentry","category-economia","tag-ajuste","tag-albanesi","tag-anses","tag-bonos","tag-crisis","tag-default","tag-economia","tag-energia","tag-mercado","tag-milei"],"jetpack_publicize_connections":[],"_links":{"self":[{"href":"https:\/\/www.enorsai.com\/noticias\/wp-json\/wp\/v2\/posts\/3832","targetHints":{"allow":["GET"]}}],"collection":[{"href":"https:\/\/www.enorsai.com\/noticias\/wp-json\/wp\/v2\/posts"}],"about":[{"href":"https:\/\/www.enorsai.com\/noticias\/wp-json\/wp\/v2\/types\/post"}],"author":[{"embeddable":true,"href":"https:\/\/www.enorsai.com\/noticias\/wp-json\/wp\/v2\/users\/12"}],"replies":[{"embeddable":true,"href":"https:\/\/www.enorsai.com\/noticias\/wp-json\/wp\/v2\/comments?post=3832"}],"version-history":[{"count":1,"href":"https:\/\/www.enorsai.com\/noticias\/wp-json\/wp\/v2\/posts\/3832\/revisions"}],"predecessor-version":[{"id":3834,"href":"https:\/\/www.enorsai.com\/noticias\/wp-json\/wp\/v2\/posts\/3832\/revisions\/3834"}],"wp:featuredmedia":[{"embeddable":true,"href":"https:\/\/www.enorsai.com\/noticias\/wp-json\/wp\/v2\/media\/3833"}],"wp:attachment":[{"href":"https:\/\/www.enorsai.com\/noticias\/wp-json\/wp\/v2\/media?parent=3832"}],"wp:term":[{"taxonomy":"category","embeddable":true,"href":"https:\/\/www.enorsai.com\/noticias\/wp-json\/wp\/v2\/categories?post=3832"},{"taxonomy":"post_tag","embeddable":true,"href":"https:\/\/www.enorsai.com\/noticias\/wp-json\/wp\/v2\/tags?post=3832"}],"curies":[{"name":"wp","href":"https:\/\/api.w.org\/{rel}","templated":true}]}}