{"id":3828,"date":"2025-05-01T16:26:20","date_gmt":"2025-05-01T19:26:20","guid":{"rendered":"https:\/\/www.enorsai.com\/noticias\/?p=3828"},"modified":"2025-05-01T16:29:50","modified_gmt":"2025-05-01T19:29:50","slug":"la-maquinaria-del-odio-del-pasado-nazi-al-presente-libertario","status":"publish","type":"post","link":"https:\/\/www.enorsai.com\/noticias\/opinion\/la-maquinaria-del-odio-del-pasado-nazi-al-presente-libertario\/","title":{"rendered":"La maquinaria del odio: Del pasado nazi al presente libertario"},"content":{"rendered":"\n<p>A Milei le molesta que comparen su experimento deshumanizante con la Alemania de Adolf Hitler. Muy bien, a partir de ahora lo llamar\u00e9 el no nazi de Milei. \u00c9l tiene a la SIDE, Hitler ten\u00eda a la Gestapo y a la SS. \u00c9l tiene a medios libertarios, Hitler hac\u00eda propaganda de odio.<\/p>\n\n\n\n<p>(Por Juan Alonso) El director del mayor tabloide nazi era un militar que promov\u00eda el odio contra las personas jud\u00edas. Vend\u00eda m\u00e1s de 600 mil ejemplares y en su contenido no faltaba la pornograf\u00eda expl\u00edcita. Entre sus mayores lectores y consumidores estaban los adolescentes y j\u00f3venes decepcionados por la alta inflaci\u00f3n de la Rep\u00fablica de Weimar.<\/p>\n\n\n\n<p>N\u00f3tese las semejanzas con el surgimiento de Javier Gerardo Milei tras la pandemia y la promoci\u00f3n que recibi\u00f3 como panelista a invitado hasta convertirse en presidente de la Argentina. Fue el ni\u00f1o mimado por los due\u00f1os de los medios de este pa\u00eds.<\/p>\n\n\n\n<p>Vayamos a 1933 en Alemania. El director del principal pasqu\u00edn nazi estaba dentro del esquema de propaganda de la Gestapo y la SS. Acusaba a los jud\u00edos de \u00abped\u00f3filos\u00bb, \u00abratas\u00bb, \u00abvioladores de inocentes muchachas arias\u00bb, \u00abpar\u00e1sitos\u00bb, \u00abvirus que hay extirpar de nuestra sociedad\u00bb.<\/p>\n\n\n\n<p>El redactor principal de este tabloide nazi era un escriba jud\u00edo que firmaba con pseud\u00f3nimo: estaba amenazado por el nazismo que le hab\u00eda armado seis causas para encarcelarlo y matarlo. As\u00ed que el redactor del tabloide nazi se convirti\u00f3 en esp\u00eda por un a\u00f1o y est\u00e1 en los archivos de la Inteligencia aliada y estadounidense.<\/p>\n\n\n\n<p>La deriva del director del tabloide culmin\u00f3 en N\u00faremberg -ciudad netamente nazi en los tiempos del horror con Hitler-.&nbsp; Despu\u00e9s de la Guerra fue juzgado y sentenciado a muerte luego de ser acusado con pruebas por cometer delitos contra la humanidad.<\/p>\n\n\n\n<p>Del redactor y esp\u00eda sabemos que intent\u00f3 sobrevivir a la matanza de los nazis escribiendo mentiras y las peores cosas contra su propia comunidad. As\u00ed funciona la condici\u00f3n humana en tiempos de horror. Sucedi\u00f3 en Argentina con la dictadura desde 1976 a 1983.<\/p>\n\n\n\n<p>Ahora bien, el no nazi de Milei fomenta la propaganda del odio contra sus adversarios pol\u00edticos y su gobierno est\u00e1 escalando en una campa\u00f1a contra el periodismo y los trabajadores de prensa.<\/p>\n\n\n\n<p>Santiago Caputo toma una foto con su celular de la credencial de un reportero gr\u00e1fico que lo retrat\u00f3.<\/p>\n\n\n\n<p>Pablo Grillo fue herido con una granada en su cabeza y sigue bajo tratamiento m\u00e9dico. El gendarme que le dispar\u00f3 est\u00e1 en libertad.<\/p>\n\n\n\n<p>La Gendarmer\u00eda Nacional es una fuerza federal a cargo del Poder Ejecutivo. La m\u00e1xima autoridad es Javier Gerardo Milei y la ministra Patricia Bullrich.<\/p>\n\n\n\n<p>La Marina realiz\u00f3 un ejercicio represivo en una base de Vicente L\u00f3pez.<\/p>\n\n\n\n<p>El periodista Roberto Navarro fue atacado a golpes por dos hombres que le gritaron \u00abmentiroso\u00bb justo despu\u00e9s de un publicaci\u00f3n de Milei que instaba a odiar m\u00e1s a los periodistas. Navarro estuvo tres d\u00edas internado. El hecho se produjo en el microcentro de Buenos Aires. Hay una causa judicial abierta.<\/p>\n\n\n\n<p>Ayer el no nazi de Milei volvi\u00f3 a lanzar un mensaje de odio contra los trabajadores de prensa y amenaz\u00f3 con iniciar causas judiciales. Primero deber\u00eda explicar por qu\u00e9 promovi\u00f3 la estafa global con $Libra y endeud\u00f3 a la Argentina en 44 mil millones de d\u00f3lares con el FMI, el BID, y el Banco Mundial despu\u00e9s de asumir el gobierno hace un a\u00f1o y medio.<\/p>\n\n\n\n<p>No hay nada que festejar este 1\/5. <br \/>Los trabajadores no participamos de la riqueza y tenemos los salarios devaluados en pesos depreciados por culpa de Milei. Los jubilados no pueden alimentarse ni comprar medicamentos. La canasta b\u00e1sica en la Ciudad de Buenos Aires hace rato que se acerca a 1.500.000 pesos para no ser pobre. <br \/>Toda del no nazi de Milei.<\/p>\n\n\n\n<p>Fuente:<\/p>\n\n\n\n<ul class=\"wp-block-list\">\n<li>https:\/\/x.com\/jotaalonso\/status\/1917997503154151563?t=24uC8fCPii7fo402AOd82w&amp;s=19<\/li>\n<\/ul>\n","protected":false},"excerpt":{"rendered":"<p>A Milei le molesta que comparen su experimento deshumanizante con la Alemania de Adolf Hitler. Muy bien, a partir de ahora lo llamar\u00e9 el no nazi de Milei. \u00c9l tiene a la SIDE, Hitler ten\u00eda a la Gestapo y a la SS. \u00c9l tiene a medios libertarios, Hitler hac\u00eda propaganda de odio. (Por Juan Alonso)&#8230;<\/p>\n","protected":false},"author":1,"featured_media":3830,"comment_status":"open","ping_status":"open","sticky":false,"template":"","format":"standard","meta":{"_monsterinsights_skip_tracking":false,"_monsterinsights_sitenote_active":false,"_monsterinsights_sitenote_note":"","_monsterinsights_sitenote_category":0,"footnotes":"","jetpack_publicize_message":"","jetpack_publicize_feature_enabled":true,"jetpack_social_post_already_shared":true,"jetpack_social_options":{"image_generator_settings":{"template":"highway","default_image_id":0,"font":"","enabled":false},"version":2}},"categories":[17],"tags":[],"class_list":["post-3828","post","type-post","status-publish","format-standard","has-post-thumbnail","hentry","category-opinion"],"jetpack_publicize_connections":[],"_links":{"self":[{"href":"https:\/\/www.enorsai.com\/noticias\/wp-json\/wp\/v2\/posts\/3828","targetHints":{"allow":["GET"]}}],"collection":[{"href":"https:\/\/www.enorsai.com\/noticias\/wp-json\/wp\/v2\/posts"}],"about":[{"href":"https:\/\/www.enorsai.com\/noticias\/wp-json\/wp\/v2\/types\/post"}],"author":[{"embeddable":true,"href":"https:\/\/www.enorsai.com\/noticias\/wp-json\/wp\/v2\/users\/1"}],"replies":[{"embeddable":true,"href":"https:\/\/www.enorsai.com\/noticias\/wp-json\/wp\/v2\/comments?post=3828"}],"version-history":[{"count":2,"href":"https:\/\/www.enorsai.com\/noticias\/wp-json\/wp\/v2\/posts\/3828\/revisions"}],"predecessor-version":[{"id":3831,"href":"https:\/\/www.enorsai.com\/noticias\/wp-json\/wp\/v2\/posts\/3828\/revisions\/3831"}],"wp:featuredmedia":[{"embeddable":true,"href":"https:\/\/www.enorsai.com\/noticias\/wp-json\/wp\/v2\/media\/3830"}],"wp:attachment":[{"href":"https:\/\/www.enorsai.com\/noticias\/wp-json\/wp\/v2\/media?parent=3828"}],"wp:term":[{"taxonomy":"category","embeddable":true,"href":"https:\/\/www.enorsai.com\/noticias\/wp-json\/wp\/v2\/categories?post=3828"},{"taxonomy":"post_tag","embeddable":true,"href":"https:\/\/www.enorsai.com\/noticias\/wp-json\/wp\/v2\/tags?post=3828"}],"curies":[{"name":"wp","href":"https:\/\/api.w.org\/{rel}","templated":true}]}}