{"id":3822,"date":"2025-05-01T12:34:53","date_gmt":"2025-05-01T15:34:53","guid":{"rendered":"https:\/\/www.enorsai.com\/noticias\/?p=3822"},"modified":"2025-05-01T12:36:08","modified_gmt":"2025-05-01T15:36:08","slug":"campana-pidiendo-juicio-politico-al-presidente-por-multiples-violaciones-constitucionales","status":"publish","type":"post","link":"https:\/\/www.enorsai.com\/noticias\/politica\/campana-pidiendo-juicio-politico-al-presidente-por-multiples-violaciones-constitucionales\/","title":{"rendered":"Campa\u00f1a pidiendo Juicio pol\u00edtico al presidente por m\u00faltiples violaciones constitucionales"},"content":{"rendered":"\n<p><strong><em>\u00abGobierna fuera de la ley\u00bb. La exembajadora Alicia\u00a0 Castro, denuncia un \u00abgolpe de Estado institucional\u00bb y lidera junto a referentes sociales y jur\u00eddicos una campa\u00f1a para destituir al presidente por m\u00faltiples violaciones constitucionales<\/em><\/strong>. <br><br>Con m\u00e1s de ocho pedidos de juicio pol\u00edtico presentados, Alicia Castro encabeza una cruzada que acusa a Javier Milei de desmantelar el Estado, vulnerar derechos fundamentales y sumir al pa\u00eds en un \u00abgenocidio econ\u00f3mico\u00bb. <br><br>En un contexto de creciente descontento social y pol\u00edtico, la figura de Alicia Castro emerge como una de las voces m\u00e1s cr\u00edticas contra el gobierno de Javier Milei.\u00a0 La exembajadora argentina en Venezuela y el Reino Unido ha intensificado su campa\u00f1a para impulsar un juicio pol\u00edtico contra el presidente, argumentando que su gesti\u00f3n representa una amenaza directa a la democracia y al orden constitucional del pa\u00eds. <br><br>Castro ha calificado al gobierno de Milei como un \u00abgolpe de Estado institucional\u00bb, se\u00f1alando que el mandatario \u00abgobierna fuera de la ley\u00bb y act\u00faa con una violencia pol\u00edtica sin precedentes.\u00a0 Estas declaraciones se enmarcan en una serie de acciones legales y movilizaciones sociales que buscan destituir al presidente por diversas causales, entre ellas, el desmantelamiento de programas sociales, la privatizaci\u00f3n de bienes p\u00fablicos y la promoci\u00f3n de pol\u00edticas que, seg\u00fan Castro, constituyen un \u00abgenocidio econ\u00f3mico\u00bb\u00a0 .<br><br>La campa\u00f1a liderada por Castro cuenta con el respaldo de destacados juristas y figuras del \u00e1mbito pol\u00edtico y social, como el Premio Nobel de la Paz Adolfo P\u00e9rez Esquivel, el abogado constitucionalista Eduardo Barcesat y el dirigente Claudio Lozano.\u00a0 Estos actores han participado en actos p\u00fablicos y presentaciones legales que buscan activar los mecanismos institucionales para llevar a cabo el juicio pol\u00edtico\u00a0 .<br><br>Entre las acusaciones m\u00e1s graves se encuentra el denominado \u00abCriptogate\u00bb, un esc\u00e1ndalo que involucra al presidente en la promoci\u00f3n de una criptomoneda, $LIBRA, lo que ha sido interpretado como una maniobra financiera irregular.\u00a0 Castro ha comparado a Milei con el mafioso Al Capone, sugiriendo que, al igual que el criminal estadounidense, el presidente podr\u00eda enfrentar consecuencias legales por delitos financieros\u00a0 .<br><br>Adem\u00e1s, se han se\u00f1alado otras causales para el juicio pol\u00edtico, como el negacionismo de los cr\u00edmenes de lesa humanidad, el incumplimiento de deberes de funcionario p\u00fablico y la implementaci\u00f3n de pol\u00edticas que atentan contra la soberan\u00eda nacional, como la entrega de recursos estrat\u00e9gicos a intereses extranjeros\u00a0 .<br><br>La iniciativa ha logrado reunir m\u00e1s de 20 mil firmas de ciudadanos que apoyan el pedido de juicio pol\u00edtico, reflejando un creciente malestar en diversos sectores de la sociedad.\u00a0 Sin embargo, el oficialismo ha minimizado las acusaciones y ha negado cualquier irregularidad en la gesti\u00f3n del presidente. <br><br>En este clima de tensi\u00f3n pol\u00edtica, la campa\u00f1a liderada por Alicia Castro contin\u00faa ganando fuerza, planteando un desaf\u00edo significativo al gobierno de Javier Milei y poniendo en evidencia las profundas divisiones que atraviesan a la sociedad argentina en la actualidad.<\/p>\n\n\n\n<figure class=\"wp-block-embed is-type-rich is-provider-twitter wp-block-embed-twitter\"><div class=\"wp-block-embed__wrapper\">\n<blockquote class=\"twitter-tweet\" data-width=\"550\" data-dnt=\"true\"><p lang=\"es\" dir=\"ltr\">Pedir una junta psiqui\u00e1trica es buena idea <a href=\"https:\/\/twitter.com\/romerodiario?ref_src=twsrc%5Etfw\">@romerodiario<\/a> Pero la INSANIA- aunque parezca evidente- no es motivo de destituci\u00f3n. Los incumplimientos de funcionario p\u00fablico que de ella pueden derivar Si lo son. Hemos presentado ya ocho pedidos de <a href=\"https:\/\/twitter.com\/hashtag\/JuicioPoliticoAMilei?src=hash&amp;ref_src=twsrc%5Etfw\">#JuicioPoliticoAMilei<\/a> <a href=\"https:\/\/t.co\/6Vp73DG2Ru\">https:\/\/t.co\/6Vp73DG2Ru<\/a><\/p>&mdash; Alicia Castro (@AliciaCastroAR) <a href=\"https:\/\/twitter.com\/AliciaCastroAR\/status\/1917733884193542371?ref_src=twsrc%5Etfw\">May 1, 2025<\/a><\/blockquote><script async src=\"https:\/\/platform.twitter.com\/widgets.js\" charset=\"utf-8\"><\/script>\n<\/div><\/figure>\n","protected":false},"excerpt":{"rendered":"<p>\u00abGobierna fuera de la ley\u00bb. La exembajadora Alicia\u00a0 Castro, denuncia un \u00abgolpe de Estado institucional\u00bb y lidera junto a referentes sociales y jur\u00eddicos una campa\u00f1a para destituir al presidente por m\u00faltiples violaciones constitucionales. Con m\u00e1s de ocho pedidos de juicio pol\u00edtico presentados, Alicia Castro encabeza una cruzada que acusa a Javier Milei de desmantelar el&#8230;<\/p>\n","protected":false},"author":1,"featured_media":3823,"comment_status":"open","ping_status":"open","sticky":false,"template":"","format":"standard","meta":{"_monsterinsights_skip_tracking":false,"_monsterinsights_sitenote_active":false,"_monsterinsights_sitenote_note":"","_monsterinsights_sitenote_category":0,"footnotes":"","jetpack_publicize_message":"","jetpack_publicize_feature_enabled":true,"jetpack_social_post_already_shared":true,"jetpack_social_options":{"image_generator_settings":{"template":"highway","default_image_id":0,"font":"","enabled":false},"version":2}},"categories":[2],"tags":[1372,77,45],"class_list":["post-3822","post","type-post","status-publish","format-standard","has-post-thumbnail","hentry","category-politica","tag-alicia-castro","tag-juicio-politico","tag-milei"],"jetpack_publicize_connections":[],"_links":{"self":[{"href":"https:\/\/www.enorsai.com\/noticias\/wp-json\/wp\/v2\/posts\/3822","targetHints":{"allow":["GET"]}}],"collection":[{"href":"https:\/\/www.enorsai.com\/noticias\/wp-json\/wp\/v2\/posts"}],"about":[{"href":"https:\/\/www.enorsai.com\/noticias\/wp-json\/wp\/v2\/types\/post"}],"author":[{"embeddable":true,"href":"https:\/\/www.enorsai.com\/noticias\/wp-json\/wp\/v2\/users\/1"}],"replies":[{"embeddable":true,"href":"https:\/\/www.enorsai.com\/noticias\/wp-json\/wp\/v2\/comments?post=3822"}],"version-history":[{"count":2,"href":"https:\/\/www.enorsai.com\/noticias\/wp-json\/wp\/v2\/posts\/3822\/revisions"}],"predecessor-version":[{"id":3825,"href":"https:\/\/www.enorsai.com\/noticias\/wp-json\/wp\/v2\/posts\/3822\/revisions\/3825"}],"wp:featuredmedia":[{"embeddable":true,"href":"https:\/\/www.enorsai.com\/noticias\/wp-json\/wp\/v2\/media\/3823"}],"wp:attachment":[{"href":"https:\/\/www.enorsai.com\/noticias\/wp-json\/wp\/v2\/media?parent=3822"}],"wp:term":[{"taxonomy":"category","embeddable":true,"href":"https:\/\/www.enorsai.com\/noticias\/wp-json\/wp\/v2\/categories?post=3822"},{"taxonomy":"post_tag","embeddable":true,"href":"https:\/\/www.enorsai.com\/noticias\/wp-json\/wp\/v2\/tags?post=3822"}],"curies":[{"name":"wp","href":"https:\/\/api.w.org\/{rel}","templated":true}]}}